{"id":103671,"date":"2019-12-04T13:23:27","date_gmt":"2019-12-04T10:23:27","guid":{"rendered":"http:\/\/arantv.az\/?p=103671"},"modified":"2019-12-04T13:23:27","modified_gmt":"2019-12-04T10:23:27","slug":"konstitusiya-m%c9%99hk%c9%99m%c9%99si-parlamentin-buraxilmasinin-konstitusiyaya-uygunlugu-il%c9%99-bagli-q%c9%99rar-q%c9%99bul-edib-video","status":"publish","type":"post","link":"https:\/\/arantv.az\/?p=103671","title":{"rendered":"Konstitusiya M\u0259hk\u0259m\u0259si parlamentin burax\u0131lmas\u0131n\u0131n Konstitusiyaya uy\u011funlu\u011fu il\u0259 ba\u011fl\u0131 q\u0259rar q\u0259bul edib &#8211; V\u0130DEO"},"content":{"rendered":"<p>Konstitusiya M\u0259hk\u0259m\u0259si Plenumunun iclas\u0131 ke\u00e7irilib.<\/p>\n<p><b>ARANTV.AZ<\/b>-\u0131n m\u0259lumat\u0131na g\u00f6r\u0259, iclasda Az\u0259rbaycan Prezidentinin Milli M\u0259clisin burax\u0131lmas\u0131n\u0131n Konstitusiyaya uy\u011funlu\u011fu bar\u0259sind\u0259 sor\u011fusuna bax\u0131l\u0131b.<\/p>\n<p>\u0130clasda sor\u011fuya m\u00fcsb\u0259t r\u0259y verilib.<\/p>\n<p>Xat\u0131rladaq ki, noyabr\u0131n 28-d\u0259 Yeni Az\u0259rbaycan Partiyas\u0131ndan olan deputatlar Milli M\u0259clis\u0259 parlamentin burax\u0131lmas\u0131 v\u0259 n\u00f6vb\u0259d\u0259nk\u0259nar se\u00e7kil\u0259rin ke\u00e7irilm\u0259si haqq\u0131nda m\u00fcraci\u0259t \u00fcnvanlam\u0131\u015fd\u0131.<\/p>\n<p>Konstitusiyas\u0131n\u0131n 95-ci madd\u0259sinin III hiss\u0259sin\u0259 g\u00f6r\u0259, Milli M\u0259clisin bu c\u00fcr m\u0259s\u0259l\u0259l\u0259ri m\u00fczakir\u0259 edib q\u0259rar q\u0259bul etm\u0259k s\u0259lahiyy\u0259ti var.<\/p>\n<p>Dekabr\u0131n 2-d\u0259 Milli M\u0259clis m\u00fcraci\u0259ti m\u00fczakir\u0259y\u0259 \u00e7\u0131xar\u0131b v\u0259 \u201cAz\u0259rbaycan Respublikas\u0131n\u0131n Milli M\u0259clisin\u0259 n\u00f6vb\u0259d\u0259nk\u0259nar se\u00e7kil\u0259rin t\u0259yin edilm\u0259si haqq\u0131nda Az\u0259rbaycan Respublikas\u0131 Prezidentin\u0259 m\u00fcraci\u0259t edilm\u0259si bar\u0259d\u0259\u201d q\u0259rar q\u0259bul edib.Oxu.Az<\/p>\n<div><iframe loading=\"lazy\" src=\"https:\/\/www.facebook.com\/plugins\/video.php?href=https%3A%2F%2Fwww.facebook.com%2Frealtvxeber%2Fvideos%2F765013060992712%2F&amp;show_text=1&amp;width=560\" width=\"560\" height=\"457\" frameborder=\"0\" scrolling=\"no\" allowfullscreen=\"allowfullscreen\" data-mce-fragment=\"1\"><\/iframe><\/div>\n<p>&nbsp;<\/p>\n","protected":false},"excerpt":{"rendered":"<p>Konstitusiya M\u0259hk\u0259m\u0259si Plenumunun iclas\u0131 ke\u00e7irilib. ARANTV.AZ-\u0131n m\u0259lumat\u0131na g\u00f6r\u0259, iclasda Az\u0259rbaycan Prezidentinin Milli M\u0259clisin burax\u0131lmas\u0131n\u0131n Konstitusiyaya uy\u011funlu\u011fu bar\u0259sind\u0259 sor\u011fusuna bax\u0131l\u0131b. \u0130clasda sor\u011fuya m\u00fcsb\u0259t r\u0259y verilib. Xat\u0131rladaq ki, noyabr\u0131n 28-d\u0259 Yeni Az\u0259rbaycan Partiyas\u0131ndan olan deputatlar Milli M\u0259clis\u0259 parlamentin burax\u0131lmas\u0131 v\u0259 n\u00f6vb\u0259d\u0259nk\u0259nar se\u00e7kil\u0259rin ke\u00e7irilm\u0259si haqq\u0131nda m\u00fcraci\u0259t \u00fcnvanlam\u0131\u015fd\u0131. Konstitusiyas\u0131n\u0131n 95-ci madd\u0259sinin III hiss\u0259sin\u0259 g\u00f6r\u0259, Milli M\u0259clisin bu c\u00fcr m\u0259s\u0259l\u0259l\u0259ri m\u00fczakir\u0259 edib q\u0259rar q\u0259bul etm\u0259k s\u0259lahiyy\u0259ti var. Dekabr\u0131n 2-d\u0259 Milli M\u0259clis m\u00fcraci\u0259ti m\u00fczakir\u0259y\u0259 \u00e7\u0131xar\u0131b v\u0259 \u201cAz\u0259rbaycan Respublikas\u0131n\u0131n Milli M\u0259clisin\u0259 n\u00f6vb\u0259d\u0259nk\u0259nar se\u00e7kil\u0259rin t\u0259yin edilm\u0259si haqq\u0131nda Az\u0259rbaycan Respublikas\u0131 Prezidentin\u0259 m\u00fcraci\u0259t edilm\u0259si bar\u0259d\u0259\u201d q\u0259rar q\u0259bul edib.Oxu.Az &nbsp;<\/p>\n","protected":false},"author":2,"featured_media":103672,"comment_status":"closed","ping_status":"closed","sticky":false,"template":"","format":"standard","meta":{"om_disable_all_campaigns":false,"_monsterinsights_skip_tracking":false,"_monsterinsights_sitenote_active":false,"_monsterinsights_sitenote_note":"","_monsterinsights_sitenote_category":0},"categories":[4],"tags":[],"aioseo_notices":[],"gutentor_comment":0,"rttpg_featured_image_url":{"full":["https:\/\/arantv.az\/wp-content\/uploads\/2019\/12\/78490514_2417264068538661_5971861384651079680_n.jpg",620,414,false],"landscape":["https:\/\/arantv.az\/wp-content\/uploads\/2019\/12\/78490514_2417264068538661_5971861384651079680_n.jpg",620,414,false],"portraits":["https:\/\/arantv.az\/wp-content\/uploads\/2019\/12\/78490514_2417264068538661_5971861384651079680_n.jpg",620,414,false],"thumbnail":["https:\/\/arantv.az\/wp-content\/uploads\/2019\/12\/78490514_2417264068538661_5971861384651079680_n-150x150.jpg",150,150,true],"medium":["https:\/\/arantv.az\/wp-content\/uploads\/2019\/12\/78490514_2417264068538661_5971861384651079680_n-300x200.jpg",300,200,true],"large":["https:\/\/arantv.az\/wp-content\/uploads\/2019\/12\/78490514_2417264068538661_5971861384651079680_n.jpg",620,414,false],"1536x1536":["https:\/\/arantv.az\/wp-content\/uploads\/2019\/12\/78490514_2417264068538661_5971861384651079680_n.jpg",620,414,false],"2048x2048":["https:\/\/arantv.az\/wp-content\/uploads\/2019\/12\/78490514_2417264068538661_5971861384651079680_n.jpg",620,414,false],"post-thumbnail":["https:\/\/arantv.az\/wp-content\/uploads\/2019\/12\/78490514_2417264068538661_5971861384651079680_n-240x172.jpg",240,172,true],"advps-thumb-one":["https:\/\/arantv.az\/wp-content\/uploads\/2019\/12\/78490514_2417264068538661_5971861384651079680_n.jpg",620,414,false]},"rttpg_author":{"display_name":"V\u00fcsal Rafiqo\u011flu","author_link":"https:\/\/arantv.az\/?author=2"},"rttpg_comment":0,"rttpg_category":"<a href=\"https:\/\/arantv.az\/?cat=4\" rel=\"category\">Siyas\u0259t<\/a>","rttpg_excerpt":"Konstitusiya M\u0259hk\u0259m\u0259si Plenumunun iclas\u0131 ke\u00e7irilib. ARANTV.AZ-\u0131n m\u0259lumat\u0131na g\u00f6r\u0259, iclasda Az\u0259rbaycan Prezidentinin Milli M\u0259clisin burax\u0131lmas\u0131n\u0131n Konstitusiyaya uy\u011funlu\u011fu bar\u0259sind\u0259 sor\u011fusuna bax\u0131l\u0131b. \u0130clasda sor\u011fuya m\u00fcsb\u0259t r\u0259y verilib. Xat\u0131rladaq ki, noyabr\u0131n 28-d\u0259 Yeni Az\u0259rbaycan Partiyas\u0131ndan olan deputatlar Milli M\u0259clis\u0259 parlamentin burax\u0131lmas\u0131 v\u0259 n\u00f6vb\u0259d\u0259nk\u0259nar se\u00e7kil\u0259rin ke\u00e7irilm\u0259si haqq\u0131nda m\u00fcraci\u0259t \u00fcnvanlam\u0131\u015fd\u0131. Konstitusiyas\u0131n\u0131n 95-ci madd\u0259sinin III hiss\u0259sin\u0259 g\u00f6r\u0259, Milli M\u0259clisin bu c\u00fcr m\u0259s\u0259l\u0259l\u0259ri&hellip;","_links":{"self":[{"href":"https:\/\/arantv.az\/index.php?rest_route=\/wp\/v2\/posts\/103671"}],"collection":[{"href":"https:\/\/arantv.az\/index.php?rest_route=\/wp\/v2\/posts"}],"about":[{"href":"https:\/\/arantv.az\/index.php?rest_route=\/wp\/v2\/types\/post"}],"author":[{"embeddable":true,"href":"https:\/\/arantv.az\/index.php?rest_route=\/wp\/v2\/users\/2"}],"replies":[{"embeddable":true,"href":"https:\/\/arantv.az\/index.php?rest_route=%2Fwp%2Fv2%2Fcomments&post=103671"}],"version-history":[{"count":0,"href":"https:\/\/arantv.az\/index.php?rest_route=\/wp\/v2\/posts\/103671\/revisions"}],"wp:featuredmedia":[{"embeddable":true,"href":"https:\/\/arantv.az\/index.php?rest_route=\/wp\/v2\/media\/103672"}],"wp:attachment":[{"href":"https:\/\/arantv.az\/index.php?rest_route=%2Fwp%2Fv2%2Fmedia&parent=103671"}],"wp:term":[{"taxonomy":"category","embeddable":true,"href":"https:\/\/arantv.az\/index.php?rest_route=%2Fwp%2Fv2%2Fcategories&post=103671"},{"taxonomy":"post_tag","embeddable":true,"href":"https:\/\/arantv.az\/index.php?rest_route=%2Fwp%2Fv2%2Ftags&post=103671"}],"curies":[{"name":"wp","href":"https:\/\/api.w.org\/{rel}","templated":true}]}}