{"id":103675,"date":"2019-12-04T13:27:29","date_gmt":"2019-12-04T10:27:29","guid":{"rendered":"http:\/\/arantv.az\/?p=103675"},"modified":"2019-12-04T13:27:29","modified_gmt":"2019-12-04T10:27:29","slug":"din-qacirilan-qizla-bagli-aciqlama-yaydi","status":"publish","type":"post","link":"https:\/\/arantv.az\/?p=103675","title":{"rendered":"D\u0130N qa\u00e7\u0131r\u0131lan q\u0131zla ba\u011fl\u0131 a\u00e7\u0131qlama yayd\u0131"},"content":{"rendered":"<p><strong>Daxili \u0130\u015fl\u0259r Nazirliyi Yevlax rayonunda q\u0131z\u0131n zorla qa\u00e7\u0131r\u0131lmas\u0131 v\u0259 ail\u0259sind\u0259n gizl\u0259dilm\u0259si bar\u0259d\u0259 sosial \u015f\u0259b\u0259k\u0259l\u0259rd\u0259 yay\u0131lan m\u0259lumatlara m\u00fcnasib\u0259t bildirib.<\/strong><\/p>\n<p><strong>ARANTV.AZ\u00a0<\/strong> x\u0259b\u0259r verir ki, r\u0259smi a\u00e7\u0131qlamada qeyd olunub ki, s\u0259hif\u0259l\u0259rin birind\u0259 &#8211; &#8220;Yevlax\u0131n R\u00fcst\u0259mli k\u0259ndind\u0259 iki g\u00fcn \u00f6nc\u0259 bir q\u0131z\u0131 zorla qa\u00e7\u0131r\u0131blar. Polis\u0259 m\u00fcraci\u0259t edibl\u0259r, o\u011flan\u0131n qohumu polisd\u0259 i\u015fl\u0259yir dey\u0259 i\u015f\u0259 baxm\u0131rlar&#8221; &#8211; qeyd edil\u0259n status h\u0259qiq\u0259ti \u0259ks etdirmir v\u0259 polisin n\u00fcfuzunu l\u0259k\u0259l\u0259m\u0259 m\u0259qs\u0259di da\u015f\u0131y\u0131r.<\/p>\n<p>Dekabr\u0131n 1-d\u0259 Yevlax rayon R\u00fcst\u0259mli k\u0259nd sakini \u018f.A. D\u0130N-in &#8220;102 Z\u0259ng M\u0259rk\u0259zi&#8221; Xidm\u0259tin\u0259 v\u0259 Yevlax Rayon Polis \u015e\u00f6b\u0259sin\u0259 m\u00fcraci\u0259t ed\u0259r\u0259k q\u0131z\u0131n\u0131n Qaram\u0259mm\u0259dli k\u0259nd sakini olan bir n\u0259f\u0259r t\u0259r\u0259find\u0259n qa\u00e7\u0131r\u0131lmas\u0131 bar\u0259d\u0259 \u015fikay\u0259t \u00fcnvanlay\u0131b. H\u0259min g\u00fcn \u015fikay\u0259tl\u0259 \u0259laq\u0259dar Yevlax RP\u015e-nin \u0259m\u0259kda\u015flar\u0131 t\u0259r\u0259find\u0259n ara\u015fd\u0131rmalara ba\u015flan\u0131l\u0131b.<\/p>\n<p>Apar\u0131lm\u0131\u015f ara\u015fd\u0131rmalar n\u0259tic\u0259sind\u0259 dekabr\u0131n 2-d\u0259 h\u0259min q\u0131z tap\u0131laraq, onun izahat\u0131 al\u0131n\u0131b v\u0259 o zorla deyil, k\u00f6n\u00fcll\u00fc olaraq h\u0259min \u015f\u0259xsl\u0259 ail\u0259 quraca\u011f\u0131n\u0131 bildirib.<\/p>\n<p>Bununla bel\u0259, toplanm\u0131\u015f materiallara h\u00fcquqi qiym\u0259t verilm\u0259si \u00fc\u00e7\u00fcn Yevlax Rayon Prokurorlu\u011funa verilib.Milli.Az<\/p>\n","protected":false},"excerpt":{"rendered":"<p>Daxili \u0130\u015fl\u0259r Nazirliyi Yevlax rayonunda q\u0131z\u0131n zorla qa\u00e7\u0131r\u0131lmas\u0131 v\u0259 ail\u0259sind\u0259n gizl\u0259dilm\u0259si bar\u0259d\u0259 sosial \u015f\u0259b\u0259k\u0259l\u0259rd\u0259 yay\u0131lan m\u0259lumatlara m\u00fcnasib\u0259t bildirib. ARANTV.AZ\u00a0 x\u0259b\u0259r verir ki, r\u0259smi a\u00e7\u0131qlamada qeyd olunub ki, s\u0259hif\u0259l\u0259rin birind\u0259 &#8211; &#8220;Yevlax\u0131n R\u00fcst\u0259mli k\u0259ndind\u0259 iki g\u00fcn \u00f6nc\u0259 bir q\u0131z\u0131 zorla qa\u00e7\u0131r\u0131blar. Polis\u0259 m\u00fcraci\u0259t edibl\u0259r, o\u011flan\u0131n qohumu polisd\u0259 i\u015fl\u0259yir dey\u0259 i\u015f\u0259 baxm\u0131rlar&#8221; &#8211; qeyd edil\u0259n status h\u0259qiq\u0259ti \u0259ks etdirmir v\u0259 polisin n\u00fcfuzunu l\u0259k\u0259l\u0259m\u0259 m\u0259qs\u0259di da\u015f\u0131y\u0131r. Dekabr\u0131n 1-d\u0259 Yevlax rayon R\u00fcst\u0259mli k\u0259nd sakini \u018f.A. D\u0130N-in &#8220;102 Z\u0259ng M\u0259rk\u0259zi&#8221; Xidm\u0259tin\u0259 v\u0259 Yevlax Rayon Polis \u015e\u00f6b\u0259sin\u0259 m\u00fcraci\u0259t ed\u0259r\u0259k q\u0131z\u0131n\u0131n Qaram\u0259mm\u0259dli k\u0259nd sakini olan bir n\u0259f\u0259r&hellip;<\/p>\n","protected":false},"author":2,"featured_media":103676,"comment_status":"closed","ping_status":"closed","sticky":false,"template":"","format":"standard","meta":{"om_disable_all_campaigns":false,"_monsterinsights_skip_tracking":false,"_monsterinsights_sitenote_active":false,"_monsterinsights_sitenote_note":"","_monsterinsights_sitenote_category":0},"categories":[1],"tags":[],"aioseo_notices":[],"gutentor_comment":0,"rttpg_featured_image_url":{"full":["https:\/\/arantv.az\/wp-content\/uploads\/2019\/12\/807700.jpg",800,600,false],"landscape":["https:\/\/arantv.az\/wp-content\/uploads\/2019\/12\/807700.jpg",800,600,false],"portraits":["https:\/\/arantv.az\/wp-content\/uploads\/2019\/12\/807700.jpg",800,600,false],"thumbnail":["https:\/\/arantv.az\/wp-content\/uploads\/2019\/12\/807700-150x150.jpg",150,150,true],"medium":["https:\/\/arantv.az\/wp-content\/uploads\/2019\/12\/807700-300x225.jpg",300,225,true],"large":["https:\/\/arantv.az\/wp-content\/uploads\/2019\/12\/807700.jpg",640,480,false],"1536x1536":["https:\/\/arantv.az\/wp-content\/uploads\/2019\/12\/807700.jpg",800,600,false],"2048x2048":["https:\/\/arantv.az\/wp-content\/uploads\/2019\/12\/807700.jpg",800,600,false],"post-thumbnail":["https:\/\/arantv.az\/wp-content\/uploads\/2019\/12\/807700-240x172.jpg",240,172,true],"advps-thumb-one":["https:\/\/arantv.az\/wp-content\/uploads\/2019\/12\/807700.jpg",800,600,false]},"rttpg_author":{"display_name":"V\u00fcsal Rafiqo\u011flu","author_link":"https:\/\/arantv.az\/?author=2"},"rttpg_comment":0,"rttpg_category":"<a href=\"https:\/\/arantv.az\/?cat=1\" rel=\"category\">C\u0259miyy\u0259t<\/a>","rttpg_excerpt":"Daxili \u0130\u015fl\u0259r Nazirliyi Yevlax rayonunda q\u0131z\u0131n zorla qa\u00e7\u0131r\u0131lmas\u0131 v\u0259 ail\u0259sind\u0259n gizl\u0259dilm\u0259si bar\u0259d\u0259 sosial \u015f\u0259b\u0259k\u0259l\u0259rd\u0259 yay\u0131lan m\u0259lumatlara m\u00fcnasib\u0259t bildirib. ARANTV.AZ\u00a0 x\u0259b\u0259r verir ki, r\u0259smi a\u00e7\u0131qlamada qeyd olunub ki, s\u0259hif\u0259l\u0259rin birind\u0259 &#8211; &#8220;Yevlax\u0131n R\u00fcst\u0259mli k\u0259ndind\u0259 iki g\u00fcn \u00f6nc\u0259 bir q\u0131z\u0131 zorla qa\u00e7\u0131r\u0131blar. Polis\u0259 m\u00fcraci\u0259t edibl\u0259r, o\u011flan\u0131n qohumu polisd\u0259 i\u015fl\u0259yir dey\u0259 i\u015f\u0259 baxm\u0131rlar&#8221; &#8211; qeyd edil\u0259n status h\u0259qiq\u0259ti&hellip;","_links":{"self":[{"href":"https:\/\/arantv.az\/index.php?rest_route=\/wp\/v2\/posts\/103675"}],"collection":[{"href":"https:\/\/arantv.az\/index.php?rest_route=\/wp\/v2\/posts"}],"about":[{"href":"https:\/\/arantv.az\/index.php?rest_route=\/wp\/v2\/types\/post"}],"author":[{"embeddable":true,"href":"https:\/\/arantv.az\/index.php?rest_route=\/wp\/v2\/users\/2"}],"replies":[{"embeddable":true,"href":"https:\/\/arantv.az\/index.php?rest_route=%2Fwp%2Fv2%2Fcomments&post=103675"}],"version-history":[{"count":0,"href":"https:\/\/arantv.az\/index.php?rest_route=\/wp\/v2\/posts\/103675\/revisions"}],"wp:featuredmedia":[{"embeddable":true,"href":"https:\/\/arantv.az\/index.php?rest_route=\/wp\/v2\/media\/103676"}],"wp:attachment":[{"href":"https:\/\/arantv.az\/index.php?rest_route=%2Fwp%2Fv2%2Fmedia&parent=103675"}],"wp:term":[{"taxonomy":"category","embeddable":true,"href":"https:\/\/arantv.az\/index.php?rest_route=%2Fwp%2Fv2%2Fcategories&post=103675"},{"taxonomy":"post_tag","embeddable":true,"href":"https:\/\/arantv.az\/index.php?rest_route=%2Fwp%2Fv2%2Ftags&post=103675"}],"curies":[{"name":"wp","href":"https:\/\/api.w.org\/{rel}","templated":true}]}}