{"id":103679,"date":"2019-12-04T13:35:29","date_gmt":"2019-12-04T10:35:29","guid":{"rendered":"http:\/\/arantv.az\/?p=103679"},"modified":"2019-12-04T13:35:29","modified_gmt":"2019-12-04T10:35:29","slug":"nazir-az%c9%99rbaycan-k%c9%99nd-t%c9%99s%c9%99rrufatina-dovl%c9%99t-d%c9%99st%c9%99yi-sah%c9%99sind%c9%99-aparici-olk%c9%99l%c9%99rd%c9%99n-biridir","status":"publish","type":"post","link":"https:\/\/arantv.az\/?p=103679","title":{"rendered":"Nazir: &#8220;Az\u0259rbaycan k\u0259nd t\u0259s\u0259rr\u00fcfat\u0131na d\u00f6vl\u0259t d\u0259st\u0259yi sah\u0259sind\u0259 apar\u0131c\u0131 \u00f6lk\u0259l\u0259rd\u0259n biridir&#8221;"},"content":{"rendered":"<blockquote><p><em><strong>Az\u0259rbaycan k\u0259nd t\u0259s\u0259rr\u00fcfat\u0131na d\u00f6vl\u0259t d\u0259st\u0259yi sah\u0259sind\u0259 d\u00fcnyada apar\u0131c\u0131 \u00f6lk\u0259l\u0259rd\u0259n biridir.<\/strong><\/em><\/p><\/blockquote>\n<p><strong>ARANTV.AZ<\/strong>\u00a0\u00a0<a href=\"http:\/\/az.trend.az\/\" target=\"_blank\" rel=\"noopener\">Trend<\/a>-\u0259 istinad\u0259n bildirir ki, bunu k\u0259nd t\u0259s\u0259rr\u00fcfat\u0131 naziri \u0130nam K\u0259rimov \u0130qtisadi \u018fm\u0259kda\u015fl\u0131q T\u0259\u015fkilat\u0131 (\u0130\u018fT) \u00fczv \u00f6lk\u0259l\u0259rinin k\u0259nd t\u0259s\u0259rr\u00fcfat\u0131 nazirl\u0259rinin Bak\u0131da ke\u00e7iril\u0259n iclas\u0131nda deyib.<\/p>\n<p>Nazir bildirib ki, Az\u0259rbaycan h\u00f6kum\u0259ti k\u0259nd t\u0259s\u0259rr\u00fcfat\u0131 sektorunun investisiyalar \u00fc\u00e7\u00fcn c\u0259lbediciliyini art\u0131rmaq \u00fc\u00e7\u00fcn \u00e7oxlu s\u0259y g\u00f6st\u0259rir.<\/p>\n<p>\u0130.K\u0259rimovun s\u00f6zl\u0259rin\u0259 g\u00f6r\u0259, Az\u0259rbaycanda \u0259lveri\u015fli investisiya m\u00fchiti var, \u00f6lk\u0259ni ticar\u0259t sah\u0259sind\u0259 \u0259laq\u0259l\u0259ri inki\u015faf edir. O \u0259lav\u0259 edib ki, 2018-ci ild\u0259 Az\u0259rbaycan\u0131n \u0130\u018fT \u00fczv \u00f6lk\u0259l\u0259ri il\u0259 ticar\u0259t d\u00f6vriyy\u0259si d\u00f6rd milyard dollardan \u00e7ox olub.<\/p>\n","protected":false},"excerpt":{"rendered":"<p>Az\u0259rbaycan k\u0259nd t\u0259s\u0259rr\u00fcfat\u0131na d\u00f6vl\u0259t d\u0259st\u0259yi sah\u0259sind\u0259 d\u00fcnyada apar\u0131c\u0131 \u00f6lk\u0259l\u0259rd\u0259n biridir. ARANTV.AZ\u00a0\u00a0Trend-\u0259 istinad\u0259n bildirir ki, bunu k\u0259nd t\u0259s\u0259rr\u00fcfat\u0131 naziri \u0130nam K\u0259rimov \u0130qtisadi \u018fm\u0259kda\u015fl\u0131q T\u0259\u015fkilat\u0131 (\u0130\u018fT) \u00fczv \u00f6lk\u0259l\u0259rinin k\u0259nd t\u0259s\u0259rr\u00fcfat\u0131 nazirl\u0259rinin Bak\u0131da ke\u00e7iril\u0259n iclas\u0131nda deyib. Nazir bildirib ki, Az\u0259rbaycan h\u00f6kum\u0259ti k\u0259nd t\u0259s\u0259rr\u00fcfat\u0131 sektorunun investisiyalar \u00fc\u00e7\u00fcn c\u0259lbediciliyini art\u0131rmaq \u00fc\u00e7\u00fcn \u00e7oxlu s\u0259y g\u00f6st\u0259rir. \u0130.K\u0259rimovun s\u00f6zl\u0259rin\u0259 g\u00f6r\u0259, Az\u0259rbaycanda \u0259lveri\u015fli investisiya m\u00fchiti var, \u00f6lk\u0259ni ticar\u0259t sah\u0259sind\u0259 \u0259laq\u0259l\u0259ri inki\u015faf edir. O \u0259lav\u0259 edib ki, 2018-ci ild\u0259 Az\u0259rbaycan\u0131n \u0130\u018fT \u00fczv \u00f6lk\u0259l\u0259ri il\u0259 ticar\u0259t d\u00f6vriyy\u0259si d\u00f6rd milyard dollardan \u00e7ox olub.<\/p>\n","protected":false},"author":2,"featured_media":103680,"comment_status":"closed","ping_status":"closed","sticky":false,"template":"","format":"standard","meta":{"om_disable_all_campaigns":false,"_monsterinsights_skip_tracking":false,"_monsterinsights_sitenote_active":false,"_monsterinsights_sitenote_note":"","_monsterinsights_sitenote_category":0},"categories":[1],"tags":[],"aioseo_notices":[],"gutentor_comment":0,"rttpg_featured_image_url":{"full":["https:\/\/arantv.az\/wp-content\/uploads\/2019\/12\/807627.jpg",800,600,false],"landscape":["https:\/\/arantv.az\/wp-content\/uploads\/2019\/12\/807627.jpg",800,600,false],"portraits":["https:\/\/arantv.az\/wp-content\/uploads\/2019\/12\/807627.jpg",800,600,false],"thumbnail":["https:\/\/arantv.az\/wp-content\/uploads\/2019\/12\/807627-150x150.jpg",150,150,true],"medium":["https:\/\/arantv.az\/wp-content\/uploads\/2019\/12\/807627-300x225.jpg",300,225,true],"large":["https:\/\/arantv.az\/wp-content\/uploads\/2019\/12\/807627.jpg",640,480,false],"1536x1536":["https:\/\/arantv.az\/wp-content\/uploads\/2019\/12\/807627.jpg",800,600,false],"2048x2048":["https:\/\/arantv.az\/wp-content\/uploads\/2019\/12\/807627.jpg",800,600,false],"post-thumbnail":["https:\/\/arantv.az\/wp-content\/uploads\/2019\/12\/807627-240x172.jpg",240,172,true],"advps-thumb-one":["https:\/\/arantv.az\/wp-content\/uploads\/2019\/12\/807627.jpg",800,600,false]},"rttpg_author":{"display_name":"V\u00fcsal Rafiqo\u011flu","author_link":"https:\/\/arantv.az\/?author=2"},"rttpg_comment":0,"rttpg_category":"<a href=\"https:\/\/arantv.az\/?cat=1\" rel=\"category\">C\u0259miyy\u0259t<\/a>","rttpg_excerpt":"Az\u0259rbaycan k\u0259nd t\u0259s\u0259rr\u00fcfat\u0131na d\u00f6vl\u0259t d\u0259st\u0259yi sah\u0259sind\u0259 d\u00fcnyada apar\u0131c\u0131 \u00f6lk\u0259l\u0259rd\u0259n biridir. ARANTV.AZ\u00a0\u00a0Trend-\u0259 istinad\u0259n bildirir ki, bunu k\u0259nd t\u0259s\u0259rr\u00fcfat\u0131 naziri \u0130nam K\u0259rimov \u0130qtisadi \u018fm\u0259kda\u015fl\u0131q T\u0259\u015fkilat\u0131 (\u0130\u018fT) \u00fczv \u00f6lk\u0259l\u0259rinin k\u0259nd t\u0259s\u0259rr\u00fcfat\u0131 nazirl\u0259rinin Bak\u0131da ke\u00e7iril\u0259n iclas\u0131nda deyib. Nazir bildirib ki, Az\u0259rbaycan h\u00f6kum\u0259ti k\u0259nd t\u0259s\u0259rr\u00fcfat\u0131 sektorunun investisiyalar \u00fc\u00e7\u00fcn c\u0259lbediciliyini art\u0131rmaq \u00fc\u00e7\u00fcn \u00e7oxlu s\u0259y g\u00f6st\u0259rir. \u0130.K\u0259rimovun s\u00f6zl\u0259rin\u0259 g\u00f6r\u0259, Az\u0259rbaycanda \u0259lveri\u015fli investisiya&hellip;","_links":{"self":[{"href":"https:\/\/arantv.az\/index.php?rest_route=\/wp\/v2\/posts\/103679"}],"collection":[{"href":"https:\/\/arantv.az\/index.php?rest_route=\/wp\/v2\/posts"}],"about":[{"href":"https:\/\/arantv.az\/index.php?rest_route=\/wp\/v2\/types\/post"}],"author":[{"embeddable":true,"href":"https:\/\/arantv.az\/index.php?rest_route=\/wp\/v2\/users\/2"}],"replies":[{"embeddable":true,"href":"https:\/\/arantv.az\/index.php?rest_route=%2Fwp%2Fv2%2Fcomments&post=103679"}],"version-history":[{"count":0,"href":"https:\/\/arantv.az\/index.php?rest_route=\/wp\/v2\/posts\/103679\/revisions"}],"wp:featuredmedia":[{"embeddable":true,"href":"https:\/\/arantv.az\/index.php?rest_route=\/wp\/v2\/media\/103680"}],"wp:attachment":[{"href":"https:\/\/arantv.az\/index.php?rest_route=%2Fwp%2Fv2%2Fmedia&parent=103679"}],"wp:term":[{"taxonomy":"category","embeddable":true,"href":"https:\/\/arantv.az\/index.php?rest_route=%2Fwp%2Fv2%2Fcategories&post=103679"},{"taxonomy":"post_tag","embeddable":true,"href":"https:\/\/arantv.az\/index.php?rest_route=%2Fwp%2Fv2%2Ftags&post=103679"}],"curies":[{"name":"wp","href":"https:\/\/api.w.org\/{rel}","templated":true}]}}