{"id":103683,"date":"2019-12-04T13:36:14","date_gmt":"2019-12-04T10:36:14","guid":{"rendered":"http:\/\/arantv.az\/?p=103683"},"modified":"2019-12-04T13:36:14","modified_gmt":"2019-12-04T10:36:14","slug":"turkiy%c9%99d%c9%99-d%c9%99niz-reysl%c9%99ri-l%c9%99gv-edildi-s%c9%99b%c9%99b","status":"publish","type":"post","link":"https:\/\/arantv.az\/?p=103683","title":{"rendered":"T\u00fcrkiy\u0259d\u0259 d\u0259niz reysl\u0259ri l\u0259\u011fv edildi &#8211; S\u018fB\u018fB"},"content":{"rendered":"<p><strong>M\u0259rm\u0259r\u0259 d\u0259nizind\u0259, \u0130stanbul akvatoriyas\u0131nda, el\u0259c\u0259 d\u0259 Bursada d\u0259niz reysl\u0259ri l\u0259\u011fv edilib.<\/strong><\/p>\n<p><strong>ARANTV.AZ<\/strong>\u00a0<a href=\"http:\/\/az.trend.az\/\" target=\"_blank\" rel=\"noopener\">Trend<\/a>-\u0259 istinad\u0259n bildirir ki, bu q\u0259rar h\u0259min \u0259razid\u0259 qat\u0131 dumanla \u0259laq\u0259dar q\u0259bul edilib.<\/p>\n<p>Qeyd olunur ki, 6 d\u0259niz reysi l\u0259\u011fv edilib. Bu reysl\u0259rin dig\u0259r vaxta ke\u00e7irilib-ke\u00e7irilm\u0259m\u0259si bar\u0259d\u0259 m\u0259lumat verilm\u0259yib.<\/p>\n<p>Xat\u0131rladaq ki, sonuncu d\u0259f\u0259 T\u00fcrkiy\u0259d\u0259 d\u0259niz reysl\u0259ri noyabr\u0131n 27-d\u0259 t\u0259xir\u0259 sal\u0131nm\u0131\u015fd\u0131.<\/p>\n","protected":false},"excerpt":{"rendered":"<p>M\u0259rm\u0259r\u0259 d\u0259nizind\u0259, \u0130stanbul akvatoriyas\u0131nda, el\u0259c\u0259 d\u0259 Bursada d\u0259niz reysl\u0259ri l\u0259\u011fv edilib. ARANTV.AZ\u00a0Trend-\u0259 istinad\u0259n bildirir ki, bu q\u0259rar h\u0259min \u0259razid\u0259 qat\u0131 dumanla \u0259laq\u0259dar q\u0259bul edilib. Qeyd olunur ki, 6 d\u0259niz reysi l\u0259\u011fv edilib. Bu reysl\u0259rin dig\u0259r vaxta ke\u00e7irilib-ke\u00e7irilm\u0259m\u0259si bar\u0259d\u0259 m\u0259lumat verilm\u0259yib. Xat\u0131rladaq ki, sonuncu d\u0259f\u0259 T\u00fcrkiy\u0259d\u0259 d\u0259niz reysl\u0259ri noyabr\u0131n 27-d\u0259 t\u0259xir\u0259 sal\u0131nm\u0131\u015fd\u0131.<\/p>\n","protected":false},"author":2,"featured_media":103684,"comment_status":"closed","ping_status":"closed","sticky":false,"template":"","format":"standard","meta":{"om_disable_all_campaigns":false,"_monsterinsights_skip_tracking":false,"_monsterinsights_sitenote_active":false,"_monsterinsights_sitenote_note":"","_monsterinsights_sitenote_category":0},"categories":[7],"tags":[],"aioseo_notices":[],"gutentor_comment":0,"rttpg_featured_image_url":{"full":["https:\/\/arantv.az\/wp-content\/uploads\/2019\/12\/807620.jpg",800,600,false],"landscape":["https:\/\/arantv.az\/wp-content\/uploads\/2019\/12\/807620.jpg",800,600,false],"portraits":["https:\/\/arantv.az\/wp-content\/uploads\/2019\/12\/807620.jpg",800,600,false],"thumbnail":["https:\/\/arantv.az\/wp-content\/uploads\/2019\/12\/807620-150x150.jpg",150,150,true],"medium":["https:\/\/arantv.az\/wp-content\/uploads\/2019\/12\/807620-300x225.jpg",300,225,true],"large":["https:\/\/arantv.az\/wp-content\/uploads\/2019\/12\/807620.jpg",640,480,false],"1536x1536":["https:\/\/arantv.az\/wp-content\/uploads\/2019\/12\/807620.jpg",800,600,false],"2048x2048":["https:\/\/arantv.az\/wp-content\/uploads\/2019\/12\/807620.jpg",800,600,false],"post-thumbnail":["https:\/\/arantv.az\/wp-content\/uploads\/2019\/12\/807620-240x172.jpg",240,172,true],"advps-thumb-one":["https:\/\/arantv.az\/wp-content\/uploads\/2019\/12\/807620.jpg",800,600,false]},"rttpg_author":{"display_name":"V\u00fcsal Rafiqo\u011flu","author_link":"https:\/\/arantv.az\/?author=2"},"rttpg_comment":0,"rttpg_category":"<a href=\"https:\/\/arantv.az\/?cat=7\" rel=\"category\">D\u00fcnya<\/a>","rttpg_excerpt":"M\u0259rm\u0259r\u0259 d\u0259nizind\u0259, \u0130stanbul akvatoriyas\u0131nda, el\u0259c\u0259 d\u0259 Bursada d\u0259niz reysl\u0259ri l\u0259\u011fv edilib. ARANTV.AZ\u00a0Trend-\u0259 istinad\u0259n bildirir ki, bu q\u0259rar h\u0259min \u0259razid\u0259 qat\u0131 dumanla \u0259laq\u0259dar q\u0259bul edilib. Qeyd olunur ki, 6 d\u0259niz reysi l\u0259\u011fv edilib. Bu reysl\u0259rin dig\u0259r vaxta ke\u00e7irilib-ke\u00e7irilm\u0259m\u0259si bar\u0259d\u0259 m\u0259lumat verilm\u0259yib. Xat\u0131rladaq ki, sonuncu d\u0259f\u0259 T\u00fcrkiy\u0259d\u0259 d\u0259niz reysl\u0259ri noyabr\u0131n 27-d\u0259 t\u0259xir\u0259 sal\u0131nm\u0131\u015fd\u0131.","_links":{"self":[{"href":"https:\/\/arantv.az\/index.php?rest_route=\/wp\/v2\/posts\/103683"}],"collection":[{"href":"https:\/\/arantv.az\/index.php?rest_route=\/wp\/v2\/posts"}],"about":[{"href":"https:\/\/arantv.az\/index.php?rest_route=\/wp\/v2\/types\/post"}],"author":[{"embeddable":true,"href":"https:\/\/arantv.az\/index.php?rest_route=\/wp\/v2\/users\/2"}],"replies":[{"embeddable":true,"href":"https:\/\/arantv.az\/index.php?rest_route=%2Fwp%2Fv2%2Fcomments&post=103683"}],"version-history":[{"count":0,"href":"https:\/\/arantv.az\/index.php?rest_route=\/wp\/v2\/posts\/103683\/revisions"}],"wp:featuredmedia":[{"embeddable":true,"href":"https:\/\/arantv.az\/index.php?rest_route=\/wp\/v2\/media\/103684"}],"wp:attachment":[{"href":"https:\/\/arantv.az\/index.php?rest_route=%2Fwp%2Fv2%2Fmedia&parent=103683"}],"wp:term":[{"taxonomy":"category","embeddable":true,"href":"https:\/\/arantv.az\/index.php?rest_route=%2Fwp%2Fv2%2Fcategories&post=103683"},{"taxonomy":"post_tag","embeddable":true,"href":"https:\/\/arantv.az\/index.php?rest_route=%2Fwp%2Fv2%2Ftags&post=103683"}],"curies":[{"name":"wp","href":"https:\/\/api.w.org\/{rel}","templated":true}]}}