{"id":103703,"date":"2019-12-04T14:09:05","date_gmt":"2019-12-04T11:09:05","guid":{"rendered":"http:\/\/arantv.az\/?p=103703"},"modified":"2019-12-04T14:09:05","modified_gmt":"2019-12-04T11:09:05","slug":"az%c9%99rbaycanli-nazir-i%c9%99t-in-s%c9%99dri-secildi","status":"publish","type":"post","link":"https:\/\/arantv.az\/?p=103703","title":{"rendered":"Az\u0259rbaycanl\u0131 nazir \u0130\u018fT-in s\u0259dri se\u00e7ildi"},"content":{"rendered":"<p>Az\u0259rbaycan\u0131n k\u0259nd t\u0259s\u0259rr\u00fcfat\u0131 naziri \u0130nam K\u0259rimov \u0130qtisadi \u018fm\u0259kda\u015fl\u0131q T\u0259\u015fkilat\u0131n\u0131n (\u0130\u018fT) s\u0259dri se\u00e7ilib.<\/p>\n<p><strong>ARANTV.AZ\u00a0<\/strong><a href=\"http:\/\/az.trend.az\/\" target=\"_blank\" rel=\"noopener\">Trend<\/a>-\u0259 istinad\u0259n bildirir ki,\u00a0bu, \u0130\u018fT k\u0259nd t\u0259s\u0259rr\u00fcfat\u0131 nazirl\u0259rinin Bak\u0131da ke\u00e7iril\u0259n 6-c\u0131 iclas\u0131 zaman\u0131 ba\u015f verib.<\/p>\n<p>Bundan ba\u015fqa, iclas zaman\u0131 K\u0259nd t\u0259s\u0259rr\u00fcfat\u0131 il\u0259 ba\u011fl\u0131 Bak\u0131 b\u0259yannam\u0259si v\u0259 \u0130\u018fT k\u0259nd t\u0259s\u0259rr\u00fcfat\u0131 nazirl\u0259rinin 6-c\u0131 iclas\u0131n\u0131n hesabat\u0131 q\u0259bul edilib.<\/p>\n","protected":false},"excerpt":{"rendered":"<p>Az\u0259rbaycan\u0131n k\u0259nd t\u0259s\u0259rr\u00fcfat\u0131 naziri \u0130nam K\u0259rimov \u0130qtisadi \u018fm\u0259kda\u015fl\u0131q T\u0259\u015fkilat\u0131n\u0131n (\u0130\u018fT) s\u0259dri se\u00e7ilib. ARANTV.AZ\u00a0Trend-\u0259 istinad\u0259n bildirir ki,\u00a0bu, \u0130\u018fT k\u0259nd t\u0259s\u0259rr\u00fcfat\u0131 nazirl\u0259rinin Bak\u0131da ke\u00e7iril\u0259n 6-c\u0131 iclas\u0131 zaman\u0131 ba\u015f verib. Bundan ba\u015fqa, iclas zaman\u0131 K\u0259nd t\u0259s\u0259rr\u00fcfat\u0131 il\u0259 ba\u011fl\u0131 Bak\u0131 b\u0259yannam\u0259si v\u0259 \u0130\u018fT k\u0259nd t\u0259s\u0259rr\u00fcfat\u0131 nazirl\u0259rinin 6-c\u0131 iclas\u0131n\u0131n hesabat\u0131 q\u0259bul edilib.<\/p>\n","protected":false},"author":2,"featured_media":103704,"comment_status":"closed","ping_status":"closed","sticky":false,"template":"","format":"standard","meta":{"om_disable_all_campaigns":false,"_monsterinsights_skip_tracking":false,"_monsterinsights_sitenote_active":false,"_monsterinsights_sitenote_note":"","_monsterinsights_sitenote_category":0},"categories":[19],"tags":[],"aioseo_notices":[],"gutentor_comment":0,"rttpg_featured_image_url":{"full":["https:\/\/arantv.az\/wp-content\/uploads\/2019\/12\/807647.jpg",800,600,false],"landscape":["https:\/\/arantv.az\/wp-content\/uploads\/2019\/12\/807647.jpg",800,600,false],"portraits":["https:\/\/arantv.az\/wp-content\/uploads\/2019\/12\/807647.jpg",800,600,false],"thumbnail":["https:\/\/arantv.az\/wp-content\/uploads\/2019\/12\/807647-150x150.jpg",150,150,true],"medium":["https:\/\/arantv.az\/wp-content\/uploads\/2019\/12\/807647-300x225.jpg",300,225,true],"large":["https:\/\/arantv.az\/wp-content\/uploads\/2019\/12\/807647.jpg",640,480,false],"1536x1536":["https:\/\/arantv.az\/wp-content\/uploads\/2019\/12\/807647.jpg",800,600,false],"2048x2048":["https:\/\/arantv.az\/wp-content\/uploads\/2019\/12\/807647.jpg",800,600,false],"post-thumbnail":["https:\/\/arantv.az\/wp-content\/uploads\/2019\/12\/807647-240x172.jpg",240,172,true],"advps-thumb-one":["https:\/\/arantv.az\/wp-content\/uploads\/2019\/12\/807647.jpg",800,600,false]},"rttpg_author":{"display_name":"V\u00fcsal Rafiqo\u011flu","author_link":"https:\/\/arantv.az\/?author=2"},"rttpg_comment":0,"rttpg_category":"<a href=\"https:\/\/arantv.az\/?cat=19\" rel=\"category\">G\u00fcnd\u0259m<\/a>","rttpg_excerpt":"Az\u0259rbaycan\u0131n k\u0259nd t\u0259s\u0259rr\u00fcfat\u0131 naziri \u0130nam K\u0259rimov \u0130qtisadi \u018fm\u0259kda\u015fl\u0131q T\u0259\u015fkilat\u0131n\u0131n (\u0130\u018fT) s\u0259dri se\u00e7ilib. ARANTV.AZ\u00a0Trend-\u0259 istinad\u0259n bildirir ki,\u00a0bu, \u0130\u018fT k\u0259nd t\u0259s\u0259rr\u00fcfat\u0131 nazirl\u0259rinin Bak\u0131da ke\u00e7iril\u0259n 6-c\u0131 iclas\u0131 zaman\u0131 ba\u015f verib. Bundan ba\u015fqa, iclas zaman\u0131 K\u0259nd t\u0259s\u0259rr\u00fcfat\u0131 il\u0259 ba\u011fl\u0131 Bak\u0131 b\u0259yannam\u0259si v\u0259 \u0130\u018fT k\u0259nd t\u0259s\u0259rr\u00fcfat\u0131 nazirl\u0259rinin 6-c\u0131 iclas\u0131n\u0131n hesabat\u0131 q\u0259bul edilib.","_links":{"self":[{"href":"https:\/\/arantv.az\/index.php?rest_route=\/wp\/v2\/posts\/103703"}],"collection":[{"href":"https:\/\/arantv.az\/index.php?rest_route=\/wp\/v2\/posts"}],"about":[{"href":"https:\/\/arantv.az\/index.php?rest_route=\/wp\/v2\/types\/post"}],"author":[{"embeddable":true,"href":"https:\/\/arantv.az\/index.php?rest_route=\/wp\/v2\/users\/2"}],"replies":[{"embeddable":true,"href":"https:\/\/arantv.az\/index.php?rest_route=%2Fwp%2Fv2%2Fcomments&post=103703"}],"version-history":[{"count":0,"href":"https:\/\/arantv.az\/index.php?rest_route=\/wp\/v2\/posts\/103703\/revisions"}],"wp:featuredmedia":[{"embeddable":true,"href":"https:\/\/arantv.az\/index.php?rest_route=\/wp\/v2\/media\/103704"}],"wp:attachment":[{"href":"https:\/\/arantv.az\/index.php?rest_route=%2Fwp%2Fv2%2Fmedia&parent=103703"}],"wp:term":[{"taxonomy":"category","embeddable":true,"href":"https:\/\/arantv.az\/index.php?rest_route=%2Fwp%2Fv2%2Fcategories&post=103703"},{"taxonomy":"post_tag","embeddable":true,"href":"https:\/\/arantv.az\/index.php?rest_route=%2Fwp%2Fv2%2Ftags&post=103703"}],"curies":[{"name":"wp","href":"https:\/\/api.w.org\/{rel}","templated":true}]}}