{"id":103733,"date":"2019-12-04T15:06:34","date_gmt":"2019-12-04T12:06:34","guid":{"rendered":"http:\/\/arantv.az\/?p=103733"},"modified":"2019-12-04T15:06:34","modified_gmt":"2019-12-04T12:06:34","slug":"%c9%99li-%c9%99s%c9%99dov-yeni-sob%c9%99-mudirl%c9%99ri-t%c9%99yin-etdi","status":"publish","type":"post","link":"https:\/\/arantv.az\/?p=103733","title":{"rendered":"\u018fli \u018fs\u0259dov yeni \u015f\u00f6b\u0259 m\u00fcdirl\u0259ri t\u0259yin etdi"},"content":{"rendered":"<p>Nazirl\u0259r Kabinetind\u0259 kadr d\u0259yi\u015fiklikl\u0259ri olub.<\/p>\n<p><b>ARANTV.AZ<\/b>-\u0131n m\u0259lumat\u0131na g\u00f6r\u0259, bu bar\u0259d\u0259 m\u00fcvafiq s\u0259r\u0259ncam\u0131 Ba\u015f nazir \u018fli \u018fs\u0259dov imzalay\u0131b.<\/p>\n<p>S\u0259r\u0259ncama \u0259sas\u0259n, Az\u0259r \u018fmiraslanov Nazirl\u0259r Kabineti Aparat\u0131n\u0131n \u0130qtisadiyyat \u015f\u00f6b\u0259sinin m\u00fcdiri v\u0259zif\u0259sin\u0259 t\u0259yin edilib.<\/p>\n<p>Ba\u015f nazirin dig\u0259r s\u0259r\u0259ncam\u0131na g\u00f6r\u0259, Mehman Ta\u011f\u0131yev NK Aparat\u0131n\u0131n Sosial m\u0259s\u0259l\u0259l\u0259r \u015f\u00f6b\u0259sinin m\u00fcdiri v\u0259zif\u0259sin\u0259 t\u0259yinat al\u0131b.<\/p>\n<p>Qeyd ed\u0259k ki, d\u00fcn\u0259n\u00a0\u018fli \u018fs\u0259dovun imzalad\u0131\u011f\u0131 s\u0259r\u0259ncama \u0259sas\u0259n, \u018fl\u0259sg\u0259r \u018fl\u0259sg\u0259rov Ba\u015f nazirin Katibliyinin r\u0259isi t\u0259yin edilib.<\/p>\n<p>Xat\u0131rladaq ki, bir ne\u00e7\u0259 g\u00fcn \u0259vv\u0259l Nazirl\u0259r Kabinetind\u0259 struktur d\u0259yikliyi ba\u015f tutub.Oxu.Az<\/p>\n","protected":false},"excerpt":{"rendered":"<p>Nazirl\u0259r Kabinetind\u0259 kadr d\u0259yi\u015fiklikl\u0259ri olub. ARANTV.AZ-\u0131n m\u0259lumat\u0131na g\u00f6r\u0259, bu bar\u0259d\u0259 m\u00fcvafiq s\u0259r\u0259ncam\u0131 Ba\u015f nazir \u018fli \u018fs\u0259dov imzalay\u0131b. S\u0259r\u0259ncama \u0259sas\u0259n, Az\u0259r \u018fmiraslanov Nazirl\u0259r Kabineti Aparat\u0131n\u0131n \u0130qtisadiyyat \u015f\u00f6b\u0259sinin m\u00fcdiri v\u0259zif\u0259sin\u0259 t\u0259yin edilib. Ba\u015f nazirin dig\u0259r s\u0259r\u0259ncam\u0131na g\u00f6r\u0259, Mehman Ta\u011f\u0131yev NK Aparat\u0131n\u0131n Sosial m\u0259s\u0259l\u0259l\u0259r \u015f\u00f6b\u0259sinin m\u00fcdiri v\u0259zif\u0259sin\u0259 t\u0259yinat al\u0131b. Qeyd ed\u0259k ki, d\u00fcn\u0259n\u00a0\u018fli \u018fs\u0259dovun imzalad\u0131\u011f\u0131 s\u0259r\u0259ncama \u0259sas\u0259n, \u018fl\u0259sg\u0259r \u018fl\u0259sg\u0259rov Ba\u015f nazirin Katibliyinin r\u0259isi t\u0259yin edilib. Xat\u0131rladaq ki, bir ne\u00e7\u0259 g\u00fcn \u0259vv\u0259l Nazirl\u0259r Kabinetind\u0259 struktur d\u0259yikliyi ba\u015f tutub.Oxu.Az<\/p>\n","protected":false},"author":2,"featured_media":103734,"comment_status":"closed","ping_status":"closed","sticky":false,"template":"","format":"standard","meta":{"om_disable_all_campaigns":false,"_monsterinsights_skip_tracking":false,"_monsterinsights_sitenote_active":false,"_monsterinsights_sitenote_note":"","_monsterinsights_sitenote_category":0},"categories":[4],"tags":[],"aioseo_notices":[],"gutentor_comment":0,"rttpg_featured_image_url":{"full":["https:\/\/arantv.az\/wp-content\/uploads\/2019\/12\/eliii.jpg",620,413,false],"landscape":["https:\/\/arantv.az\/wp-content\/uploads\/2019\/12\/eliii.jpg",620,413,false],"portraits":["https:\/\/arantv.az\/wp-content\/uploads\/2019\/12\/eliii.jpg",620,413,false],"thumbnail":["https:\/\/arantv.az\/wp-content\/uploads\/2019\/12\/eliii-150x150.jpg",150,150,true],"medium":["https:\/\/arantv.az\/wp-content\/uploads\/2019\/12\/eliii-300x200.jpg",300,200,true],"large":["https:\/\/arantv.az\/wp-content\/uploads\/2019\/12\/eliii.jpg",620,413,false],"1536x1536":["https:\/\/arantv.az\/wp-content\/uploads\/2019\/12\/eliii.jpg",620,413,false],"2048x2048":["https:\/\/arantv.az\/wp-content\/uploads\/2019\/12\/eliii.jpg",620,413,false],"post-thumbnail":["https:\/\/arantv.az\/wp-content\/uploads\/2019\/12\/eliii-240x172.jpg",240,172,true],"advps-thumb-one":["https:\/\/arantv.az\/wp-content\/uploads\/2019\/12\/eliii.jpg",620,413,false]},"rttpg_author":{"display_name":"V\u00fcsal Rafiqo\u011flu","author_link":"https:\/\/arantv.az\/?author=2"},"rttpg_comment":0,"rttpg_category":"<a href=\"https:\/\/arantv.az\/?cat=4\" rel=\"category\">Siyas\u0259t<\/a>","rttpg_excerpt":"Nazirl\u0259r Kabinetind\u0259 kadr d\u0259yi\u015fiklikl\u0259ri olub. ARANTV.AZ-\u0131n m\u0259lumat\u0131na g\u00f6r\u0259, bu bar\u0259d\u0259 m\u00fcvafiq s\u0259r\u0259ncam\u0131 Ba\u015f nazir \u018fli \u018fs\u0259dov imzalay\u0131b. S\u0259r\u0259ncama \u0259sas\u0259n, Az\u0259r \u018fmiraslanov Nazirl\u0259r Kabineti Aparat\u0131n\u0131n \u0130qtisadiyyat \u015f\u00f6b\u0259sinin m\u00fcdiri v\u0259zif\u0259sin\u0259 t\u0259yin edilib. Ba\u015f nazirin dig\u0259r s\u0259r\u0259ncam\u0131na g\u00f6r\u0259, Mehman Ta\u011f\u0131yev NK Aparat\u0131n\u0131n Sosial m\u0259s\u0259l\u0259l\u0259r \u015f\u00f6b\u0259sinin m\u00fcdiri v\u0259zif\u0259sin\u0259 t\u0259yinat al\u0131b. Qeyd ed\u0259k ki, d\u00fcn\u0259n\u00a0\u018fli \u018fs\u0259dovun imzalad\u0131\u011f\u0131 s\u0259r\u0259ncama \u0259sas\u0259n, \u018fl\u0259sg\u0259r&hellip;","_links":{"self":[{"href":"https:\/\/arantv.az\/index.php?rest_route=\/wp\/v2\/posts\/103733"}],"collection":[{"href":"https:\/\/arantv.az\/index.php?rest_route=\/wp\/v2\/posts"}],"about":[{"href":"https:\/\/arantv.az\/index.php?rest_route=\/wp\/v2\/types\/post"}],"author":[{"embeddable":true,"href":"https:\/\/arantv.az\/index.php?rest_route=\/wp\/v2\/users\/2"}],"replies":[{"embeddable":true,"href":"https:\/\/arantv.az\/index.php?rest_route=%2Fwp%2Fv2%2Fcomments&post=103733"}],"version-history":[{"count":0,"href":"https:\/\/arantv.az\/index.php?rest_route=\/wp\/v2\/posts\/103733\/revisions"}],"wp:featuredmedia":[{"embeddable":true,"href":"https:\/\/arantv.az\/index.php?rest_route=\/wp\/v2\/media\/103734"}],"wp:attachment":[{"href":"https:\/\/arantv.az\/index.php?rest_route=%2Fwp%2Fv2%2Fmedia&parent=103733"}],"wp:term":[{"taxonomy":"category","embeddable":true,"href":"https:\/\/arantv.az\/index.php?rest_route=%2Fwp%2Fv2%2Fcategories&post=103733"},{"taxonomy":"post_tag","embeddable":true,"href":"https:\/\/arantv.az\/index.php?rest_route=%2Fwp%2Fv2%2Ftags&post=103733"}],"curies":[{"name":"wp","href":"https:\/\/api.w.org\/{rel}","templated":true}]}}