{"id":103757,"date":"2019-12-04T15:26:24","date_gmt":"2019-12-04T12:26:24","guid":{"rendered":"http:\/\/arantv.az\/?p=103757"},"modified":"2019-12-04T15:26:24","modified_gmt":"2019-12-04T12:26:24","slug":"ilham-%c9%99liyev-yeni-t%c9%99yin-etdiyi-icra-bascilari-il%c9%99-gorusdu-foto","status":"publish","type":"post","link":"https:\/\/arantv.az\/?p=103757","title":{"rendered":"\u0130lham \u018fliyev yeni t\u0259yin etdiyi icra ba\u015f\u00e7\u0131lar\u0131 il\u0259 g\u00f6r\u00fc\u015fd\u00fc &#8211; FOTO"},"content":{"rendered":"<p>Az\u0259rbaycan Respublikas\u0131n\u0131n Prezidenti \u0130lham \u018fliyev R\u00fcst\u0259m X\u0259lilovu Hac\u0131qabul Rayon \u0130cra Hakimiyy\u0259tinin ba\u015f\u00e7\u0131s\u0131, V\u00fcqar Novruzovu Naftalan \u015e\u0259h\u0259r \u0130cra Hakimiyy\u0259tinin ba\u015f\u00e7\u0131s\u0131 v\u0259zif\u0259l\u0259rin\u0259 t\u0259yin olunmas\u0131 il\u0259 \u0259laq\u0259dar q\u0259bul edib.<\/p>\n<div id=\"AdviadNativeVideo0\" class=\"AdviadNativeVideo\"><\/div>\n<p>Bununla ba\u011fl\u0131\u00a0<a href=\"https:\/\/azertag.az\/xeber\/Prezident_Ilham_Aliyev_Rustem_Xelilovu_Haciqabul_Rayon_Icra_Hakimiyyetinin_baschisi_Vuqar_Novruzovu_Naftalan_Seher_Icra_Hakimiyyetinin_baschisi_vezifelerine_teyin_olunmasi_ile_elaqedar_qebul_edib_YENILANACAK-1363168\" target=\"_blank\" rel=\"noopener\">AZ\u018fRTAC<\/a>\u00a0m\u0259lumat yay\u0131b.<\/p>\n<div class=\"gallery\">\n<div class=\"gallery-i\"><img src=\"https:\/\/assets.oxu.az\/uploads\/W1siZiIsIjIwMTkvMTIvMDQvMTYvMTgvNTAvZWVjOTlhN2YtNTM3Mi00MWYxLWFmODMtMTEzYTU2Mjc2M2IyLzE1NzU0NjE4NTEzODUyMzU5OTZfMTAwMHg2NjkuanBnIl0sWyJwIiwiZW5jb2RlIiwianBnIiwiLXF1YWxpdHkgODAiXSxbInAiLCJ0aHVtYiIsIjU5MHg1OTBcdTAwM2UiXV0?sha=111e976b428dc6de\" alt=\"\" \/><\/p>\n<div class=\"gallery-i-caption\"><\/div>\n<\/div>\n<div class=\"gallery-i\"><img src=\"https:\/\/assets.oxu.az\/uploads\/W1siZiIsIjIwMTkvMTIvMDQvMTYvMTgvNTMvNmI4YzUwODYtNGY0MC00ZTQ1LThhOTUtNGZmMWMxNjU3MDVkLzE1NzU0NjE4NTEzMTk2OTQ1Njg3XzEwMDB4NjY5LmpwZyJdLFsicCIsImVuY29kZSIsImpwZyIsIi1xdWFsaXR5IDgwIl0sWyJwIiwidGh1bWIiLCI1OTB4NTkwXHUwMDNlIl1d?sha=4dd26c4e0fb9de99\" alt=\"\" \/><\/div>\n<\/div>\n","protected":false},"excerpt":{"rendered":"<p>Az\u0259rbaycan Respublikas\u0131n\u0131n Prezidenti \u0130lham \u018fliyev R\u00fcst\u0259m X\u0259lilovu Hac\u0131qabul Rayon \u0130cra Hakimiyy\u0259tinin ba\u015f\u00e7\u0131s\u0131, V\u00fcqar Novruzovu Naftalan \u015e\u0259h\u0259r \u0130cra Hakimiyy\u0259tinin ba\u015f\u00e7\u0131s\u0131 v\u0259zif\u0259l\u0259rin\u0259 t\u0259yin olunmas\u0131 il\u0259 \u0259laq\u0259dar q\u0259bul edib. Bununla ba\u011fl\u0131\u00a0AZ\u018fRTAC\u00a0m\u0259lumat yay\u0131b.<\/p>\n","protected":false},"author":2,"featured_media":103758,"comment_status":"closed","ping_status":"closed","sticky":false,"template":"","format":"standard","meta":{"om_disable_all_campaigns":false,"_monsterinsights_skip_tracking":false,"_monsterinsights_sitenote_active":false,"_monsterinsights_sitenote_note":"","_monsterinsights_sitenote_category":0},"categories":[4],"tags":[],"aioseo_notices":[],"gutentor_comment":0,"rttpg_featured_image_url":{"full":["https:\/\/arantv.az\/wp-content\/uploads\/2019\/12\/15754618512843555424_1000x669.jpg",620,404,false],"landscape":["https:\/\/arantv.az\/wp-content\/uploads\/2019\/12\/15754618512843555424_1000x669.jpg",620,404,false],"portraits":["https:\/\/arantv.az\/wp-content\/uploads\/2019\/12\/15754618512843555424_1000x669.jpg",620,404,false],"thumbnail":["https:\/\/arantv.az\/wp-content\/uploads\/2019\/12\/15754618512843555424_1000x669-150x150.jpg",150,150,true],"medium":["https:\/\/arantv.az\/wp-content\/uploads\/2019\/12\/15754618512843555424_1000x669-300x195.jpg",300,195,true],"large":["https:\/\/arantv.az\/wp-content\/uploads\/2019\/12\/15754618512843555424_1000x669.jpg",620,404,false],"1536x1536":["https:\/\/arantv.az\/wp-content\/uploads\/2019\/12\/15754618512843555424_1000x669.jpg",620,404,false],"2048x2048":["https:\/\/arantv.az\/wp-content\/uploads\/2019\/12\/15754618512843555424_1000x669.jpg",620,404,false],"post-thumbnail":["https:\/\/arantv.az\/wp-content\/uploads\/2019\/12\/15754618512843555424_1000x669-240x172.jpg",240,172,true],"advps-thumb-one":["https:\/\/arantv.az\/wp-content\/uploads\/2019\/12\/15754618512843555424_1000x669.jpg",620,404,false]},"rttpg_author":{"display_name":"V\u00fcsal Rafiqo\u011flu","author_link":"https:\/\/arantv.az\/?author=2"},"rttpg_comment":0,"rttpg_category":"<a href=\"https:\/\/arantv.az\/?cat=4\" rel=\"category\">Siyas\u0259t<\/a>","rttpg_excerpt":"Az\u0259rbaycan Respublikas\u0131n\u0131n Prezidenti \u0130lham \u018fliyev R\u00fcst\u0259m X\u0259lilovu Hac\u0131qabul Rayon \u0130cra Hakimiyy\u0259tinin ba\u015f\u00e7\u0131s\u0131, V\u00fcqar Novruzovu Naftalan \u015e\u0259h\u0259r \u0130cra Hakimiyy\u0259tinin ba\u015f\u00e7\u0131s\u0131 v\u0259zif\u0259l\u0259rin\u0259 t\u0259yin olunmas\u0131 il\u0259 \u0259laq\u0259dar q\u0259bul edib. Bununla ba\u011fl\u0131\u00a0AZ\u018fRTAC\u00a0m\u0259lumat yay\u0131b.","_links":{"self":[{"href":"https:\/\/arantv.az\/index.php?rest_route=\/wp\/v2\/posts\/103757"}],"collection":[{"href":"https:\/\/arantv.az\/index.php?rest_route=\/wp\/v2\/posts"}],"about":[{"href":"https:\/\/arantv.az\/index.php?rest_route=\/wp\/v2\/types\/post"}],"author":[{"embeddable":true,"href":"https:\/\/arantv.az\/index.php?rest_route=\/wp\/v2\/users\/2"}],"replies":[{"embeddable":true,"href":"https:\/\/arantv.az\/index.php?rest_route=%2Fwp%2Fv2%2Fcomments&post=103757"}],"version-history":[{"count":0,"href":"https:\/\/arantv.az\/index.php?rest_route=\/wp\/v2\/posts\/103757\/revisions"}],"wp:featuredmedia":[{"embeddable":true,"href":"https:\/\/arantv.az\/index.php?rest_route=\/wp\/v2\/media\/103758"}],"wp:attachment":[{"href":"https:\/\/arantv.az\/index.php?rest_route=%2Fwp%2Fv2%2Fmedia&parent=103757"}],"wp:term":[{"taxonomy":"category","embeddable":true,"href":"https:\/\/arantv.az\/index.php?rest_route=%2Fwp%2Fv2%2Fcategories&post=103757"},{"taxonomy":"post_tag","embeddable":true,"href":"https:\/\/arantv.az\/index.php?rest_route=%2Fwp%2Fv2%2Ftags&post=103757"}],"curies":[{"name":"wp","href":"https:\/\/api.w.org\/{rel}","templated":true}]}}