{"id":103765,"date":"2019-12-04T15:39:07","date_gmt":"2019-12-04T12:39:07","guid":{"rendered":"http:\/\/arantv.az\/?p=103765"},"modified":"2019-12-04T15:39:07","modified_gmt":"2019-12-04T12:39:07","slug":"icma-lavrovun-b%c9%99yanati-dagliq-qarabagin-az%c9%99rbaycanli-icmasinin-b%c9%99yanatlarinin-ruhuna-uygundur","status":"publish","type":"post","link":"https:\/\/arantv.az\/?p=103765","title":{"rendered":"\u0130cma: Lavrovun b\u0259yanat\u0131 Da\u011fl\u0131q Qaraba\u011f\u0131n az\u0259rbaycanl\u0131 icmas\u0131n\u0131n b\u0259yanatlar\u0131n\u0131n ruhuna uy\u011fundur"},"content":{"rendered":"<p>Rusiya xarici i\u015fl\u0259r naziri Serqey Lavrovun s\u00f6z\u00fcged\u0259n b\u0259yanat\u0131nda &#8220;\u0259hali&#8221; s\u00f6z\u00fcn\u00fcn qeyd olunmas\u0131 Da\u011fl\u0131q Qaraba\u011f\u0131n az\u0259rbaycanl\u0131 icmas\u0131n\u0131n bu q\u0259bild\u0259n olan b\u0259yanatlar\u0131n\u0131n ruhuna uy\u011fundur.<\/p>\n<p><strong>ARANTV.AZ<\/strong>\u00a0 x\u0259b\u0259r verir ki, Az\u0259rbaycan Respublikas\u0131n\u0131n Da\u011fl\u0131q Qaraba\u011f b\u00f6lg\u0259sinin az\u0259rbaycanl\u0131 icmas\u0131ndan\u00a0<a href=\"https:\/\/az.trend.az\/\" target=\"_blank\" rel=\"noopener\">Trend<\/a>-\u0259 veril\u0259n m\u0259lumata g\u00f6r\u0259, bu bar\u0259d\u0259 icman\u0131n b\u0259yan\u0131nda deyilir.<\/p>\n<p>B\u0259yanatda bildirilir: &#8220;M\u0259lum oldu\u011fu kimi, Rusiya xarici i\u015fl\u0259r naziri Serqey Lavrovun Bak\u0131ya s\u0259f\u0259ri zaman\u0131 Erm\u0259nistan-Az\u0259rbaycan Da\u011fl\u0131q Qaraba\u011f m\u00fcnaqi\u015f\u0259sinin t\u0259nziml\u0259nm\u0259si m\u0259s\u0259l\u0259si diqq\u0259t m\u0259rk\u0259zind\u0259 olmu\u015fdur. Rusiya xarici i\u015fl\u0259r naziri x\u00fcsusil\u0259 Az\u0259rbaycan\u0131n Da\u011fl\u0131q Qaraba\u011f b\u00f6lg\u0259sinin az\u0259rbaycanl\u0131 v\u0259 erm\u0259ni icmalar\u0131 aras\u0131nda birba\u015fa t\u0259maslar\u0131n b\u0259rpa olunmas\u0131n\u0131n \u0259h\u0259miyy\u0259tini qeyd etmi\u015f, bunun \u00e7ox perespektivli m\u00f6vzu oldu\u011funu bildirmi\u015fdir. S.Lavrov h\u0259m\u00e7inin Da\u011fl\u0131q Qaraba\u011f\u0131n b\u00fct\u00fcn \u0259halisinin ist\u0259nil\u0259n halda g\u0259l\u0259c\u0259kd\u0259 nec\u0259 ya\u015fayacaqlar\u0131n\u0131 birg\u0259 m\u00fc\u0259yy\u0259n ed\u0259c\u0259kl\u0259rinin \u00f6n\u0259mini vur\u011fulam\u0131\u015fd\u0131r.<\/p>\n<p>S.Lavrovun s\u00f6z\u00fcged\u0259n b\u0259yanat\u0131nda &#8220;\u0259hali&#8221; s\u00f6z\u00fcn\u00fcn qeyd olunmas\u0131 Da\u011fl\u0131q Qaraba\u011f\u0131n az\u0259rbaycanl\u0131 icmas\u0131n\u0131n bu q\u0259bild\u0259n olan b\u0259yanatlar\u0131n\u0131n ruhuna uy\u011fundur. Bizim \u0259vv\u0259lki b\u0259yanatlar\u0131m\u0131zda d\u0259f\u0259l\u0259rl\u0259 bildirildiyi kimi, Erm\u0259nistan qo\u015funlar\u0131n\u0131n i\u015f\u011fal olunmu\u015f \u0259razil\u0259rimizd\u0259n \u00e7\u0131xar\u0131lmas\u0131, az\u0259rbaycanl\u0131 m\u0259cburi k\u00f6\u00e7k\u00fcnl\u0259rin \u00f6z do\u011fma torpaqlar\u0131na geri qay\u0131tmas\u0131 v\u0259 \u00f6lk\u0259mizin beyn\u0259lxalq s\u0259viyy\u0259d\u0259 tan\u0131nm\u0131\u015f s\u0259rh\u0259Ddl\u0259rinin b\u0259rpa edilm\u0259sind\u0259n sonra, Da\u011fl\u0131q Qaraba\u011f b\u00f6lg\u0259sind\u0259 erm\u0259ni icmas\u0131 il\u0259 s\u00fclh \u015f\u0259raitind\u0259 birg\u0259 ya\u015fay\u0131\u015f\u0131n yenid\u0259n b\u0259rpa edilm\u0259sinin t\u0259r\u0259fdar\u0131y\u0131q.<\/p>\n<p>Da\u011fl\u0131q Qaraba\u011f\u0131n \u0259z\u0259li az\u0259rbaycanl\u0131 sakinl\u0259ri \u00f6z torpaqlar\u0131na qay\u0131tmay\u0131nca, b\u00f6lg\u0259nin h\u0259r hans\u0131 formada inki\u015faf\u0131ndan s\u00f6hb\u0259t ged\u0259 bilm\u0259z. Bizim ali m\u0259qs\u0259dimiz \u00f6z yurdumuza qay\u0131tmaq, da\u011f\u0131d\u0131lm\u0131\u015f tarixi, m\u0259d\u0259ni, dini irsimizi b\u0259rpa etm\u0259k v\u0259 Da\u011fl\u0131q Qaraba\u011fda yenid\u0259n insanlar\u0131n dinc, xo\u015fb\u0259xt \u015f\u0259kild\u0259 ya\u015fay\u0131\u015f\u0131n\u0131 t\u0259min etm\u0259kdir. Yaln\u0131z bel\u0259 olan halda b\u00f6lg\u0259mizd\u0259 \u0259dal\u0259tli v\u0259 daimi s\u00fclh\u00fcn b\u0259rq\u0259rar edilm\u0259si m\u00fcmk\u00fcnd\u00fcr&#8221;.<\/p>\n","protected":false},"excerpt":{"rendered":"<p>Rusiya xarici i\u015fl\u0259r naziri Serqey Lavrovun s\u00f6z\u00fcged\u0259n b\u0259yanat\u0131nda &#8220;\u0259hali&#8221; s\u00f6z\u00fcn\u00fcn qeyd olunmas\u0131 Da\u011fl\u0131q Qaraba\u011f\u0131n az\u0259rbaycanl\u0131 icmas\u0131n\u0131n bu q\u0259bild\u0259n olan b\u0259yanatlar\u0131n\u0131n ruhuna uy\u011fundur. ARANTV.AZ\u00a0 x\u0259b\u0259r verir ki, Az\u0259rbaycan Respublikas\u0131n\u0131n Da\u011fl\u0131q Qaraba\u011f b\u00f6lg\u0259sinin az\u0259rbaycanl\u0131 icmas\u0131ndan\u00a0Trend-\u0259 veril\u0259n m\u0259lumata g\u00f6r\u0259, bu bar\u0259d\u0259 icman\u0131n b\u0259yan\u0131nda deyilir. B\u0259yanatda bildirilir: &#8220;M\u0259lum oldu\u011fu kimi, Rusiya xarici i\u015fl\u0259r naziri Serqey Lavrovun Bak\u0131ya s\u0259f\u0259ri zaman\u0131 Erm\u0259nistan-Az\u0259rbaycan Da\u011fl\u0131q Qaraba\u011f m\u00fcnaqi\u015f\u0259sinin t\u0259nziml\u0259nm\u0259si m\u0259s\u0259l\u0259si diqq\u0259t m\u0259rk\u0259zind\u0259 olmu\u015fdur. Rusiya xarici i\u015fl\u0259r naziri x\u00fcsusil\u0259 Az\u0259rbaycan\u0131n Da\u011fl\u0131q Qaraba\u011f b\u00f6lg\u0259sinin az\u0259rbaycanl\u0131 v\u0259 erm\u0259ni icmalar\u0131 aras\u0131nda birba\u015fa t\u0259maslar\u0131n b\u0259rpa olunmas\u0131n\u0131n \u0259h\u0259miyy\u0259tini qeyd etmi\u015f, bunun \u00e7ox perespektivli m\u00f6vzu oldu\u011funu&hellip;<\/p>\n","protected":false},"author":2,"featured_media":103766,"comment_status":"closed","ping_status":"closed","sticky":false,"template":"","format":"standard","meta":{"om_disable_all_campaigns":false,"_monsterinsights_skip_tracking":false,"_monsterinsights_sitenote_active":false,"_monsterinsights_sitenote_note":"","_monsterinsights_sitenote_category":0},"categories":[4],"tags":[],"aioseo_notices":[],"gutentor_comment":0,"rttpg_featured_image_url":{"full":["https:\/\/arantv.az\/wp-content\/uploads\/2019\/12\/807747.jpg",800,600,false],"landscape":["https:\/\/arantv.az\/wp-content\/uploads\/2019\/12\/807747.jpg",800,600,false],"portraits":["https:\/\/arantv.az\/wp-content\/uploads\/2019\/12\/807747.jpg",800,600,false],"thumbnail":["https:\/\/arantv.az\/wp-content\/uploads\/2019\/12\/807747-150x150.jpg",150,150,true],"medium":["https:\/\/arantv.az\/wp-content\/uploads\/2019\/12\/807747-300x225.jpg",300,225,true],"large":["https:\/\/arantv.az\/wp-content\/uploads\/2019\/12\/807747.jpg",640,480,false],"1536x1536":["https:\/\/arantv.az\/wp-content\/uploads\/2019\/12\/807747.jpg",800,600,false],"2048x2048":["https:\/\/arantv.az\/wp-content\/uploads\/2019\/12\/807747.jpg",800,600,false],"post-thumbnail":["https:\/\/arantv.az\/wp-content\/uploads\/2019\/12\/807747-240x172.jpg",240,172,true],"advps-thumb-one":["https:\/\/arantv.az\/wp-content\/uploads\/2019\/12\/807747.jpg",800,600,false]},"rttpg_author":{"display_name":"V\u00fcsal Rafiqo\u011flu","author_link":"https:\/\/arantv.az\/?author=2"},"rttpg_comment":0,"rttpg_category":"<a href=\"https:\/\/arantv.az\/?cat=4\" rel=\"category\">Siyas\u0259t<\/a>","rttpg_excerpt":"Rusiya xarici i\u015fl\u0259r naziri Serqey Lavrovun s\u00f6z\u00fcged\u0259n b\u0259yanat\u0131nda &#8220;\u0259hali&#8221; s\u00f6z\u00fcn\u00fcn qeyd olunmas\u0131 Da\u011fl\u0131q Qaraba\u011f\u0131n az\u0259rbaycanl\u0131 icmas\u0131n\u0131n bu q\u0259bild\u0259n olan b\u0259yanatlar\u0131n\u0131n ruhuna uy\u011fundur. ARANTV.AZ\u00a0 x\u0259b\u0259r verir ki, Az\u0259rbaycan Respublikas\u0131n\u0131n Da\u011fl\u0131q Qaraba\u011f b\u00f6lg\u0259sinin az\u0259rbaycanl\u0131 icmas\u0131ndan\u00a0Trend-\u0259 veril\u0259n m\u0259lumata g\u00f6r\u0259, bu bar\u0259d\u0259 icman\u0131n b\u0259yan\u0131nda deyilir. B\u0259yanatda bildirilir: &#8220;M\u0259lum oldu\u011fu kimi, Rusiya xarici i\u015fl\u0259r naziri Serqey Lavrovun Bak\u0131ya s\u0259f\u0259ri zaman\u0131&hellip;","_links":{"self":[{"href":"https:\/\/arantv.az\/index.php?rest_route=\/wp\/v2\/posts\/103765"}],"collection":[{"href":"https:\/\/arantv.az\/index.php?rest_route=\/wp\/v2\/posts"}],"about":[{"href":"https:\/\/arantv.az\/index.php?rest_route=\/wp\/v2\/types\/post"}],"author":[{"embeddable":true,"href":"https:\/\/arantv.az\/index.php?rest_route=\/wp\/v2\/users\/2"}],"replies":[{"embeddable":true,"href":"https:\/\/arantv.az\/index.php?rest_route=%2Fwp%2Fv2%2Fcomments&post=103765"}],"version-history":[{"count":0,"href":"https:\/\/arantv.az\/index.php?rest_route=\/wp\/v2\/posts\/103765\/revisions"}],"wp:featuredmedia":[{"embeddable":true,"href":"https:\/\/arantv.az\/index.php?rest_route=\/wp\/v2\/media\/103766"}],"wp:attachment":[{"href":"https:\/\/arantv.az\/index.php?rest_route=%2Fwp%2Fv2%2Fmedia&parent=103765"}],"wp:term":[{"taxonomy":"category","embeddable":true,"href":"https:\/\/arantv.az\/index.php?rest_route=%2Fwp%2Fv2%2Fcategories&post=103765"},{"taxonomy":"post_tag","embeddable":true,"href":"https:\/\/arantv.az\/index.php?rest_route=%2Fwp%2Fv2%2Ftags&post=103765"}],"curies":[{"name":"wp","href":"https:\/\/api.w.org\/{rel}","templated":true}]}}