{"id":103777,"date":"2019-12-04T15:43:15","date_gmt":"2019-12-04T12:43:15","guid":{"rendered":"http:\/\/arantv.az\/?p=103777"},"modified":"2019-12-04T15:43:15","modified_gmt":"2019-12-04T12:43:15","slug":"turizm-burosu-az%c9%99rbaycan-cinli-turistl%c9%99ri-q%c9%99bul-etm%c9%99y%c9%99-yet%c9%99rinc%c9%99-hazir-deyil","status":"publish","type":"post","link":"https:\/\/arantv.az\/?p=103777","title":{"rendered":"Turizm B\u00fcrosu: Az\u0259rbaycan \u00e7inli turistl\u0259ri q\u0259bul etm\u0259y\u0259 yet\u0259rinc\u0259 haz\u0131r deyil"},"content":{"rendered":"<p>&#8220;Az\u0259rbaycan \u00c7ind\u0259n turist k\u00fctl\u0259sini q\u0259bul etm\u0259k \u00fc\u00e7\u00fcn yet\u0259rinc\u0259 haz\u0131r deyil&#8221;.<\/p>\n<p><strong>ARANTV.AZ<\/strong>\u00a0\u00a0<a href=\"https:\/\/az.trend.az\/\" target=\"_blank\" rel=\"noopener\">Trend<\/a>-\u0259 istinad\u0259n x\u0259b\u0259r verir ki, bunu Az\u0259rbaycan Turizm B\u00fcrosunun Ba\u015f icra\u00e7\u0131 direktoru Florian Zenqst\u015fmit Az\u0259rbaycan Hotel Assosiasiyas\u0131n\u0131n II Ba\u015f Assambleyas\u0131nda \u00e7\u0131x\u0131\u015f\u0131 zaman\u0131 deyib.<\/p>\n<p>Onun s\u00f6zl\u0259rin\u0259 g\u00f6r\u0259, \u00c7in turistl\u0259rinin Az\u0259rbaycana ax\u0131n\u0131n\u0131 t\u0259min etm\u0259k \u00fc\u00e7\u00fcn m\u00fc\u0259yy\u0259n i\u015fl\u0259r g\u00f6r\u00fclm\u0259lidir.<\/p>\n<p>F.Zenqst\u015fmit \u0259lav\u0259 edib ki, 2020-ci ild\u0259 \u00c7ind\u0259n Az\u0259rbaycana yeni hava x\u0259tl\u0259ri a\u00e7\u0131lacaq. Bu da Az\u0259rbaycan\u0131n turizm potensial\u0131n\u0131n h\u0259cmini art\u0131rma\u011fa k\u00f6m\u0259k ed\u0259c\u0259k:<\/p>\n<p>&#8220;Eyni zamanda, yeni m\u00fcqavil\u0259l\u0259rin ba\u011flanmas\u0131 n\u0259z\u0259rd\u0259 tutulur. Bunun da n\u0259tic\u0259sind\u0259 Az\u0259rbaycan \u00c7in turistl\u0259ri \u00fc\u00e7\u00fcn \u00f6z\u00fcn\u00fc t\u0259sdiql\u0259mi\u015f m\u0259kan kimi g\u00f6st\u0259r\u0259 bil\u0259c\u0259k. \u00d6z t\u0259cr\u00fcb\u0259m\u0259 \u0259saslanaraq deyim ki, Avstriya il\u0259 \u00c7in aras\u0131nda bel\u0259 bir m\u00fcqavil\u0259nin ba\u011flanmas\u0131 \u00fc\u00e7\u00fcn i\u015f aparm\u0131\u015fd\u0131m. \u00c7ox m\u00fcsb\u0259t n\u0259tic\u0259 \u0259ld\u0259 etdik, Avstriyaya g\u0259l\u0259n turistl\u0259rin say\u0131 xeyli artd\u0131&#8221;.<\/p>\n<p>\u0130cra\u00e7\u0131 direktor hesab edir ki, \u00e7inli turistl\u0259ri c\u0259lb etm\u0259k m\u0259qs\u0259di il\u0259 \u00c7in dilind\u0259 dan\u0131\u015fa bil\u0259n turizm xidm\u0259ti g\u00f6st\u0259r\u0259n hey\u0259tin haz\u0131rlanmas\u0131 \u00fc\u00e7\u00fcn i\u015fl\u0259r apar\u0131lmal\u0131d\u0131r.<\/p>\n","protected":false},"excerpt":{"rendered":"<p>&#8220;Az\u0259rbaycan \u00c7ind\u0259n turist k\u00fctl\u0259sini q\u0259bul etm\u0259k \u00fc\u00e7\u00fcn yet\u0259rinc\u0259 haz\u0131r deyil&#8221;. ARANTV.AZ\u00a0\u00a0Trend-\u0259 istinad\u0259n x\u0259b\u0259r verir ki, bunu Az\u0259rbaycan Turizm B\u00fcrosunun Ba\u015f icra\u00e7\u0131 direktoru Florian Zenqst\u015fmit Az\u0259rbaycan Hotel Assosiasiyas\u0131n\u0131n II Ba\u015f Assambleyas\u0131nda \u00e7\u0131x\u0131\u015f\u0131 zaman\u0131 deyib. Onun s\u00f6zl\u0259rin\u0259 g\u00f6r\u0259, \u00c7in turistl\u0259rinin Az\u0259rbaycana ax\u0131n\u0131n\u0131 t\u0259min etm\u0259k \u00fc\u00e7\u00fcn m\u00fc\u0259yy\u0259n i\u015fl\u0259r g\u00f6r\u00fclm\u0259lidir. F.Zenqst\u015fmit \u0259lav\u0259 edib ki, 2020-ci ild\u0259 \u00c7ind\u0259n Az\u0259rbaycana yeni hava x\u0259tl\u0259ri a\u00e7\u0131lacaq. Bu da Az\u0259rbaycan\u0131n turizm potensial\u0131n\u0131n h\u0259cmini art\u0131rma\u011fa k\u00f6m\u0259k ed\u0259c\u0259k: &#8220;Eyni zamanda, yeni m\u00fcqavil\u0259l\u0259rin ba\u011flanmas\u0131 n\u0259z\u0259rd\u0259 tutulur. Bunun da n\u0259tic\u0259sind\u0259 Az\u0259rbaycan \u00c7in turistl\u0259ri \u00fc\u00e7\u00fcn \u00f6z\u00fcn\u00fc t\u0259sdiql\u0259mi\u015f m\u0259kan kimi g\u00f6st\u0259r\u0259 bil\u0259c\u0259k. \u00d6z t\u0259cr\u00fcb\u0259m\u0259 \u0259saslanaraq&hellip;<\/p>\n","protected":false},"author":2,"featured_media":103778,"comment_status":"closed","ping_status":"closed","sticky":false,"template":"","format":"standard","meta":{"om_disable_all_campaigns":false,"_monsterinsights_skip_tracking":false,"_monsterinsights_sitenote_active":false,"_monsterinsights_sitenote_note":"","_monsterinsights_sitenote_category":0},"categories":[1],"tags":[],"aioseo_notices":[],"gutentor_comment":0,"rttpg_featured_image_url":{"full":["https:\/\/arantv.az\/wp-content\/uploads\/2019\/12\/807713.jpg",800,600,false],"landscape":["https:\/\/arantv.az\/wp-content\/uploads\/2019\/12\/807713.jpg",800,600,false],"portraits":["https:\/\/arantv.az\/wp-content\/uploads\/2019\/12\/807713.jpg",800,600,false],"thumbnail":["https:\/\/arantv.az\/wp-content\/uploads\/2019\/12\/807713-150x150.jpg",150,150,true],"medium":["https:\/\/arantv.az\/wp-content\/uploads\/2019\/12\/807713-300x225.jpg",300,225,true],"large":["https:\/\/arantv.az\/wp-content\/uploads\/2019\/12\/807713.jpg",640,480,false],"1536x1536":["https:\/\/arantv.az\/wp-content\/uploads\/2019\/12\/807713.jpg",800,600,false],"2048x2048":["https:\/\/arantv.az\/wp-content\/uploads\/2019\/12\/807713.jpg",800,600,false],"post-thumbnail":["https:\/\/arantv.az\/wp-content\/uploads\/2019\/12\/807713-240x172.jpg",240,172,true],"advps-thumb-one":["https:\/\/arantv.az\/wp-content\/uploads\/2019\/12\/807713.jpg",800,600,false]},"rttpg_author":{"display_name":"V\u00fcsal Rafiqo\u011flu","author_link":"https:\/\/arantv.az\/?author=2"},"rttpg_comment":0,"rttpg_category":"<a href=\"https:\/\/arantv.az\/?cat=1\" rel=\"category\">C\u0259miyy\u0259t<\/a>","rttpg_excerpt":"&#8220;Az\u0259rbaycan \u00c7ind\u0259n turist k\u00fctl\u0259sini q\u0259bul etm\u0259k \u00fc\u00e7\u00fcn yet\u0259rinc\u0259 haz\u0131r deyil&#8221;. ARANTV.AZ\u00a0\u00a0Trend-\u0259 istinad\u0259n x\u0259b\u0259r verir ki, bunu Az\u0259rbaycan Turizm B\u00fcrosunun Ba\u015f icra\u00e7\u0131 direktoru Florian Zenqst\u015fmit Az\u0259rbaycan Hotel Assosiasiyas\u0131n\u0131n II Ba\u015f Assambleyas\u0131nda \u00e7\u0131x\u0131\u015f\u0131 zaman\u0131 deyib. Onun s\u00f6zl\u0259rin\u0259 g\u00f6r\u0259, \u00c7in turistl\u0259rinin Az\u0259rbaycana ax\u0131n\u0131n\u0131 t\u0259min etm\u0259k \u00fc\u00e7\u00fcn m\u00fc\u0259yy\u0259n i\u015fl\u0259r g\u00f6r\u00fclm\u0259lidir. F.Zenqst\u015fmit \u0259lav\u0259 edib ki, 2020-ci ild\u0259 \u00c7ind\u0259n Az\u0259rbaycana yeni&hellip;","_links":{"self":[{"href":"https:\/\/arantv.az\/index.php?rest_route=\/wp\/v2\/posts\/103777"}],"collection":[{"href":"https:\/\/arantv.az\/index.php?rest_route=\/wp\/v2\/posts"}],"about":[{"href":"https:\/\/arantv.az\/index.php?rest_route=\/wp\/v2\/types\/post"}],"author":[{"embeddable":true,"href":"https:\/\/arantv.az\/index.php?rest_route=\/wp\/v2\/users\/2"}],"replies":[{"embeddable":true,"href":"https:\/\/arantv.az\/index.php?rest_route=%2Fwp%2Fv2%2Fcomments&post=103777"}],"version-history":[{"count":0,"href":"https:\/\/arantv.az\/index.php?rest_route=\/wp\/v2\/posts\/103777\/revisions"}],"wp:featuredmedia":[{"embeddable":true,"href":"https:\/\/arantv.az\/index.php?rest_route=\/wp\/v2\/media\/103778"}],"wp:attachment":[{"href":"https:\/\/arantv.az\/index.php?rest_route=%2Fwp%2Fv2%2Fmedia&parent=103777"}],"wp:term":[{"taxonomy":"category","embeddable":true,"href":"https:\/\/arantv.az\/index.php?rest_route=%2Fwp%2Fv2%2Fcategories&post=103777"},{"taxonomy":"post_tag","embeddable":true,"href":"https:\/\/arantv.az\/index.php?rest_route=%2Fwp%2Fv2%2Ftags&post=103777"}],"curies":[{"name":"wp","href":"https:\/\/api.w.org\/{rel}","templated":true}]}}