{"id":103785,"date":"2019-12-04T15:48:40","date_gmt":"2019-12-04T12:48:40","guid":{"rendered":"http:\/\/arantv.az\/?p=103785"},"modified":"2019-12-04T15:48:40","modified_gmt":"2019-12-04T12:48:40","slug":"icra-bascisi-t%c9%99yin-edil%c9%99n-39-yasli-vuqar-novruzov-kimdir-dosye","status":"publish","type":"post","link":"https:\/\/arantv.az\/?p=103785","title":{"rendered":"\u0130cra ba\u015f\u00e7\u0131s\u0131 t\u0259yin edil\u0259n 39 ya\u015fl\u0131 V\u00fcqar Novruzov kimdir? &#8211; DOSYE"},"content":{"rendered":"<p>Prezident \u0130lham \u018fliyevin imzalad\u0131\u011f\u0131 s\u0259r\u0259ncamla Novruzov V\u00fcqar Vahid o\u011flu Naftalan \u015f\u0259h\u0259r \u0130cra Hakimiyy\u0259tinin ba\u015f\u00e7\u0131s\u0131 t\u0259yin edilib.<\/p>\n<p><b>ARANTV.AZ\u00a0<\/b> x\u0259b\u0259r verir ki, V.Novruzov 1980-c\u0131 ild\u0259 Bak\u0131 \u015f\u0259h\u0259rind\u0259 anadan olub. 2001-ci ild\u0259 Az\u0259rbaycan Texniki Universitetinin M\u00fch\u0259ndis-menecment ixtisas\u0131 \u00fczr\u0259 bakalavr, 2004-c\u00fc ild\u0259 Az\u0259rbaycan D\u00f6vl\u0259t \u0130qtisad Universitetinin M\u00fchasibat u\u00e7otu v\u0259 audit ixtisas\u0131 \u00fczr\u0259 magistratura pill\u0259sini, 2017-ci ild\u0259 Az\u0259rbaycan Respublikas\u0131n\u0131n Prezidenti yan\u0131nda D\u00f6vl\u0259t \u0130dar\u0259\u00e7ilik Akademiyas\u0131n\u0131n D\u00f6vl\u0259t v\u0259 b\u0259l\u0259diyy\u0259 idar\u0259etm\u0259si ixtisas\u0131 \u00fczr\u0259 magistratura pill\u0259sini bitirib.<br \/>\n\u018fm\u0259k f\u0259aliyy\u0259tin\u0259 2002-2003-c\u00fc ill\u0259rd\u0259 Az\u0259rbaycan Respublikas\u0131n\u0131n Hesablama Palatas\u0131n\u0131n T\u0259\u015fkilat \u015f\u00f6b\u0259sind\u0259 b\u00f6y\u00fck m\u00fct\u0259x\u0259ssis kimi ba\u015flay\u0131b. 2003-2007-ci ill\u0259rd\u0259 Az\u0259rbaycan Respublikas\u0131 Hesablama Palatas\u0131n\u0131n b\u00f6y\u00fck m\u00fct\u0259x\u0259ssisi, m\u0259sl\u0259h\u0259t\u00e7isi, apar\u0131c\u0131 m\u0259sl\u0259h\u0259t\u00e7isi, sektor m\u00fcdiri, 2007-2019-cu ill\u0259rd\u0259 Az\u0259rbaycan Respublikas\u0131 Prezidentinin Administrasiyas\u0131n\u0131n \u018frazi-t\u0259\u015fkilat m\u0259s\u0259l\u0259l\u0259ri \u015f\u00f6b\u0259sind\u0259 m\u0259sl\u0259h\u0259t\u00e7i, ba\u015f m\u0259sl\u0259h\u0259t\u00e7i v\u0259zif\u0259l\u0259rind\u0259 \u00e7al\u0131\u015f\u0131b. Yeni Az\u0259rbaycan Partiyas\u0131n\u0131n \u00fczv\u00fcd\u00fcr.<\/p>\n<div><\/div>\n<p>Bak\u0131 \u015f\u0259h\u0259ri X\u0259z\u0259r Rayon \u0130cra Hakimiyy\u0259ti ba\u015f\u00e7\u0131s\u0131n\u0131n 27 sentyabr 2019-cu il tarixli 107 n\u00f6mr\u0259li \u018fmri il\u0259 X\u0259z\u0259r Rayon \u0130cra Hakimiyy\u0259ti ba\u015f\u00e7\u0131s\u0131n\u0131n m\u00fcavini v\u0259zif\u0259sin\u0259 t\u0259yin edilib. D\u00f6vl\u0259t qullu\u011funun ba\u015f m\u00fc\u015faviridir.<\/p>\n<p>Ail\u0259lidir, \u00fc\u00e7 \u00f6vlad\u0131 var.<\/p>\n<p>Sonxeber.az<\/p>\n","protected":false},"excerpt":{"rendered":"<p>Prezident \u0130lham \u018fliyevin imzalad\u0131\u011f\u0131 s\u0259r\u0259ncamla Novruzov V\u00fcqar Vahid o\u011flu Naftalan \u015f\u0259h\u0259r \u0130cra Hakimiyy\u0259tinin ba\u015f\u00e7\u0131s\u0131 t\u0259yin edilib. ARANTV.AZ\u00a0 x\u0259b\u0259r verir ki, V.Novruzov 1980-c\u0131 ild\u0259 Bak\u0131 \u015f\u0259h\u0259rind\u0259 anadan olub. 2001-ci ild\u0259 Az\u0259rbaycan Texniki Universitetinin M\u00fch\u0259ndis-menecment ixtisas\u0131 \u00fczr\u0259 bakalavr, 2004-c\u00fc ild\u0259 Az\u0259rbaycan D\u00f6vl\u0259t \u0130qtisad Universitetinin M\u00fchasibat u\u00e7otu v\u0259 audit ixtisas\u0131 \u00fczr\u0259 magistratura pill\u0259sini, 2017-ci ild\u0259 Az\u0259rbaycan Respublikas\u0131n\u0131n Prezidenti yan\u0131nda D\u00f6vl\u0259t \u0130dar\u0259\u00e7ilik Akademiyas\u0131n\u0131n D\u00f6vl\u0259t v\u0259 b\u0259l\u0259diyy\u0259 idar\u0259etm\u0259si ixtisas\u0131 \u00fczr\u0259 magistratura pill\u0259sini bitirib. \u018fm\u0259k f\u0259aliyy\u0259tin\u0259 2002-2003-c\u00fc ill\u0259rd\u0259 Az\u0259rbaycan Respublikas\u0131n\u0131n Hesablama Palatas\u0131n\u0131n T\u0259\u015fkilat \u015f\u00f6b\u0259sind\u0259 b\u00f6y\u00fck m\u00fct\u0259x\u0259ssis kimi ba\u015flay\u0131b. 2003-2007-ci ill\u0259rd\u0259 Az\u0259rbaycan Respublikas\u0131 Hesablama Palatas\u0131n\u0131n b\u00f6y\u00fck m\u00fct\u0259x\u0259ssisi,&hellip;<\/p>\n","protected":false},"author":2,"featured_media":103786,"comment_status":"closed","ping_status":"closed","sticky":false,"template":"","format":"standard","meta":{"om_disable_all_campaigns":false,"_monsterinsights_skip_tracking":false,"_monsterinsights_sitenote_active":false,"_monsterinsights_sitenote_note":"","_monsterinsights_sitenote_category":0},"categories":[1],"tags":[],"aioseo_notices":[],"gutentor_comment":0,"rttpg_featured_image_url":{"full":["https:\/\/arantv.az\/wp-content\/uploads\/2019\/12\/scan_20190930_21.jpg",549,309,false],"landscape":["https:\/\/arantv.az\/wp-content\/uploads\/2019\/12\/scan_20190930_21.jpg",549,309,false],"portraits":["https:\/\/arantv.az\/wp-content\/uploads\/2019\/12\/scan_20190930_21.jpg",549,309,false],"thumbnail":["https:\/\/arantv.az\/wp-content\/uploads\/2019\/12\/scan_20190930_21-150x150.jpg",150,150,true],"medium":["https:\/\/arantv.az\/wp-content\/uploads\/2019\/12\/scan_20190930_21-300x169.jpg",300,169,true],"large":["https:\/\/arantv.az\/wp-content\/uploads\/2019\/12\/scan_20190930_21.jpg",549,309,false],"1536x1536":["https:\/\/arantv.az\/wp-content\/uploads\/2019\/12\/scan_20190930_21.jpg",549,309,false],"2048x2048":["https:\/\/arantv.az\/wp-content\/uploads\/2019\/12\/scan_20190930_21.jpg",549,309,false],"post-thumbnail":["https:\/\/arantv.az\/wp-content\/uploads\/2019\/12\/scan_20190930_21-240x172.jpg",240,172,true],"advps-thumb-one":["https:\/\/arantv.az\/wp-content\/uploads\/2019\/12\/scan_20190930_21.jpg",549,309,false]},"rttpg_author":{"display_name":"V\u00fcsal Rafiqo\u011flu","author_link":"https:\/\/arantv.az\/?author=2"},"rttpg_comment":0,"rttpg_category":"<a href=\"https:\/\/arantv.az\/?cat=1\" rel=\"category\">C\u0259miyy\u0259t<\/a>","rttpg_excerpt":"Prezident \u0130lham \u018fliyevin imzalad\u0131\u011f\u0131 s\u0259r\u0259ncamla Novruzov V\u00fcqar Vahid o\u011flu Naftalan \u015f\u0259h\u0259r \u0130cra Hakimiyy\u0259tinin ba\u015f\u00e7\u0131s\u0131 t\u0259yin edilib. ARANTV.AZ\u00a0 x\u0259b\u0259r verir ki, V.Novruzov 1980-c\u0131 ild\u0259 Bak\u0131 \u015f\u0259h\u0259rind\u0259 anadan olub. 2001-ci ild\u0259 Az\u0259rbaycan Texniki Universitetinin M\u00fch\u0259ndis-menecment ixtisas\u0131 \u00fczr\u0259 bakalavr, 2004-c\u00fc ild\u0259 Az\u0259rbaycan D\u00f6vl\u0259t \u0130qtisad Universitetinin M\u00fchasibat u\u00e7otu v\u0259 audit ixtisas\u0131 \u00fczr\u0259 magistratura pill\u0259sini, 2017-ci ild\u0259 Az\u0259rbaycan Respublikas\u0131n\u0131n Prezidenti&hellip;","_links":{"self":[{"href":"https:\/\/arantv.az\/index.php?rest_route=\/wp\/v2\/posts\/103785"}],"collection":[{"href":"https:\/\/arantv.az\/index.php?rest_route=\/wp\/v2\/posts"}],"about":[{"href":"https:\/\/arantv.az\/index.php?rest_route=\/wp\/v2\/types\/post"}],"author":[{"embeddable":true,"href":"https:\/\/arantv.az\/index.php?rest_route=\/wp\/v2\/users\/2"}],"replies":[{"embeddable":true,"href":"https:\/\/arantv.az\/index.php?rest_route=%2Fwp%2Fv2%2Fcomments&post=103785"}],"version-history":[{"count":0,"href":"https:\/\/arantv.az\/index.php?rest_route=\/wp\/v2\/posts\/103785\/revisions"}],"wp:featuredmedia":[{"embeddable":true,"href":"https:\/\/arantv.az\/index.php?rest_route=\/wp\/v2\/media\/103786"}],"wp:attachment":[{"href":"https:\/\/arantv.az\/index.php?rest_route=%2Fwp%2Fv2%2Fmedia&parent=103785"}],"wp:term":[{"taxonomy":"category","embeddable":true,"href":"https:\/\/arantv.az\/index.php?rest_route=%2Fwp%2Fv2%2Fcategories&post=103785"},{"taxonomy":"post_tag","embeddable":true,"href":"https:\/\/arantv.az\/index.php?rest_route=%2Fwp%2Fv2%2Ftags&post=103785"}],"curies":[{"name":"wp","href":"https:\/\/api.w.org\/{rel}","templated":true}]}}