{"id":103793,"date":"2019-12-04T15:51:26","date_gmt":"2019-12-04T12:51:26","guid":{"rendered":"http:\/\/arantv.az\/?p=103793"},"modified":"2019-12-04T15:51:26","modified_gmt":"2019-12-04T12:51:26","slug":"iranin-bas-q%c9%99rargah-r%c9%99isind%c9%99n-az%c9%99rbaycanla-bagli-mesaj","status":"publish","type":"post","link":"https:\/\/arantv.az\/?p=103793","title":{"rendered":"\u0130ran\u0131n Ba\u015f Q\u0259rargah r\u0259isind\u0259n Az\u0259rbaycanla ba\u011fl\u0131 &#8211; MESAJ"},"content":{"rendered":"<p>\u0130ranla Az\u0259rbaycan\u0131n h\u0259rbi hava q\u00fcvv\u0259l\u0259ri aras\u0131ndak\u0131 \u0259laq\u0259l\u0259rin g\u00fccl\u0259ndirilm\u0259sini prioritet istiqam\u0259tl\u0259rd\u0259n say\u0131r\u0131q.<\/p>\n<p><strong>ARANTV.AZ<\/strong> -\u0131nx\u0259b\u0259rin\u0259 g\u00f6r\u0259, bunu \u0130ran\u0131n Silahl\u0131 Q\u00fcv\u0259l\u0259rinin Ba\u015f Q\u0259rargah r\u0259isi M\u0259h\u0259mm\u0259d Baqeri Az\u0259rbaycan\u0131n Ba\u015f nazirinin m\u00fcavini \u015eahin Mustafayevl\u0259 ke\u00e7irdiyi g\u00f6r\u00fc\u015fd\u0259 deyib.<\/p>\n<p>G\u00f6r\u00fc\u015fd\u0259 t\u0259r\u0259fl\u0259r \u0259laq\u0259l\u0259rin inki\u015faf\u0131n\u0131n m\u00fcxt\u0259lif aspektl\u0259rini, x\u00fcsusil\u0259 t\u0259hl\u00fck\u0259sizlik v\u0259 m\u00fcdafi\u0259 sferas\u0131n\u0131 n\u0259z\u0259rd\u0259n ke\u00e7iribl\u0259r.<\/p>\n<div id=\"AdviadNativeVideo0\" class=\"AdviadNativeVideo\"><\/div>\n<p>\u015e.Mustafayev qeyd edib ki, M.Baqerinin Az\u0259rbaycana sonuncu s\u0259f\u0259ri qar\u015f\u0131l\u0131ql\u0131 \u0259m\u0259kda\u015fl\u0131\u011f\u0131n m\u00f6hk\u0259ml\u0259nm\u0259sind\u0259 d\u00f6n\u00fc\u015f n\u00f6qt\u0259sidir.<\/p>\n<p>Qeyd ed\u0259k ki, M.Baqeri 2019-cu ilin yanvar\u0131nda Az\u0259rbaycana s\u0259f\u0259r\u0259 g\u0259lmi\u015fdi.Oxu.Az<\/p>\n","protected":false},"excerpt":{"rendered":"<p>\u0130ranla Az\u0259rbaycan\u0131n h\u0259rbi hava q\u00fcvv\u0259l\u0259ri aras\u0131ndak\u0131 \u0259laq\u0259l\u0259rin g\u00fccl\u0259ndirilm\u0259sini prioritet istiqam\u0259tl\u0259rd\u0259n say\u0131r\u0131q. ARANTV.AZ -\u0131nx\u0259b\u0259rin\u0259 g\u00f6r\u0259, bunu \u0130ran\u0131n Silahl\u0131 Q\u00fcv\u0259l\u0259rinin Ba\u015f Q\u0259rargah r\u0259isi M\u0259h\u0259mm\u0259d Baqeri Az\u0259rbaycan\u0131n Ba\u015f nazirinin m\u00fcavini \u015eahin Mustafayevl\u0259 ke\u00e7irdiyi g\u00f6r\u00fc\u015fd\u0259 deyib. G\u00f6r\u00fc\u015fd\u0259 t\u0259r\u0259fl\u0259r \u0259laq\u0259l\u0259rin inki\u015faf\u0131n\u0131n m\u00fcxt\u0259lif aspektl\u0259rini, x\u00fcsusil\u0259 t\u0259hl\u00fck\u0259sizlik v\u0259 m\u00fcdafi\u0259 sferas\u0131n\u0131 n\u0259z\u0259rd\u0259n ke\u00e7iribl\u0259r. \u015e.Mustafayev qeyd edib ki, M.Baqerinin Az\u0259rbaycana sonuncu s\u0259f\u0259ri qar\u015f\u0131l\u0131ql\u0131 \u0259m\u0259kda\u015fl\u0131\u011f\u0131n m\u00f6hk\u0259ml\u0259nm\u0259sind\u0259 d\u00f6n\u00fc\u015f n\u00f6qt\u0259sidir. Qeyd ed\u0259k ki, M.Baqeri 2019-cu ilin yanvar\u0131nda Az\u0259rbaycana s\u0259f\u0259r\u0259 g\u0259lmi\u015fdi.Oxu.Az<\/p>\n","protected":false},"author":2,"featured_media":103794,"comment_status":"closed","ping_status":"closed","sticky":false,"template":"","format":"standard","meta":{"om_disable_all_campaigns":false,"_monsterinsights_skip_tracking":false,"_monsterinsights_sitenote_active":false,"_monsterinsights_sitenote_note":"","_monsterinsights_sitenote_category":0},"categories":[4],"tags":[],"aioseo_notices":[],"gutentor_comment":0,"rttpg_featured_image_url":{"full":["https:\/\/arantv.az\/wp-content\/uploads\/2019\/12\/trend_mohammed_bagheri_170119_06.jpg",620,413,false],"landscape":["https:\/\/arantv.az\/wp-content\/uploads\/2019\/12\/trend_mohammed_bagheri_170119_06.jpg",620,413,false],"portraits":["https:\/\/arantv.az\/wp-content\/uploads\/2019\/12\/trend_mohammed_bagheri_170119_06.jpg",620,413,false],"thumbnail":["https:\/\/arantv.az\/wp-content\/uploads\/2019\/12\/trend_mohammed_bagheri_170119_06-150x150.jpg",150,150,true],"medium":["https:\/\/arantv.az\/wp-content\/uploads\/2019\/12\/trend_mohammed_bagheri_170119_06-300x200.jpg",300,200,true],"large":["https:\/\/arantv.az\/wp-content\/uploads\/2019\/12\/trend_mohammed_bagheri_170119_06.jpg",620,413,false],"1536x1536":["https:\/\/arantv.az\/wp-content\/uploads\/2019\/12\/trend_mohammed_bagheri_170119_06.jpg",620,413,false],"2048x2048":["https:\/\/arantv.az\/wp-content\/uploads\/2019\/12\/trend_mohammed_bagheri_170119_06.jpg",620,413,false],"post-thumbnail":["https:\/\/arantv.az\/wp-content\/uploads\/2019\/12\/trend_mohammed_bagheri_170119_06-240x172.jpg",240,172,true],"advps-thumb-one":["https:\/\/arantv.az\/wp-content\/uploads\/2019\/12\/trend_mohammed_bagheri_170119_06.jpg",620,413,false]},"rttpg_author":{"display_name":"V\u00fcsal Rafiqo\u011flu","author_link":"https:\/\/arantv.az\/?author=2"},"rttpg_comment":0,"rttpg_category":"<a href=\"https:\/\/arantv.az\/?cat=4\" rel=\"category\">Siyas\u0259t<\/a>","rttpg_excerpt":"\u0130ranla Az\u0259rbaycan\u0131n h\u0259rbi hava q\u00fcvv\u0259l\u0259ri aras\u0131ndak\u0131 \u0259laq\u0259l\u0259rin g\u00fccl\u0259ndirilm\u0259sini prioritet istiqam\u0259tl\u0259rd\u0259n say\u0131r\u0131q. ARANTV.AZ -\u0131nx\u0259b\u0259rin\u0259 g\u00f6r\u0259, bunu \u0130ran\u0131n Silahl\u0131 Q\u00fcv\u0259l\u0259rinin Ba\u015f Q\u0259rargah r\u0259isi M\u0259h\u0259mm\u0259d Baqeri Az\u0259rbaycan\u0131n Ba\u015f nazirinin m\u00fcavini \u015eahin Mustafayevl\u0259 ke\u00e7irdiyi g\u00f6r\u00fc\u015fd\u0259 deyib. G\u00f6r\u00fc\u015fd\u0259 t\u0259r\u0259fl\u0259r \u0259laq\u0259l\u0259rin inki\u015faf\u0131n\u0131n m\u00fcxt\u0259lif aspektl\u0259rini, x\u00fcsusil\u0259 t\u0259hl\u00fck\u0259sizlik v\u0259 m\u00fcdafi\u0259 sferas\u0131n\u0131 n\u0259z\u0259rd\u0259n ke\u00e7iribl\u0259r. \u015e.Mustafayev qeyd edib ki, M.Baqerinin Az\u0259rbaycana sonuncu s\u0259f\u0259ri qar\u015f\u0131l\u0131ql\u0131 \u0259m\u0259kda\u015fl\u0131\u011f\u0131n&hellip;","_links":{"self":[{"href":"https:\/\/arantv.az\/index.php?rest_route=\/wp\/v2\/posts\/103793"}],"collection":[{"href":"https:\/\/arantv.az\/index.php?rest_route=\/wp\/v2\/posts"}],"about":[{"href":"https:\/\/arantv.az\/index.php?rest_route=\/wp\/v2\/types\/post"}],"author":[{"embeddable":true,"href":"https:\/\/arantv.az\/index.php?rest_route=\/wp\/v2\/users\/2"}],"replies":[{"embeddable":true,"href":"https:\/\/arantv.az\/index.php?rest_route=%2Fwp%2Fv2%2Fcomments&post=103793"}],"version-history":[{"count":0,"href":"https:\/\/arantv.az\/index.php?rest_route=\/wp\/v2\/posts\/103793\/revisions"}],"wp:featuredmedia":[{"embeddable":true,"href":"https:\/\/arantv.az\/index.php?rest_route=\/wp\/v2\/media\/103794"}],"wp:attachment":[{"href":"https:\/\/arantv.az\/index.php?rest_route=%2Fwp%2Fv2%2Fmedia&parent=103793"}],"wp:term":[{"taxonomy":"category","embeddable":true,"href":"https:\/\/arantv.az\/index.php?rest_route=%2Fwp%2Fv2%2Fcategories&post=103793"},{"taxonomy":"post_tag","embeddable":true,"href":"https:\/\/arantv.az\/index.php?rest_route=%2Fwp%2Fv2%2Ftags&post=103793"}],"curies":[{"name":"wp","href":"https:\/\/api.w.org\/{rel}","templated":true}]}}