{"id":103801,"date":"2019-12-04T16:00:22","date_gmt":"2019-12-04T13:00:22","guid":{"rendered":"http:\/\/arantv.az\/?p=103801"},"modified":"2019-12-04T16:00:22","modified_gmt":"2019-12-04T13:00:22","slug":"g%c9%99l%c9%99n-il-pensiya-v%c9%99-maaslar-artacaq-ekspert","status":"publish","type":"post","link":"https:\/\/arantv.az\/?p=103801","title":{"rendered":"G\u0259l\u0259n il pensiya v\u0259 maa\u015flar artacaq &#8211; Ekspert"},"content":{"rendered":"<p><strong>X\u0259b\u0259r verdiyimiz kimi, Prezident \u0130lham \u018fliyev \u0259halinin sosial m\u00fcdafi\u0259sinin yax\u015f\u0131la\u015fd\u0131r\u0131lmas\u0131na dair \u0259lav\u0259 t\u0259dbirl\u0259r haqq\u0131nda s\u0259r\u0259ncam imzalay\u0131b.<\/strong><\/p>\n<p><strong>ARANTV.AZ<\/strong> redaktor.az-a istinad\u0259n x\u0259b\u0259r verir ki, bir s\u0131ra sosial t\u0259yinatl\u0131 obyektl\u0259rin layih\u0259l\u0259ndirilm\u0259si, tikintisi, \u0259sasl\u0131 t\u0259miri, b\u0259rpa yolu il\u0259 g\u00fccl\u0259ndirilm\u0259si v\u0259 avadanl\u0131qla t\u0259chizat\u0131 m\u0259qs\u0259dil\u0259 20 milyon v\u0259sait ayr\u0131l\u0131b.<\/p>\n<p>\u0130qtisad\u00e7\u0131 ekspert V\u00fcqar Bayramov hesab edir ki, m\u00f6vcud v\u0259sait \u0259haliy\u0259 sosial elektron xidm\u0259tl\u0259rin g\u00f6st\u0259rilm\u0259sin\u0259 daha \u00e7ox y\u00f6n\u0259ldilm\u0259lidir. \u00dcmumiyy\u0259tl\u0259, sosial sah\u0259d\u0259ki islahatlar \u0259halinin ya\u015fam s\u0259viyy\u0259sini daha da yax\u015f\u0131la\u015fd\u0131racaq:<\/p>\n<p>&#8220;G\u0259l\u0259n il d\u0259 b\u00fcdc\u0259d\u0259n sosial istiqam\u0259td\u0259 ayr\u0131lan v\u0259saitl\u0259rin h\u0259cmind\u0259 art\u0131m proqnozla\u015fd\u0131r\u0131l\u0131r. Bel\u0259 ki, 2020-ci ilin d\u00f6vl\u0259t b\u00fcdc\u0259sind\u0259 sosial x\u0259rcl\u0259rin \u00fcmum\u00fc b\u00fcdc\u0259 x\u0259rcl\u0259rind\u0259ki pay\u0131 38,5 faiz olacaq. \u018fm\u0259k haqlar\u0131n\u0131n verilm\u0259si \u00fc\u00e7\u00fcn b\u00fcd\u0259c\u0259d\u0259n birba\u015fa 7 milyard manata yax\u0131n v\u0259sait ayr\u0131lacaq. T\u0259qa\u00fcd v\u0259 pensiyalar\u0131n verilm\u0259si \u00fc\u00e7\u00fcn is\u0259 b\u00fcd\u0259c\u0259d\u0259n ayr\u0131lan birba\u015fa v\u0259sait 13.2 milyard manat olacaq. \u00dcmumlikd\u0259, b\u00fcdc\u0259d\u0259nin sosial y\u00f6n\u00fcml\u00fc hiss\u0259si onu dem\u0259y\u0259 \u0259sas verir ki, 2020-ci ild\u0259 d\u0259 \u0259m\u0259k haqqlar\u0131 v\u0259 pensiylarda art\u0131m olacaq&#8221;.<\/p>\n","protected":false},"excerpt":{"rendered":"<p>X\u0259b\u0259r verdiyimiz kimi, Prezident \u0130lham \u018fliyev \u0259halinin sosial m\u00fcdafi\u0259sinin yax\u015f\u0131la\u015fd\u0131r\u0131lmas\u0131na dair \u0259lav\u0259 t\u0259dbirl\u0259r haqq\u0131nda s\u0259r\u0259ncam imzalay\u0131b. ARANTV.AZ redaktor.az-a istinad\u0259n x\u0259b\u0259r verir ki, bir s\u0131ra sosial t\u0259yinatl\u0131 obyektl\u0259rin layih\u0259l\u0259ndirilm\u0259si, tikintisi, \u0259sasl\u0131 t\u0259miri, b\u0259rpa yolu il\u0259 g\u00fccl\u0259ndirilm\u0259si v\u0259 avadanl\u0131qla t\u0259chizat\u0131 m\u0259qs\u0259dil\u0259 20 milyon v\u0259sait ayr\u0131l\u0131b. \u0130qtisad\u00e7\u0131 ekspert V\u00fcqar Bayramov hesab edir ki, m\u00f6vcud v\u0259sait \u0259haliy\u0259 sosial elektron xidm\u0259tl\u0259rin g\u00f6st\u0259rilm\u0259sin\u0259 daha \u00e7ox y\u00f6n\u0259ldilm\u0259lidir. \u00dcmumiyy\u0259tl\u0259, sosial sah\u0259d\u0259ki islahatlar \u0259halinin ya\u015fam s\u0259viyy\u0259sini daha da yax\u015f\u0131la\u015fd\u0131racaq: &#8220;G\u0259l\u0259n il d\u0259 b\u00fcdc\u0259d\u0259n sosial istiqam\u0259td\u0259 ayr\u0131lan v\u0259saitl\u0259rin h\u0259cmind\u0259 art\u0131m proqnozla\u015fd\u0131r\u0131l\u0131r. Bel\u0259 ki, 2020-ci ilin d\u00f6vl\u0259t b\u00fcdc\u0259sind\u0259 sosial x\u0259rcl\u0259rin \u00fcmum\u00fc&hellip;<\/p>\n","protected":false},"author":2,"featured_media":103802,"comment_status":"closed","ping_status":"closed","sticky":false,"template":"","format":"standard","meta":{"om_disable_all_campaigns":false,"_monsterinsights_skip_tracking":false,"_monsterinsights_sitenote_active":false,"_monsterinsights_sitenote_note":"","_monsterinsights_sitenote_category":0},"categories":[1],"tags":[],"aioseo_notices":[],"gutentor_comment":0,"rttpg_featured_image_url":{"full":["https:\/\/arantv.az\/wp-content\/uploads\/2019\/12\/valyuta_manat_0125.jpg",800,600,false],"landscape":["https:\/\/arantv.az\/wp-content\/uploads\/2019\/12\/valyuta_manat_0125.jpg",800,600,false],"portraits":["https:\/\/arantv.az\/wp-content\/uploads\/2019\/12\/valyuta_manat_0125.jpg",800,600,false],"thumbnail":["https:\/\/arantv.az\/wp-content\/uploads\/2019\/12\/valyuta_manat_0125-150x150.jpg",150,150,true],"medium":["https:\/\/arantv.az\/wp-content\/uploads\/2019\/12\/valyuta_manat_0125-300x225.jpg",300,225,true],"large":["https:\/\/arantv.az\/wp-content\/uploads\/2019\/12\/valyuta_manat_0125.jpg",640,480,false],"1536x1536":["https:\/\/arantv.az\/wp-content\/uploads\/2019\/12\/valyuta_manat_0125.jpg",800,600,false],"2048x2048":["https:\/\/arantv.az\/wp-content\/uploads\/2019\/12\/valyuta_manat_0125.jpg",800,600,false],"post-thumbnail":["https:\/\/arantv.az\/wp-content\/uploads\/2019\/12\/valyuta_manat_0125-240x172.jpg",240,172,true],"advps-thumb-one":["https:\/\/arantv.az\/wp-content\/uploads\/2019\/12\/valyuta_manat_0125.jpg",800,600,false]},"rttpg_author":{"display_name":"V\u00fcsal Rafiqo\u011flu","author_link":"https:\/\/arantv.az\/?author=2"},"rttpg_comment":0,"rttpg_category":"<a href=\"https:\/\/arantv.az\/?cat=1\" rel=\"category\">C\u0259miyy\u0259t<\/a>","rttpg_excerpt":"X\u0259b\u0259r verdiyimiz kimi, Prezident \u0130lham \u018fliyev \u0259halinin sosial m\u00fcdafi\u0259sinin yax\u015f\u0131la\u015fd\u0131r\u0131lmas\u0131na dair \u0259lav\u0259 t\u0259dbirl\u0259r haqq\u0131nda s\u0259r\u0259ncam imzalay\u0131b. ARANTV.AZ redaktor.az-a istinad\u0259n x\u0259b\u0259r verir ki, bir s\u0131ra sosial t\u0259yinatl\u0131 obyektl\u0259rin layih\u0259l\u0259ndirilm\u0259si, tikintisi, \u0259sasl\u0131 t\u0259miri, b\u0259rpa yolu il\u0259 g\u00fccl\u0259ndirilm\u0259si v\u0259 avadanl\u0131qla t\u0259chizat\u0131 m\u0259qs\u0259dil\u0259 20 milyon v\u0259sait ayr\u0131l\u0131b. \u0130qtisad\u00e7\u0131 ekspert V\u00fcqar Bayramov hesab edir ki, m\u00f6vcud v\u0259sait \u0259haliy\u0259 sosial elektron&hellip;","_links":{"self":[{"href":"https:\/\/arantv.az\/index.php?rest_route=\/wp\/v2\/posts\/103801"}],"collection":[{"href":"https:\/\/arantv.az\/index.php?rest_route=\/wp\/v2\/posts"}],"about":[{"href":"https:\/\/arantv.az\/index.php?rest_route=\/wp\/v2\/types\/post"}],"author":[{"embeddable":true,"href":"https:\/\/arantv.az\/index.php?rest_route=\/wp\/v2\/users\/2"}],"replies":[{"embeddable":true,"href":"https:\/\/arantv.az\/index.php?rest_route=%2Fwp%2Fv2%2Fcomments&post=103801"}],"version-history":[{"count":0,"href":"https:\/\/arantv.az\/index.php?rest_route=\/wp\/v2\/posts\/103801\/revisions"}],"wp:featuredmedia":[{"embeddable":true,"href":"https:\/\/arantv.az\/index.php?rest_route=\/wp\/v2\/media\/103802"}],"wp:attachment":[{"href":"https:\/\/arantv.az\/index.php?rest_route=%2Fwp%2Fv2%2Fmedia&parent=103801"}],"wp:term":[{"taxonomy":"category","embeddable":true,"href":"https:\/\/arantv.az\/index.php?rest_route=%2Fwp%2Fv2%2Fcategories&post=103801"},{"taxonomy":"post_tag","embeddable":true,"href":"https:\/\/arantv.az\/index.php?rest_route=%2Fwp%2Fv2%2Ftags&post=103801"}],"curies":[{"name":"wp","href":"https:\/\/api.w.org\/{rel}","templated":true}]}}