{"id":103813,"date":"2019-12-04T16:09:44","date_gmt":"2019-12-04T13:09:44","guid":{"rendered":"http:\/\/arantv.az\/?p=103813"},"modified":"2019-12-04T16:09:44","modified_gmt":"2019-12-04T13:09:44","slug":"tarixi-muzeyinin-100-illiyi-qeyd-olunacaq-s%c9%99r%c9%99ncam","status":"publish","type":"post","link":"https:\/\/arantv.az\/?p=103813","title":{"rendered":"Tarixi Muzeyinin 100 illiyi qeyd olunacaq &#8211; S\u018fR\u018fNCAM"},"content":{"rendered":"<p>Prezident \u0130lham \u018fliyev Milli Az\u0259rbaycan Tarixi Muzeyinin 100 illiyinin qeyd olunmas\u0131 m\u0259qs\u0259dil\u0259 s\u0259r\u0259ncam imzalay\u0131b.<\/p>\n<p>S\u0259r\u0259ncama \u0259sas\u0259n, Az\u0259rbaycan Milli Elml\u0259r Akademiyas\u0131 Az\u0259rbaycan Respublikas\u0131n\u0131n M\u0259d\u0259niyy\u0259t Nazirliyi il\u0259 birlikd\u0259 AMEA-n\u0131n Milli Az\u0259rbaycan Tarixi Muzeyinin 100 illik yubileyin\u0259 h\u0259sr olunmu\u015f t\u0259dbirl\u0259r plan\u0131n\u0131 haz\u0131rlay\u0131b h\u0259yata ke\u00e7irm\u0259lidir.<\/p>\n<p>Nazirl\u0259r Kabineti bu s\u0259r\u0259ncamdan ir\u0259li g\u0259l\u0259n m\u0259s\u0259l\u0259l\u0259ri h\u0259ll etm\u0259lidir.<\/p>\n<p>Qeyd ed\u0259k ki, 2020-ci ilin iyun ay\u0131nda Az\u0259rbaycan Milli Elml\u0259r Akademiyas\u0131 Milli Az\u0259rbaycan Tarixi Muzeyinin 100 illiyi tamam olur.<\/p>\n<p>Milli Az\u0259rbaycan Tarixi Muzeyi m\u00fch\u00fcm m\u0259d\u0259ni-maarif v\u0259 elmi t\u0259dqiqat m\u0259rk\u0259zi kimi yarand\u0131\u011f\u0131 vaxtdan etibar\u0259n u\u011furlu inki\u015faf yolu ke\u00e7mi\u015fdir. Respublikan\u0131n bu ilk \u0259n b\u00f6y\u00fck muzeyinin Az\u0259rbaycan xalq\u0131n\u0131n q\u0259dim zamanlardan m\u00fcasir d\u00f6vr\u0259 q\u0259d\u0259rki tarixinin b\u00fct\u00fcn m\u0259rh\u0259l\u0259l\u0259rini \u0259ks etdir\u0259n m\u0259d\u0259niyy\u0259t n\u00fcmun\u0259l\u0259rinin toplan\u0131lmas\u0131, qorunmas\u0131, n\u0259\u015fri, ekspozisiya v\u0259 s\u0259rgil\u0259rd\u0259 n\u00fcmayi\u015fi sah\u0259sind\u0259 diqq\u0259t\u0259layiq xidm\u0259tl\u0259ri vard\u0131r.<\/p>\n<p>Bak\u0131n\u0131n memarl\u0131q bax\u0131m\u0131ndan qiym\u0259tli tikilil\u0259rind\u0259n say\u0131lan binada yerl\u0259\u015fmi\u015f Muzeyin tarixi-m\u0259d\u0259ni irsimizin misilsiz yadigarlar\u0131n\u0131n m\u00fchafiz\u0259 olundu\u011fu z\u0259ngin elmi fondlar\u0131nda haz\u0131rda \u00fc\u00e7 y\u00fcz mind\u0259n art\u0131q eksponat saxlan\u0131l\u0131r.<\/p>\n<p>Muzey \u0259m\u0259kda\u015flar\u0131 tarix, muzey\u015f\u00fcnasl\u0131q v\u0259 numizmatika istiqam\u0259tl\u0259rind\u0259 ara\u015fd\u0131rmalar aparmaqla yana\u015f\u0131, arxeoloji qaz\u0131nt\u0131lar n\u0259tic\u0259sind\u0259 Az\u0259rbaycan tarixin\u0259 dair bir s\u0131ra abid\u0259l\u0259r \u00fcz\u0259 \u00e7\u0131xarm\u0131\u015f v\u0259 \u0259sasl\u0131 t\u0259dqiq etmi\u015fl\u0259r. Muzey \u00e7ox\u015fax\u0259li f\u0259aliyy\u0259tini bu g\u00fcn d\u0259 tarix elminin yeni nailiyy\u0259tl\u0259ri v\u0259 muzey\u015f\u00fcnasl\u0131\u011f\u0131n d\u00fcnya t\u0259cr\u00fcb\u0259si il\u0259 t\u0259sdiq olunmu\u015f prinsipl\u0259ri z\u0259minind\u0259 m\u00fcv\u0259ff\u0259qiyy\u0259tl\u0259 davam etdirir.<\/p>\n","protected":false},"excerpt":{"rendered":"<p>Prezident \u0130lham \u018fliyev Milli Az\u0259rbaycan Tarixi Muzeyinin 100 illiyinin qeyd olunmas\u0131 m\u0259qs\u0259dil\u0259 s\u0259r\u0259ncam imzalay\u0131b. S\u0259r\u0259ncama \u0259sas\u0259n, Az\u0259rbaycan Milli Elml\u0259r Akademiyas\u0131 Az\u0259rbaycan Respublikas\u0131n\u0131n M\u0259d\u0259niyy\u0259t Nazirliyi il\u0259 birlikd\u0259 AMEA-n\u0131n Milli Az\u0259rbaycan Tarixi Muzeyinin 100 illik yubileyin\u0259 h\u0259sr olunmu\u015f t\u0259dbirl\u0259r plan\u0131n\u0131 haz\u0131rlay\u0131b h\u0259yata ke\u00e7irm\u0259lidir. Nazirl\u0259r Kabineti bu s\u0259r\u0259ncamdan ir\u0259li g\u0259l\u0259n m\u0259s\u0259l\u0259l\u0259ri h\u0259ll etm\u0259lidir. Qeyd ed\u0259k ki, 2020-ci ilin iyun ay\u0131nda Az\u0259rbaycan Milli Elml\u0259r Akademiyas\u0131 Milli Az\u0259rbaycan Tarixi Muzeyinin 100 illiyi tamam olur. Milli Az\u0259rbaycan Tarixi Muzeyi m\u00fch\u00fcm m\u0259d\u0259ni-maarif v\u0259 elmi t\u0259dqiqat m\u0259rk\u0259zi kimi yarand\u0131\u011f\u0131 vaxtdan etibar\u0259n u\u011furlu inki\u015faf yolu ke\u00e7mi\u015fdir. Respublikan\u0131n bu ilk&hellip;<\/p>\n","protected":false},"author":2,"featured_media":103814,"comment_status":"closed","ping_status":"closed","sticky":false,"template":"","format":"standard","meta":{"om_disable_all_campaigns":false,"_monsterinsights_skip_tracking":false,"_monsterinsights_sitenote_active":false,"_monsterinsights_sitenote_note":"","_monsterinsights_sitenote_category":0},"categories":[4],"tags":[],"aioseo_notices":[],"gutentor_comment":0,"rttpg_featured_image_url":{"full":["https:\/\/arantv.az\/wp-content\/uploads\/2019\/12\/azedu.az_15414060455834317913_1000x669_926-800x445.jpg",620,345,false],"landscape":["https:\/\/arantv.az\/wp-content\/uploads\/2019\/12\/azedu.az_15414060455834317913_1000x669_926-800x445.jpg",620,345,false],"portraits":["https:\/\/arantv.az\/wp-content\/uploads\/2019\/12\/azedu.az_15414060455834317913_1000x669_926-800x445.jpg",620,345,false],"thumbnail":["https:\/\/arantv.az\/wp-content\/uploads\/2019\/12\/azedu.az_15414060455834317913_1000x669_926-800x445-150x150.jpg",150,150,true],"medium":["https:\/\/arantv.az\/wp-content\/uploads\/2019\/12\/azedu.az_15414060455834317913_1000x669_926-800x445-300x167.jpg",300,167,true],"large":["https:\/\/arantv.az\/wp-content\/uploads\/2019\/12\/azedu.az_15414060455834317913_1000x669_926-800x445.jpg",620,345,false],"1536x1536":["https:\/\/arantv.az\/wp-content\/uploads\/2019\/12\/azedu.az_15414060455834317913_1000x669_926-800x445.jpg",620,345,false],"2048x2048":["https:\/\/arantv.az\/wp-content\/uploads\/2019\/12\/azedu.az_15414060455834317913_1000x669_926-800x445.jpg",620,345,false],"post-thumbnail":["https:\/\/arantv.az\/wp-content\/uploads\/2019\/12\/azedu.az_15414060455834317913_1000x669_926-800x445-240x172.jpg",240,172,true],"advps-thumb-one":["https:\/\/arantv.az\/wp-content\/uploads\/2019\/12\/azedu.az_15414060455834317913_1000x669_926-800x445.jpg",620,345,false]},"rttpg_author":{"display_name":"V\u00fcsal Rafiqo\u011flu","author_link":"https:\/\/arantv.az\/?author=2"},"rttpg_comment":0,"rttpg_category":"<a href=\"https:\/\/arantv.az\/?cat=4\" rel=\"category\">Siyas\u0259t<\/a>","rttpg_excerpt":"Prezident \u0130lham \u018fliyev Milli Az\u0259rbaycan Tarixi Muzeyinin 100 illiyinin qeyd olunmas\u0131 m\u0259qs\u0259dil\u0259 s\u0259r\u0259ncam imzalay\u0131b. S\u0259r\u0259ncama \u0259sas\u0259n, Az\u0259rbaycan Milli Elml\u0259r Akademiyas\u0131 Az\u0259rbaycan Respublikas\u0131n\u0131n M\u0259d\u0259niyy\u0259t Nazirliyi il\u0259 birlikd\u0259 AMEA-n\u0131n Milli Az\u0259rbaycan Tarixi Muzeyinin 100 illik yubileyin\u0259 h\u0259sr olunmu\u015f t\u0259dbirl\u0259r plan\u0131n\u0131 haz\u0131rlay\u0131b h\u0259yata ke\u00e7irm\u0259lidir. Nazirl\u0259r Kabineti bu s\u0259r\u0259ncamdan ir\u0259li g\u0259l\u0259n m\u0259s\u0259l\u0259l\u0259ri h\u0259ll etm\u0259lidir. Qeyd ed\u0259k ki, 2020-ci ilin&hellip;","_links":{"self":[{"href":"https:\/\/arantv.az\/index.php?rest_route=\/wp\/v2\/posts\/103813"}],"collection":[{"href":"https:\/\/arantv.az\/index.php?rest_route=\/wp\/v2\/posts"}],"about":[{"href":"https:\/\/arantv.az\/index.php?rest_route=\/wp\/v2\/types\/post"}],"author":[{"embeddable":true,"href":"https:\/\/arantv.az\/index.php?rest_route=\/wp\/v2\/users\/2"}],"replies":[{"embeddable":true,"href":"https:\/\/arantv.az\/index.php?rest_route=%2Fwp%2Fv2%2Fcomments&post=103813"}],"version-history":[{"count":0,"href":"https:\/\/arantv.az\/index.php?rest_route=\/wp\/v2\/posts\/103813\/revisions"}],"wp:featuredmedia":[{"embeddable":true,"href":"https:\/\/arantv.az\/index.php?rest_route=\/wp\/v2\/media\/103814"}],"wp:attachment":[{"href":"https:\/\/arantv.az\/index.php?rest_route=%2Fwp%2Fv2%2Fmedia&parent=103813"}],"wp:term":[{"taxonomy":"category","embeddable":true,"href":"https:\/\/arantv.az\/index.php?rest_route=%2Fwp%2Fv2%2Fcategories&post=103813"},{"taxonomy":"post_tag","embeddable":true,"href":"https:\/\/arantv.az\/index.php?rest_route=%2Fwp%2Fv2%2Ftags&post=103813"}],"curies":[{"name":"wp","href":"https:\/\/api.w.org\/{rel}","templated":true}]}}