{"id":103817,"date":"2019-12-04T16:10:34","date_gmt":"2019-12-04T13:10:34","guid":{"rendered":"http:\/\/arantv.az\/?p=103817"},"modified":"2019-12-04T16:10:34","modified_gmt":"2019-12-04T13:10:34","slug":"m%c9%99mm%c9%99dyarovun-h%c9%99ms%c9%99drl%c9%99rl%c9%99-gorusu-basladi","status":"publish","type":"post","link":"https:\/\/arantv.az\/?p=103817","title":{"rendered":"M\u0259mm\u0259dyarovun h\u0259ms\u0259drl\u0259rl\u0259 g\u00f6r\u00fc\u015f\u00fc ba\u015flad\u0131"},"content":{"rendered":"<p>Az\u0259rbaycan\u0131n Xarici \u0130\u015fl\u0259r naziri Elmar M\u0259mm\u0259dyarovun Bratislavada AT\u018fT-in Minsk Qrupunun h\u0259ms\u0259drl\u0259ri \u0130qor Popov (Rusiya), Stefan Viskonti (Fransa) v\u0259 Endryu \u015eefer il\u0259 (AB\u015e) g\u00f6r\u00fc\u015f\u00fc ba\u015flay\u0131b.<\/p>\n<p><b>ARANTV.AZ<\/b>-\u0131n x\u0259b\u0259rin\u0259 g\u00f6r\u0259, bu bar\u0259d\u0259 Xarici \u0130\u015fl\u0259r Nazirliyi m\u0259lumat yay\u0131b .<\/p>\n<p>G\u00f6r\u00fc\u015fd\u0259 AT\u018fT-in f\u0259aliyy\u0259td\u0259 olan s\u0259drinin \u015f\u0259xsi n\u00fcmay\u0259nd\u0259si\u00a0Anji Kasp\u015fik d\u0259 i\u015ftirak edir.<\/p>\n<p>Qeyd ed\u0259k ki, E.M\u0259mm\u0259dyarov Bratislavada erm\u0259nistanl\u0131 h\u0259mkar\u0131 Z\u00f6hrab Mnatsakanyanla g\u00f6r\u00fc\u015f\u0259c\u0259k.Oxu.Az<\/p>\n","protected":false},"excerpt":{"rendered":"<p>Az\u0259rbaycan\u0131n Xarici \u0130\u015fl\u0259r naziri Elmar M\u0259mm\u0259dyarovun Bratislavada AT\u018fT-in Minsk Qrupunun h\u0259ms\u0259drl\u0259ri \u0130qor Popov (Rusiya), Stefan Viskonti (Fransa) v\u0259 Endryu \u015eefer il\u0259 (AB\u015e) g\u00f6r\u00fc\u015f\u00fc ba\u015flay\u0131b. ARANTV.AZ-\u0131n x\u0259b\u0259rin\u0259 g\u00f6r\u0259, bu bar\u0259d\u0259 Xarici \u0130\u015fl\u0259r Nazirliyi m\u0259lumat yay\u0131b . G\u00f6r\u00fc\u015fd\u0259 AT\u018fT-in f\u0259aliyy\u0259td\u0259 olan s\u0259drinin \u015f\u0259xsi n\u00fcmay\u0259nd\u0259si\u00a0Anji Kasp\u015fik d\u0259 i\u015ftirak edir. Qeyd ed\u0259k ki, E.M\u0259mm\u0259dyarov Bratislavada erm\u0259nistanl\u0131 h\u0259mkar\u0131 Z\u00f6hrab Mnatsakanyanla g\u00f6r\u00fc\u015f\u0259c\u0259k.Oxu.Az<\/p>\n","protected":false},"author":2,"featured_media":103818,"comment_status":"closed","ping_status":"closed","sticky":false,"template":"","format":"standard","meta":{"om_disable_all_campaigns":false,"_monsterinsights_skip_tracking":false,"_monsterinsights_sitenote_active":false,"_monsterinsights_sitenote_note":"","_monsterinsights_sitenote_category":0},"categories":[4],"tags":[],"aioseo_notices":[],"gutentor_comment":0,"rttpg_featured_image_url":{"full":["https:\/\/arantv.az\/wp-content\/uploads\/2019\/12\/77395518_437774126905359_4930678552375853056_n.jpg",620,418,false],"landscape":["https:\/\/arantv.az\/wp-content\/uploads\/2019\/12\/77395518_437774126905359_4930678552375853056_n.jpg",620,418,false],"portraits":["https:\/\/arantv.az\/wp-content\/uploads\/2019\/12\/77395518_437774126905359_4930678552375853056_n.jpg",620,418,false],"thumbnail":["https:\/\/arantv.az\/wp-content\/uploads\/2019\/12\/77395518_437774126905359_4930678552375853056_n-150x150.jpg",150,150,true],"medium":["https:\/\/arantv.az\/wp-content\/uploads\/2019\/12\/77395518_437774126905359_4930678552375853056_n-300x202.jpg",300,202,true],"large":["https:\/\/arantv.az\/wp-content\/uploads\/2019\/12\/77395518_437774126905359_4930678552375853056_n.jpg",620,418,false],"1536x1536":["https:\/\/arantv.az\/wp-content\/uploads\/2019\/12\/77395518_437774126905359_4930678552375853056_n.jpg",620,418,false],"2048x2048":["https:\/\/arantv.az\/wp-content\/uploads\/2019\/12\/77395518_437774126905359_4930678552375853056_n.jpg",620,418,false],"post-thumbnail":["https:\/\/arantv.az\/wp-content\/uploads\/2019\/12\/77395518_437774126905359_4930678552375853056_n-240x172.jpg",240,172,true],"advps-thumb-one":["https:\/\/arantv.az\/wp-content\/uploads\/2019\/12\/77395518_437774126905359_4930678552375853056_n.jpg",620,418,false]},"rttpg_author":{"display_name":"V\u00fcsal Rafiqo\u011flu","author_link":"https:\/\/arantv.az\/?author=2"},"rttpg_comment":0,"rttpg_category":"<a href=\"https:\/\/arantv.az\/?cat=4\" rel=\"category\">Siyas\u0259t<\/a>","rttpg_excerpt":"Az\u0259rbaycan\u0131n Xarici \u0130\u015fl\u0259r naziri Elmar M\u0259mm\u0259dyarovun Bratislavada AT\u018fT-in Minsk Qrupunun h\u0259ms\u0259drl\u0259ri \u0130qor Popov (Rusiya), Stefan Viskonti (Fransa) v\u0259 Endryu \u015eefer il\u0259 (AB\u015e) g\u00f6r\u00fc\u015f\u00fc ba\u015flay\u0131b. ARANTV.AZ-\u0131n x\u0259b\u0259rin\u0259 g\u00f6r\u0259, bu bar\u0259d\u0259 Xarici \u0130\u015fl\u0259r Nazirliyi m\u0259lumat yay\u0131b . G\u00f6r\u00fc\u015fd\u0259 AT\u018fT-in f\u0259aliyy\u0259td\u0259 olan s\u0259drinin \u015f\u0259xsi n\u00fcmay\u0259nd\u0259si\u00a0Anji Kasp\u015fik d\u0259 i\u015ftirak edir. Qeyd ed\u0259k ki, E.M\u0259mm\u0259dyarov Bratislavada erm\u0259nistanl\u0131 h\u0259mkar\u0131 Z\u00f6hrab Mnatsakanyanla&hellip;","_links":{"self":[{"href":"https:\/\/arantv.az\/index.php?rest_route=\/wp\/v2\/posts\/103817"}],"collection":[{"href":"https:\/\/arantv.az\/index.php?rest_route=\/wp\/v2\/posts"}],"about":[{"href":"https:\/\/arantv.az\/index.php?rest_route=\/wp\/v2\/types\/post"}],"author":[{"embeddable":true,"href":"https:\/\/arantv.az\/index.php?rest_route=\/wp\/v2\/users\/2"}],"replies":[{"embeddable":true,"href":"https:\/\/arantv.az\/index.php?rest_route=%2Fwp%2Fv2%2Fcomments&post=103817"}],"version-history":[{"count":0,"href":"https:\/\/arantv.az\/index.php?rest_route=\/wp\/v2\/posts\/103817\/revisions"}],"wp:featuredmedia":[{"embeddable":true,"href":"https:\/\/arantv.az\/index.php?rest_route=\/wp\/v2\/media\/103818"}],"wp:attachment":[{"href":"https:\/\/arantv.az\/index.php?rest_route=%2Fwp%2Fv2%2Fmedia&parent=103817"}],"wp:term":[{"taxonomy":"category","embeddable":true,"href":"https:\/\/arantv.az\/index.php?rest_route=%2Fwp%2Fv2%2Fcategories&post=103817"},{"taxonomy":"post_tag","embeddable":true,"href":"https:\/\/arantv.az\/index.php?rest_route=%2Fwp%2Fv2%2Ftags&post=103817"}],"curies":[{"name":"wp","href":"https:\/\/api.w.org\/{rel}","templated":true}]}}