{"id":103844,"date":"2019-12-04T16:41:55","date_gmt":"2019-12-04T13:41:55","guid":{"rendered":"http:\/\/arantv.az\/?p=103844"},"modified":"2019-12-04T16:41:55","modified_gmt":"2019-12-04T13:41:55","slug":"it%c9%99n-alpinistl%c9%99ri-axtarmaga-ged%c9%99n-xilasetm%c9%99-qrupu-ozu-d%c9%99-itkin-dusdu","status":"publish","type":"post","link":"https:\/\/arantv.az\/?p=103844","title":{"rendered":"\u0130t\u0259n alpinistl\u0259ri axtarma\u011fa ged\u0259n xilasetm\u0259 qrupu \u00f6z\u00fc d\u0259 itkin d\u00fc\u015fd\u00fc"},"content":{"rendered":"<p>T\u00fcrkiy\u0259nin Uluda\u011f\u00a0\u0259razisind\u0259 itkin d\u00fc\u015f\u0259n alpinistl\u0259ri axtarma\u011fa ged\u0259n xilasetm\u0259 qrupu \u00f6z\u00fc d\u0259 itkin d\u00fc\u015f\u00fcb.<\/p>\n<p>31 ya\u015fl\u0131 M\u0259rd Alpaslan v\u0259 37 ya\u015fl\u0131 Efe Sarp adl\u0131 h\u0259v\u0259skar alpinistl\u0259r zirv\u0259ni f\u0259th etm\u0259k \u00fc\u00e7\u00fcn da\u011fa \u00e7\u0131xanda itibl\u0259r.<\/p>\n<div id=\"AdviadNativeVideo0\" class=\"AdviadNativeVideo\"><\/div>\n<p>DHA-n\u0131n m\u0259lumat\u0131na g\u00f6r\u0259, onlar\u0131 tapmaq \u00fc\u00e7\u00fcn ged\u0259n d\u00f6rd xilasedici d\u0259 itkin d\u00fc\u015f\u00fcb.<\/p>\n<p>Onlar\u0131n Qarad\u0259r\u0259 \u0259razisind\u0259 qar u\u00e7qununa d\u00fc\u015fd\u00fckl\u0259ri bildirilib.<\/p>\n<p>Daha bir ne\u00e7\u0259 xilasetm\u0259 qurupu da onlar\u0131 axtarmaq \u00fc\u00e7\u00fcn c\u0259lb edilib.<\/p>\n","protected":false},"excerpt":{"rendered":"<p>T\u00fcrkiy\u0259nin Uluda\u011f\u00a0\u0259razisind\u0259 itkin d\u00fc\u015f\u0259n alpinistl\u0259ri axtarma\u011fa ged\u0259n xilasetm\u0259 qrupu \u00f6z\u00fc d\u0259 itkin d\u00fc\u015f\u00fcb. 31 ya\u015fl\u0131 M\u0259rd Alpaslan v\u0259 37 ya\u015fl\u0131 Efe Sarp adl\u0131 h\u0259v\u0259skar alpinistl\u0259r zirv\u0259ni f\u0259th etm\u0259k \u00fc\u00e7\u00fcn da\u011fa \u00e7\u0131xanda itibl\u0259r. DHA-n\u0131n m\u0259lumat\u0131na g\u00f6r\u0259, onlar\u0131 tapmaq \u00fc\u00e7\u00fcn ged\u0259n d\u00f6rd xilasedici d\u0259 itkin d\u00fc\u015f\u00fcb. Onlar\u0131n Qarad\u0259r\u0259 \u0259razisind\u0259 qar u\u00e7qununa d\u00fc\u015fd\u00fckl\u0259ri bildirilib. Daha bir ne\u00e7\u0259 xilasetm\u0259 qurupu da onlar\u0131 axtarmaq \u00fc\u00e7\u00fcn c\u0259lb edilib.<\/p>\n","protected":false},"author":2,"featured_media":103845,"comment_status":"closed","ping_status":"closed","sticky":false,"template":"","format":"standard","meta":{"om_disable_all_campaigns":false,"_monsterinsights_skip_tracking":false,"_monsterinsights_sitenote_active":false,"_monsterinsights_sitenote_note":"","_monsterinsights_sitenote_category":0},"categories":[7],"tags":[],"aioseo_notices":[],"gutentor_comment":0,"rttpg_featured_image_url":{"full":["https:\/\/arantv.az\/wp-content\/uploads\/2019\/12\/uluda\u00c4_.jpg",620,349,false],"landscape":["https:\/\/arantv.az\/wp-content\/uploads\/2019\/12\/uluda\u00c4_.jpg",620,349,false],"portraits":["https:\/\/arantv.az\/wp-content\/uploads\/2019\/12\/uluda\u00c4_.jpg",620,349,false],"thumbnail":["https:\/\/arantv.az\/wp-content\/uploads\/2019\/12\/uluda\u00c4_-150x150.jpg",150,150,true],"medium":["https:\/\/arantv.az\/wp-content\/uploads\/2019\/12\/uluda\u00c4_-300x169.jpg",300,169,true],"large":["https:\/\/arantv.az\/wp-content\/uploads\/2019\/12\/uluda\u00c4_.jpg",620,349,false],"1536x1536":["https:\/\/arantv.az\/wp-content\/uploads\/2019\/12\/uluda\u00c4_.jpg",620,349,false],"2048x2048":["https:\/\/arantv.az\/wp-content\/uploads\/2019\/12\/uluda\u00c4_.jpg",620,349,false],"post-thumbnail":["https:\/\/arantv.az\/wp-content\/uploads\/2019\/12\/uluda\u00c4_-240x172.jpg",240,172,true],"advps-thumb-one":["https:\/\/arantv.az\/wp-content\/uploads\/2019\/12\/uluda\u00c4_.jpg",620,349,false]},"rttpg_author":{"display_name":"V\u00fcsal Rafiqo\u011flu","author_link":"https:\/\/arantv.az\/?author=2"},"rttpg_comment":0,"rttpg_category":"<a href=\"https:\/\/arantv.az\/?cat=7\" rel=\"category\">D\u00fcnya<\/a>","rttpg_excerpt":"T\u00fcrkiy\u0259nin Uluda\u011f\u00a0\u0259razisind\u0259 itkin d\u00fc\u015f\u0259n alpinistl\u0259ri axtarma\u011fa ged\u0259n xilasetm\u0259 qrupu \u00f6z\u00fc d\u0259 itkin d\u00fc\u015f\u00fcb. 31 ya\u015fl\u0131 M\u0259rd Alpaslan v\u0259 37 ya\u015fl\u0131 Efe Sarp adl\u0131 h\u0259v\u0259skar alpinistl\u0259r zirv\u0259ni f\u0259th etm\u0259k \u00fc\u00e7\u00fcn da\u011fa \u00e7\u0131xanda itibl\u0259r. DHA-n\u0131n m\u0259lumat\u0131na g\u00f6r\u0259, onlar\u0131 tapmaq \u00fc\u00e7\u00fcn ged\u0259n d\u00f6rd xilasedici d\u0259 itkin d\u00fc\u015f\u00fcb. Onlar\u0131n Qarad\u0259r\u0259 \u0259razisind\u0259 qar u\u00e7qununa d\u00fc\u015fd\u00fckl\u0259ri bildirilib. Daha bir ne\u00e7\u0259 xilasetm\u0259&hellip;","_links":{"self":[{"href":"https:\/\/arantv.az\/index.php?rest_route=\/wp\/v2\/posts\/103844"}],"collection":[{"href":"https:\/\/arantv.az\/index.php?rest_route=\/wp\/v2\/posts"}],"about":[{"href":"https:\/\/arantv.az\/index.php?rest_route=\/wp\/v2\/types\/post"}],"author":[{"embeddable":true,"href":"https:\/\/arantv.az\/index.php?rest_route=\/wp\/v2\/users\/2"}],"replies":[{"embeddable":true,"href":"https:\/\/arantv.az\/index.php?rest_route=%2Fwp%2Fv2%2Fcomments&post=103844"}],"version-history":[{"count":0,"href":"https:\/\/arantv.az\/index.php?rest_route=\/wp\/v2\/posts\/103844\/revisions"}],"wp:featuredmedia":[{"embeddable":true,"href":"https:\/\/arantv.az\/index.php?rest_route=\/wp\/v2\/media\/103845"}],"wp:attachment":[{"href":"https:\/\/arantv.az\/index.php?rest_route=%2Fwp%2Fv2%2Fmedia&parent=103844"}],"wp:term":[{"taxonomy":"category","embeddable":true,"href":"https:\/\/arantv.az\/index.php?rest_route=%2Fwp%2Fv2%2Fcategories&post=103844"},{"taxonomy":"post_tag","embeddable":true,"href":"https:\/\/arantv.az\/index.php?rest_route=%2Fwp%2Fv2%2Ftags&post=103844"}],"curies":[{"name":"wp","href":"https:\/\/api.w.org\/{rel}","templated":true}]}}