{"id":103848,"date":"2019-12-05T07:41:37","date_gmt":"2019-12-05T04:41:37","guid":{"rendered":"http:\/\/arantv.az\/?p=103848"},"modified":"2019-12-05T07:41:37","modified_gmt":"2019-12-05T04:41:37","slug":"az%c9%99rbaycana-idxal-olunan-k%c9%99r%c9%99-yagi-ucun-asagi-rusum-h%c9%99ddinin-mudd%c9%99ti-uzadilib","status":"publish","type":"post","link":"https:\/\/arantv.az\/?p=103848","title":{"rendered":"Az\u0259rbaycana idxal olunan k\u0259r\u0259 ya\u011f\u0131 \u00fc\u00e7\u00fcn a\u015fa\u011f\u0131 r\u00fcsum h\u0259ddinin m\u00fcdd\u0259ti uzad\u0131l\u0131b"},"content":{"rendered":"<p>Az\u0259rbaycana idxal olunan k\u0259r\u0259 ya\u011f\u0131\u00a0v\u0259 s\u00fcdd\u0259n haz\u0131rlanm\u0131\u015f dig\u0259r piyl\u0259r v\u0259\u00a0ya\u011flar, s\u00fcdl\u00fc pastalar\u00a0\u00fc\u00e7\u00fcn a\u015fa\u011f\u0131 g\u00f6mr\u00fck\u00a0r\u00fcsum h\u0259ddinin m\u00fcdd\u0259ti daha iki il uzad\u0131l\u0131b.<\/p>\n<p>Ba\u015f Nazir\u00a0\u018fli \u018fs\u0259dov\u00a0\u201cAz\u0259rbaycan Respublikas\u0131n\u0131n xarici iqtisadi f\u0259aliyy\u0259tin mal nomenklaturas\u0131, idxal g\u00f6mr\u00fck r\u00fcsumlar\u0131n\u0131n d\u0259r\u0259c\u0259l\u0259ri v\u0259 ixrac g\u00f6mr\u00fck r\u00fcsumlar\u0131n\u0131n d\u0259r\u0259c\u0259l\u0259ri\u201dnd\u0259 d\u0259yi\u015fiklik edilm\u0259sini n\u0259z\u0259rd\u0259 tutan q\u0259rar\u0131 imzalay\u0131b.<\/p>\n<div id=\"AdviadNativeVideo0\" class=\"AdviadNativeVideo\"><\/div>\n<p>Q\u0259rara \u0259sas\u0259n,\u00a0\u00f6lk\u0259y\u0259 idxal olunan\u00a0k\u0259r\u0259 ya\u011f\u0131 \u00fc\u00e7\u00fcn a\u015fa\u011f\u0131 r\u00fcsum h\u0259ddinin m\u00fcdd\u0259ti\u00a02021-ci il dekabr\u0131n 31-d\u0259k\u00a0uzad\u0131l\u0131b. Bu add\u0131m k\u0259r\u0259 ya\u011f\u0131n\u0131n\u00a0p\u0259rak\u0259nd\u0259 sat\u0131\u015f qiym\u0259tinin artmas\u0131n\u0131n qar\u015f\u0131s\u0131n\u0131 almaq \u00fc\u00e7\u00fcn at\u0131l\u0131b.<\/p>\n<p>Qeyd ed\u0259k ki, 2017-ci ild\u0259n\u00a0Az\u0259rbaycana g\u0259tiril\u0259n k\u0259r\u0259 ya\u011f\u0131 v\u0259 s\u00fcdd\u0259n haz\u0131rlanm\u0131\u015f dig\u0259r piyl\u0259r v\u0259 ya\u011flar, s\u00fcdl\u00fc pastalara 5%-lik g\u00f6mr\u00fck rusumu t\u0259tbiq olunub. Bundan \u0259vv\u0259l h\u0259min m\u0259hsullar\u0131n idxal\u0131ndan 15%-lik g\u00f6mr\u00fck r\u00fcsumu al\u0131n\u0131rd\u0131.<\/p>\n","protected":false},"excerpt":{"rendered":"<p>Az\u0259rbaycana idxal olunan k\u0259r\u0259 ya\u011f\u0131\u00a0v\u0259 s\u00fcdd\u0259n haz\u0131rlanm\u0131\u015f dig\u0259r piyl\u0259r v\u0259\u00a0ya\u011flar, s\u00fcdl\u00fc pastalar\u00a0\u00fc\u00e7\u00fcn a\u015fa\u011f\u0131 g\u00f6mr\u00fck\u00a0r\u00fcsum h\u0259ddinin m\u00fcdd\u0259ti daha iki il uzad\u0131l\u0131b. Ba\u015f Nazir\u00a0\u018fli \u018fs\u0259dov\u00a0\u201cAz\u0259rbaycan Respublikas\u0131n\u0131n xarici iqtisadi f\u0259aliyy\u0259tin mal nomenklaturas\u0131, idxal g\u00f6mr\u00fck r\u00fcsumlar\u0131n\u0131n d\u0259r\u0259c\u0259l\u0259ri v\u0259 ixrac g\u00f6mr\u00fck r\u00fcsumlar\u0131n\u0131n d\u0259r\u0259c\u0259l\u0259ri\u201dnd\u0259 d\u0259yi\u015fiklik edilm\u0259sini n\u0259z\u0259rd\u0259 tutan q\u0259rar\u0131 imzalay\u0131b. Q\u0259rara \u0259sas\u0259n,\u00a0\u00f6lk\u0259y\u0259 idxal olunan\u00a0k\u0259r\u0259 ya\u011f\u0131 \u00fc\u00e7\u00fcn a\u015fa\u011f\u0131 r\u00fcsum h\u0259ddinin m\u00fcdd\u0259ti\u00a02021-ci il dekabr\u0131n 31-d\u0259k\u00a0uzad\u0131l\u0131b. Bu add\u0131m k\u0259r\u0259 ya\u011f\u0131n\u0131n\u00a0p\u0259rak\u0259nd\u0259 sat\u0131\u015f qiym\u0259tinin artmas\u0131n\u0131n qar\u015f\u0131s\u0131n\u0131 almaq \u00fc\u00e7\u00fcn at\u0131l\u0131b. Qeyd ed\u0259k ki, 2017-ci ild\u0259n\u00a0Az\u0259rbaycana g\u0259tiril\u0259n k\u0259r\u0259 ya\u011f\u0131 v\u0259 s\u00fcdd\u0259n haz\u0131rlanm\u0131\u015f dig\u0259r piyl\u0259r v\u0259 ya\u011flar, s\u00fcdl\u00fc pastalara 5%-lik g\u00f6mr\u00fck rusumu t\u0259tbiq olunub.&hellip;<\/p>\n","protected":false},"author":2,"featured_media":103849,"comment_status":"closed","ping_status":"closed","sticky":false,"template":"","format":"standard","meta":{"om_disable_all_campaigns":false,"_monsterinsights_skip_tracking":false,"_monsterinsights_sitenote_active":false,"_monsterinsights_sitenote_note":"","_monsterinsights_sitenote_category":0},"categories":[1],"tags":[],"aioseo_notices":[],"gutentor_comment":0,"rttpg_featured_image_url":{"full":["https:\/\/arantv.az\/wp-content\/uploads\/2019\/12\/kere-yagi.jpg",600,316,false],"landscape":["https:\/\/arantv.az\/wp-content\/uploads\/2019\/12\/kere-yagi.jpg",600,316,false],"portraits":["https:\/\/arantv.az\/wp-content\/uploads\/2019\/12\/kere-yagi.jpg",600,316,false],"thumbnail":["https:\/\/arantv.az\/wp-content\/uploads\/2019\/12\/kere-yagi-150x150.jpg",150,150,true],"medium":["https:\/\/arantv.az\/wp-content\/uploads\/2019\/12\/kere-yagi-300x158.jpg",300,158,true],"large":["https:\/\/arantv.az\/wp-content\/uploads\/2019\/12\/kere-yagi.jpg",600,316,false],"1536x1536":["https:\/\/arantv.az\/wp-content\/uploads\/2019\/12\/kere-yagi.jpg",600,316,false],"2048x2048":["https:\/\/arantv.az\/wp-content\/uploads\/2019\/12\/kere-yagi.jpg",600,316,false],"post-thumbnail":["https:\/\/arantv.az\/wp-content\/uploads\/2019\/12\/kere-yagi-240x172.jpg",240,172,true],"advps-thumb-one":["https:\/\/arantv.az\/wp-content\/uploads\/2019\/12\/kere-yagi.jpg",600,316,false]},"rttpg_author":{"display_name":"V\u00fcsal Rafiqo\u011flu","author_link":"https:\/\/arantv.az\/?author=2"},"rttpg_comment":0,"rttpg_category":"<a href=\"https:\/\/arantv.az\/?cat=1\" rel=\"category\">C\u0259miyy\u0259t<\/a>","rttpg_excerpt":"Az\u0259rbaycana idxal olunan k\u0259r\u0259 ya\u011f\u0131\u00a0v\u0259 s\u00fcdd\u0259n haz\u0131rlanm\u0131\u015f dig\u0259r piyl\u0259r v\u0259\u00a0ya\u011flar, s\u00fcdl\u00fc pastalar\u00a0\u00fc\u00e7\u00fcn a\u015fa\u011f\u0131 g\u00f6mr\u00fck\u00a0r\u00fcsum h\u0259ddinin m\u00fcdd\u0259ti daha iki il uzad\u0131l\u0131b. Ba\u015f Nazir\u00a0\u018fli \u018fs\u0259dov\u00a0\u201cAz\u0259rbaycan Respublikas\u0131n\u0131n xarici iqtisadi f\u0259aliyy\u0259tin mal nomenklaturas\u0131, idxal g\u00f6mr\u00fck r\u00fcsumlar\u0131n\u0131n d\u0259r\u0259c\u0259l\u0259ri v\u0259 ixrac g\u00f6mr\u00fck r\u00fcsumlar\u0131n\u0131n d\u0259r\u0259c\u0259l\u0259ri\u201dnd\u0259 d\u0259yi\u015fiklik edilm\u0259sini n\u0259z\u0259rd\u0259 tutan q\u0259rar\u0131 imzalay\u0131b. Q\u0259rara \u0259sas\u0259n,\u00a0\u00f6lk\u0259y\u0259 idxal olunan\u00a0k\u0259r\u0259 ya\u011f\u0131 \u00fc\u00e7\u00fcn a\u015fa\u011f\u0131 r\u00fcsum h\u0259ddinin m\u00fcdd\u0259ti\u00a02021-ci il&hellip;","_links":{"self":[{"href":"https:\/\/arantv.az\/index.php?rest_route=\/wp\/v2\/posts\/103848"}],"collection":[{"href":"https:\/\/arantv.az\/index.php?rest_route=\/wp\/v2\/posts"}],"about":[{"href":"https:\/\/arantv.az\/index.php?rest_route=\/wp\/v2\/types\/post"}],"author":[{"embeddable":true,"href":"https:\/\/arantv.az\/index.php?rest_route=\/wp\/v2\/users\/2"}],"replies":[{"embeddable":true,"href":"https:\/\/arantv.az\/index.php?rest_route=%2Fwp%2Fv2%2Fcomments&post=103848"}],"version-history":[{"count":0,"href":"https:\/\/arantv.az\/index.php?rest_route=\/wp\/v2\/posts\/103848\/revisions"}],"wp:featuredmedia":[{"embeddable":true,"href":"https:\/\/arantv.az\/index.php?rest_route=\/wp\/v2\/media\/103849"}],"wp:attachment":[{"href":"https:\/\/arantv.az\/index.php?rest_route=%2Fwp%2Fv2%2Fmedia&parent=103848"}],"wp:term":[{"taxonomy":"category","embeddable":true,"href":"https:\/\/arantv.az\/index.php?rest_route=%2Fwp%2Fv2%2Fcategories&post=103848"},{"taxonomy":"post_tag","embeddable":true,"href":"https:\/\/arantv.az\/index.php?rest_route=%2Fwp%2Fv2%2Ftags&post=103848"}],"curies":[{"name":"wp","href":"https:\/\/api.w.org\/{rel}","templated":true}]}}