{"id":103852,"date":"2019-12-05T07:44:03","date_gmt":"2019-12-05T04:44:03","guid":{"rendered":"http:\/\/arantv.az\/?p=103852"},"modified":"2019-12-05T07:44:03","modified_gmt":"2019-12-05T04:44:03","slug":"ilham-%c9%99liyev-dovl%c9%99t-m%c9%99murlari-v%c9%99zif%c9%99y%c9%99-g%c9%99lir-m%c9%99nb%c9%99yi-kimi-baxmamalidirlar","status":"publish","type":"post","link":"https:\/\/arantv.az\/?p=103852","title":{"rendered":"\u0130lham \u018fliyev: D\u00f6vl\u0259t m\u0259murlar\u0131 v\u0259zif\u0259y\u0259 g\u0259lir m\u0259nb\u0259yi kimi baxmamal\u0131d\u0131rlar"},"content":{"rendered":"<p>Kadr islahatlar\u0131 davam etdiril\u0259c\u0259k. Son vaxtlar apar\u0131lan islahatlar art\u0131q \u00f6z n\u0259tic\u0259sini verm\u0259kd\u0259dir.<\/p>\n<p>Bu s\u00f6zl\u0259ri\u00a0Az\u0259rbaycan Respublikas\u0131n\u0131n Prezidenti \u0130lham \u018fliyev R\u00fcst\u0259m X\u0259lilovu Hac\u0131qabul Rayon \u0130cra Hakimiyy\u0259tinin ba\u015f\u00e7\u0131s\u0131, V\u00fcqar Novruzovu Naftalan \u015e\u0259h\u0259r \u0130cra Hakimiyy\u0259tinin ba\u015f\u00e7\u0131s\u0131 v\u0259zif\u0259l\u0259rin\u0259 t\u0259yin olunmas\u0131 il\u0259 \u0259laq\u0259dar q\u0259bul ed\u0259rk\u0259n s\u0259sl\u0259ndirib. O, c\u0259miyy\u0259td\u0259 bu islahatlarla ba\u011fl\u0131 \u00e7ox m\u00fcsb\u0259t r\u0259y formala\u015fd\u0131\u011f\u0131n\u0131\u00a0v\u0259 g\u00f6zl\u0259ntil\u0259r oldu\u011funu da qeyd edib:<\/p>\n<div id=\"AdviadNativeVideo0\" class=\"AdviadNativeVideo\"><\/div>\n<p>\u201cOna g\u00f6r\u0259 t\u0259yin edilmi\u015f b\u00fct\u00fcn yeni kadrlar qar\u015f\u0131s\u0131nda konkret v\u0259zif\u0259l\u0259r qoyulur v\u0259 bu kadrlar o v\u0259zif\u0259l\u0259ri icra etm\u0259lidirl\u0259r. D\u00f6vl\u0259t m\u0259murlar\u0131 v\u0259zif\u0259y\u0259 g\u0259lir m\u0259nb\u0259yi kimi baxmamal\u0131d\u0131rlar. D\u00f6vl\u0259t m\u0259murlar\u0131 xalqa xidm\u0259t etm\u0259lidirl\u0259r. Onlar\u0131n ba\u015fl\u0131ca missiyas\u0131 bundan ibar\u0259tdir v\u0259 siz d\u0259 bel\u0259 i\u015fl\u0259m\u0259lisiniz\u201d.<\/p>\n","protected":false},"excerpt":{"rendered":"<p>Kadr islahatlar\u0131 davam etdiril\u0259c\u0259k. Son vaxtlar apar\u0131lan islahatlar art\u0131q \u00f6z n\u0259tic\u0259sini verm\u0259kd\u0259dir. Bu s\u00f6zl\u0259ri\u00a0Az\u0259rbaycan Respublikas\u0131n\u0131n Prezidenti \u0130lham \u018fliyev R\u00fcst\u0259m X\u0259lilovu Hac\u0131qabul Rayon \u0130cra Hakimiyy\u0259tinin ba\u015f\u00e7\u0131s\u0131, V\u00fcqar Novruzovu Naftalan \u015e\u0259h\u0259r \u0130cra Hakimiyy\u0259tinin ba\u015f\u00e7\u0131s\u0131 v\u0259zif\u0259l\u0259rin\u0259 t\u0259yin olunmas\u0131 il\u0259 \u0259laq\u0259dar q\u0259bul ed\u0259rk\u0259n s\u0259sl\u0259ndirib. O, c\u0259miyy\u0259td\u0259 bu islahatlarla ba\u011fl\u0131 \u00e7ox m\u00fcsb\u0259t r\u0259y formala\u015fd\u0131\u011f\u0131n\u0131\u00a0v\u0259 g\u00f6zl\u0259ntil\u0259r oldu\u011funu da qeyd edib: \u201cOna g\u00f6r\u0259 t\u0259yin edilmi\u015f b\u00fct\u00fcn yeni kadrlar qar\u015f\u0131s\u0131nda konkret v\u0259zif\u0259l\u0259r qoyulur v\u0259 bu kadrlar o v\u0259zif\u0259l\u0259ri icra etm\u0259lidirl\u0259r. D\u00f6vl\u0259t m\u0259murlar\u0131 v\u0259zif\u0259y\u0259 g\u0259lir m\u0259nb\u0259yi kimi baxmamal\u0131d\u0131rlar. D\u00f6vl\u0259t m\u0259murlar\u0131 xalqa xidm\u0259t etm\u0259lidirl\u0259r. Onlar\u0131n ba\u015fl\u0131ca missiyas\u0131 bundan ibar\u0259tdir v\u0259&hellip;<\/p>\n","protected":false},"author":2,"featured_media":103853,"comment_status":"closed","ping_status":"closed","sticky":false,"template":"","format":"standard","meta":{"om_disable_all_campaigns":false,"_monsterinsights_skip_tracking":false,"_monsterinsights_sitenote_active":false,"_monsterinsights_sitenote_note":"","_monsterinsights_sitenote_category":0},"categories":[4],"tags":[],"aioseo_notices":[],"gutentor_comment":0,"rttpg_featured_image_url":{"full":["https:\/\/arantv.az\/wp-content\/uploads\/2019\/12\/prezidentt.jpg",620,335,false],"landscape":["https:\/\/arantv.az\/wp-content\/uploads\/2019\/12\/prezidentt.jpg",620,335,false],"portraits":["https:\/\/arantv.az\/wp-content\/uploads\/2019\/12\/prezidentt.jpg",620,335,false],"thumbnail":["https:\/\/arantv.az\/wp-content\/uploads\/2019\/12\/prezidentt-150x150.jpg",150,150,true],"medium":["https:\/\/arantv.az\/wp-content\/uploads\/2019\/12\/prezidentt-300x162.jpg",300,162,true],"large":["https:\/\/arantv.az\/wp-content\/uploads\/2019\/12\/prezidentt.jpg",620,335,false],"1536x1536":["https:\/\/arantv.az\/wp-content\/uploads\/2019\/12\/prezidentt.jpg",620,335,false],"2048x2048":["https:\/\/arantv.az\/wp-content\/uploads\/2019\/12\/prezidentt.jpg",620,335,false],"post-thumbnail":["https:\/\/arantv.az\/wp-content\/uploads\/2019\/12\/prezidentt-240x172.jpg",240,172,true],"advps-thumb-one":["https:\/\/arantv.az\/wp-content\/uploads\/2019\/12\/prezidentt.jpg",620,335,false]},"rttpg_author":{"display_name":"V\u00fcsal Rafiqo\u011flu","author_link":"https:\/\/arantv.az\/?author=2"},"rttpg_comment":0,"rttpg_category":"<a href=\"https:\/\/arantv.az\/?cat=4\" rel=\"category\">Siyas\u0259t<\/a>","rttpg_excerpt":"Kadr islahatlar\u0131 davam etdiril\u0259c\u0259k. Son vaxtlar apar\u0131lan islahatlar art\u0131q \u00f6z n\u0259tic\u0259sini verm\u0259kd\u0259dir. Bu s\u00f6zl\u0259ri\u00a0Az\u0259rbaycan Respublikas\u0131n\u0131n Prezidenti \u0130lham \u018fliyev R\u00fcst\u0259m X\u0259lilovu Hac\u0131qabul Rayon \u0130cra Hakimiyy\u0259tinin ba\u015f\u00e7\u0131s\u0131, V\u00fcqar Novruzovu Naftalan \u015e\u0259h\u0259r \u0130cra Hakimiyy\u0259tinin ba\u015f\u00e7\u0131s\u0131 v\u0259zif\u0259l\u0259rin\u0259 t\u0259yin olunmas\u0131 il\u0259 \u0259laq\u0259dar q\u0259bul ed\u0259rk\u0259n s\u0259sl\u0259ndirib. O, c\u0259miyy\u0259td\u0259 bu islahatlarla ba\u011fl\u0131 \u00e7ox m\u00fcsb\u0259t r\u0259y formala\u015fd\u0131\u011f\u0131n\u0131\u00a0v\u0259 g\u00f6zl\u0259ntil\u0259r oldu\u011funu da qeyd edib: \u201cOna&hellip;","_links":{"self":[{"href":"https:\/\/arantv.az\/index.php?rest_route=\/wp\/v2\/posts\/103852"}],"collection":[{"href":"https:\/\/arantv.az\/index.php?rest_route=\/wp\/v2\/posts"}],"about":[{"href":"https:\/\/arantv.az\/index.php?rest_route=\/wp\/v2\/types\/post"}],"author":[{"embeddable":true,"href":"https:\/\/arantv.az\/index.php?rest_route=\/wp\/v2\/users\/2"}],"replies":[{"embeddable":true,"href":"https:\/\/arantv.az\/index.php?rest_route=%2Fwp%2Fv2%2Fcomments&post=103852"}],"version-history":[{"count":0,"href":"https:\/\/arantv.az\/index.php?rest_route=\/wp\/v2\/posts\/103852\/revisions"}],"wp:featuredmedia":[{"embeddable":true,"href":"https:\/\/arantv.az\/index.php?rest_route=\/wp\/v2\/media\/103853"}],"wp:attachment":[{"href":"https:\/\/arantv.az\/index.php?rest_route=%2Fwp%2Fv2%2Fmedia&parent=103852"}],"wp:term":[{"taxonomy":"category","embeddable":true,"href":"https:\/\/arantv.az\/index.php?rest_route=%2Fwp%2Fv2%2Fcategories&post=103852"},{"taxonomy":"post_tag","embeddable":true,"href":"https:\/\/arantv.az\/index.php?rest_route=%2Fwp%2Fv2%2Ftags&post=103852"}],"curies":[{"name":"wp","href":"https:\/\/api.w.org\/{rel}","templated":true}]}}