{"id":103928,"date":"2019-12-05T09:34:26","date_gmt":"2019-12-05T06:34:26","guid":{"rendered":"http:\/\/arantv.az\/?p=103928"},"modified":"2019-12-05T09:34:26","modified_gmt":"2019-12-05T06:34:26","slug":"iran-v%c9%99-az%c9%99rbaycan-munasib%c9%99tl%c9%99rin-inkisafi-istiqam%c9%99tind%c9%99-coxlu-musb%c9%99t-addimlar-atiblar","status":"publish","type":"post","link":"https:\/\/arantv.az\/?p=103928","title":{"rendered":"\u0130ran v\u0259 Az\u0259rbaycan m\u00fcnasib\u0259tl\u0259rin inki\u015faf\u0131 istiqam\u0259tind\u0259 \u00e7oxlu m\u00fcsb\u0259t add\u0131mlar at\u0131blar"},"content":{"rendered":"<blockquote><p><em><strong>\u0130ran v\u0259 Az\u0259rbaycan ikit\u0259r\u0259fli m\u00fcnasib\u0259tl\u0259rin m\u00f6hk\u0259ml\u0259ndirilm\u0259si istiqam\u0259tind\u0259 \u00e7oxlu m\u00fcsb\u0259t add\u0131mlar at\u0131blar.<\/strong><\/em><\/p><\/blockquote>\n<p><strong>ARANTV.AZ<\/strong>\u00a0\u00a0<a href=\"https:\/\/az.trend.az\/\" target=\"_blank\" rel=\"noopener\">Trend<\/a>-\u0259 istinad\u0259n x\u0259b\u0259r verir ki, bunu \u0130ran prezidenti H\u0259s\u0259n Ruhani Az\u0259rbaycan\u0131n Ba\u015f Nazirinin m\u00fcavini \u015eahin Mustafayevl\u0259 g\u00f6r\u00fc\u015fd\u0259 deyib.<\/p>\n<p>H.Ruhaninin s\u00f6zl\u0259rin\u0259 g\u00f6r\u0259, iki \u00f6lk\u0259nin y\u00fcks\u0259k s\u0259viyy\u0259li r\u0259smil\u0259rinin s\u0259f\u0259rl\u0259ri v\u0259 Az\u0259rbaycan Prezidenti c\u0259nab \u0130lham \u018fliyevin m\u0259ktubu iki \u00f6lk\u0259 m\u00fcnasib\u0259tl\u0259rinin inki\u015faf\u0131na b\u00f6y\u00fck t\u00f6hf\u0259 verir.<\/p>\n<p>\u0130ran Prezidenti \u0259lav\u0259 edib ki, r\u0259smi Tehran iki \u00f6lk\u0259 aras\u0131ndak\u0131 raz\u0131la\u015fmalar v\u0259 \u0259m\u0259kda\u015fl\u0131qlar\u0131n icras\u0131ndan raz\u0131d\u0131r v\u0259 Bak\u0131da Az\u0259rbaycan Prezidenti il\u0259 \u0259ld\u0259 olunan raz\u0131la\u015fmalar\u0131n tam \u015f\u0259kild\u0259 v\u0259 tez bir zamanda icra olunmas\u0131na \u00fcmid edir:<\/p>\n<p>&#8220;Birg\u0259 layih\u0259l\u0259r, x\u00fcsusil\u0259 d\u0259 Xudaf\u0259rin b\u0259ndi v\u0259 elektrik stansiyas\u0131 sah\u0259sind\u0259ki layih\u0259l\u0259rd\u0259 \u0259m\u0259kda\u015fl\u0131q iki \u00f6lk\u0259 m\u00fcnasib\u0259tl\u0259rinin inki\u015faf\u0131nda dir\u00e7\u0259li\u015f yarada bil\u0259r. H\u0259m\u00e7inin iki \u00f6lk\u0259nin s\u0259rh\u0259d zonalar\u0131nda elektrik stansiyas\u0131n\u0131n in\u015fa edilm\u0259si b\u00f6y\u00fck \u0259h\u0259miyy\u0259t k\u0259sb edir&#8221;.<\/p>\n<p>H.Ruhani R\u0259\u015ft-Astara d\u0259miryolu il\u0259 \u0259laq\u0259dar birg\u0259 layih\u0259nin tez bir zamanda icra edil\u0259c\u0259yin\u0259 \u00fcmidvar oldu\u011funu qeyd edib:<\/p>\n<p>&#8220;\u0130ran \u0130slam Respublikas\u0131 X\u0259z\u0259r d\u0259nizind\u0259 neft k\u0259\u015ffi v\u0259 \u00e7\u0131xar\u0131lmas\u0131 \u00fczr\u0259 birg\u0259 layih\u0259l\u0259rin icras\u0131n\u0131 ciddi \u015f\u0259kild\u0259 izl\u0259yir. Bu m\u0259s\u0259l\u0259l\u0259rin iki \u00f6lk\u0259nin birg\u0259 komissiyas\u0131n\u0131n iclas\u0131nda d\u0259qiq \u015f\u0259kild\u0259 ara\u015fd\u0131r\u0131laca\u011f\u0131na \u00fcmid edilir&#8221;.<\/p>\n<p>Elm v\u0259 texnologiya m\u00fcnasib\u0259tl\u0259rinin inki\u015faf\u0131n\u0131n \u0259h\u0259miyy\u0259tini vur\u011fulayan \u0130ran Prezidentinin s\u00f6zl\u0259rin\u0259 g\u00f6r\u0259, birg\u0259 s\u0259naye park\u0131n\u0131n yarad\u0131lmas\u0131 ikit\u0259r\u0259fli m\u00fcnasib\u0259tl\u0259rin inki\u015faf\u0131 il\u0259 n\u0259tic\u0259l\u0259n\u0259c\u0259k.<\/p>\n<p>H.Ruhani turizm v\u0259 \u0259traf m\u00fchit m\u0259s\u0259l\u0259l\u0259rin\u0259 diqq\u0259t yetirm\u0259yin vacibliyini qeyd edib:<\/p>\n<p>&#8220;\u00dcmid edir\u0259m ki, iki \u00f6lk\u0259nin bu sah\u0259l\u0259rd\u0259, \u0259sas\u0259n d\u0259 X\u0259z\u0259r d\u0259nizind\u0259 faydal\u0131 v\u0259 effektiv \u0259m\u0259kda\u015fl\u0131\u011f\u0131 olacaq&#8221;.<\/p>\n<p>\u015e.Mustafayev \u00f6z n\u00f6vb\u0259sind\u0259 deyib ki, haz\u0131rda iki \u00f6lk\u0259nin b\u00fct\u00fcn sah\u0259l\u0259rd\u0259 \u0259m\u0259kda\u015fl\u0131qlar\u0131 inki\u015faf etm\u0259kd\u0259dir. Bel\u0259 ki, iki \u00f6lk\u0259nin ticar\u0259t d\u00f6vriyy\u0259si 2014-c\u00fc ild\u0259n indiy\u0259d\u0259k \u00fc\u00e7 d\u0259f\u0259, Az\u0259rbaycanda f\u0259aliyy\u0259t g\u00f6st\u0259r\u0259n \u0130ran \u015firk\u0259tl\u0259rinin say\u0131 is\u0259 \u00f6t\u0259n bir ild\u0259 50% art\u0131b.<\/p>\n","protected":false},"excerpt":{"rendered":"<p>\u0130ran v\u0259 Az\u0259rbaycan ikit\u0259r\u0259fli m\u00fcnasib\u0259tl\u0259rin m\u00f6hk\u0259ml\u0259ndirilm\u0259si istiqam\u0259tind\u0259 \u00e7oxlu m\u00fcsb\u0259t add\u0131mlar at\u0131blar. ARANTV.AZ\u00a0\u00a0Trend-\u0259 istinad\u0259n x\u0259b\u0259r verir ki, bunu \u0130ran prezidenti H\u0259s\u0259n Ruhani Az\u0259rbaycan\u0131n Ba\u015f Nazirinin m\u00fcavini \u015eahin Mustafayevl\u0259 g\u00f6r\u00fc\u015fd\u0259 deyib. H.Ruhaninin s\u00f6zl\u0259rin\u0259 g\u00f6r\u0259, iki \u00f6lk\u0259nin y\u00fcks\u0259k s\u0259viyy\u0259li r\u0259smil\u0259rinin s\u0259f\u0259rl\u0259ri v\u0259 Az\u0259rbaycan Prezidenti c\u0259nab \u0130lham \u018fliyevin m\u0259ktubu iki \u00f6lk\u0259 m\u00fcnasib\u0259tl\u0259rinin inki\u015faf\u0131na b\u00f6y\u00fck t\u00f6hf\u0259 verir. \u0130ran Prezidenti \u0259lav\u0259 edib ki, r\u0259smi Tehran iki \u00f6lk\u0259 aras\u0131ndak\u0131 raz\u0131la\u015fmalar v\u0259 \u0259m\u0259kda\u015fl\u0131qlar\u0131n icras\u0131ndan raz\u0131d\u0131r v\u0259 Bak\u0131da Az\u0259rbaycan Prezidenti il\u0259 \u0259ld\u0259 olunan raz\u0131la\u015fmalar\u0131n tam \u015f\u0259kild\u0259 v\u0259 tez bir zamanda icra olunmas\u0131na \u00fcmid edir: &#8220;Birg\u0259 layih\u0259l\u0259r, x\u00fcsusil\u0259 d\u0259 Xudaf\u0259rin&hellip;<\/p>\n","protected":false},"author":2,"featured_media":103929,"comment_status":"closed","ping_status":"closed","sticky":false,"template":"","format":"standard","meta":{"om_disable_all_campaigns":false,"_monsterinsights_skip_tracking":false,"_monsterinsights_sitenote_active":false,"_monsterinsights_sitenote_note":"","_monsterinsights_sitenote_category":0},"categories":[19],"tags":[],"aioseo_notices":[],"gutentor_comment":0,"rttpg_featured_image_url":{"full":["https:\/\/arantv.az\/wp-content\/uploads\/2019\/12\/807852.jpg",800,600,false],"landscape":["https:\/\/arantv.az\/wp-content\/uploads\/2019\/12\/807852.jpg",800,600,false],"portraits":["https:\/\/arantv.az\/wp-content\/uploads\/2019\/12\/807852.jpg",800,600,false],"thumbnail":["https:\/\/arantv.az\/wp-content\/uploads\/2019\/12\/807852-150x150.jpg",150,150,true],"medium":["https:\/\/arantv.az\/wp-content\/uploads\/2019\/12\/807852-300x225.jpg",300,225,true],"large":["https:\/\/arantv.az\/wp-content\/uploads\/2019\/12\/807852.jpg",640,480,false],"1536x1536":["https:\/\/arantv.az\/wp-content\/uploads\/2019\/12\/807852.jpg",800,600,false],"2048x2048":["https:\/\/arantv.az\/wp-content\/uploads\/2019\/12\/807852.jpg",800,600,false],"post-thumbnail":["https:\/\/arantv.az\/wp-content\/uploads\/2019\/12\/807852-240x172.jpg",240,172,true],"advps-thumb-one":["https:\/\/arantv.az\/wp-content\/uploads\/2019\/12\/807852.jpg",800,600,false]},"rttpg_author":{"display_name":"V\u00fcsal Rafiqo\u011flu","author_link":"https:\/\/arantv.az\/?author=2"},"rttpg_comment":0,"rttpg_category":"<a href=\"https:\/\/arantv.az\/?cat=19\" rel=\"category\">G\u00fcnd\u0259m<\/a>","rttpg_excerpt":"\u0130ran v\u0259 Az\u0259rbaycan ikit\u0259r\u0259fli m\u00fcnasib\u0259tl\u0259rin m\u00f6hk\u0259ml\u0259ndirilm\u0259si istiqam\u0259tind\u0259 \u00e7oxlu m\u00fcsb\u0259t add\u0131mlar at\u0131blar. ARANTV.AZ\u00a0\u00a0Trend-\u0259 istinad\u0259n x\u0259b\u0259r verir ki, bunu \u0130ran prezidenti H\u0259s\u0259n Ruhani Az\u0259rbaycan\u0131n Ba\u015f Nazirinin m\u00fcavini \u015eahin Mustafayevl\u0259 g\u00f6r\u00fc\u015fd\u0259 deyib. H.Ruhaninin s\u00f6zl\u0259rin\u0259 g\u00f6r\u0259, iki \u00f6lk\u0259nin y\u00fcks\u0259k s\u0259viyy\u0259li r\u0259smil\u0259rinin s\u0259f\u0259rl\u0259ri v\u0259 Az\u0259rbaycan Prezidenti c\u0259nab \u0130lham \u018fliyevin m\u0259ktubu iki \u00f6lk\u0259 m\u00fcnasib\u0259tl\u0259rinin inki\u015faf\u0131na b\u00f6y\u00fck t\u00f6hf\u0259 verir. \u0130ran Prezidenti \u0259lav\u0259&hellip;","_links":{"self":[{"href":"https:\/\/arantv.az\/index.php?rest_route=\/wp\/v2\/posts\/103928"}],"collection":[{"href":"https:\/\/arantv.az\/index.php?rest_route=\/wp\/v2\/posts"}],"about":[{"href":"https:\/\/arantv.az\/index.php?rest_route=\/wp\/v2\/types\/post"}],"author":[{"embeddable":true,"href":"https:\/\/arantv.az\/index.php?rest_route=\/wp\/v2\/users\/2"}],"replies":[{"embeddable":true,"href":"https:\/\/arantv.az\/index.php?rest_route=%2Fwp%2Fv2%2Fcomments&post=103928"}],"version-history":[{"count":0,"href":"https:\/\/arantv.az\/index.php?rest_route=\/wp\/v2\/posts\/103928\/revisions"}],"wp:featuredmedia":[{"embeddable":true,"href":"https:\/\/arantv.az\/index.php?rest_route=\/wp\/v2\/media\/103929"}],"wp:attachment":[{"href":"https:\/\/arantv.az\/index.php?rest_route=%2Fwp%2Fv2%2Fmedia&parent=103928"}],"wp:term":[{"taxonomy":"category","embeddable":true,"href":"https:\/\/arantv.az\/index.php?rest_route=%2Fwp%2Fv2%2Fcategories&post=103928"},{"taxonomy":"post_tag","embeddable":true,"href":"https:\/\/arantv.az\/index.php?rest_route=%2Fwp%2Fv2%2Ftags&post=103928"}],"curies":[{"name":"wp","href":"https:\/\/api.w.org\/{rel}","templated":true}]}}