{"id":103972,"date":"2019-12-05T10:19:46","date_gmt":"2019-12-05T07:19:46","guid":{"rendered":"http:\/\/arantv.az\/?p=103972"},"modified":"2019-12-05T10:19:46","modified_gmt":"2019-12-05T07:19:46","slug":"3-dekabr-beyn%c9%99lxalq-%c9%99lilliyi-olan-s%c9%99xsl%c9%99r-gunu-il%c9%99-%c9%99laq%c9%99dar-usaqlar-ucun-t%c9%99dbir-t%c9%99skil-edilib","status":"publish","type":"post","link":"https:\/\/arantv.az\/?p=103972","title":{"rendered":"3 Dekabr &#8211; Beyn\u0259lxalq \u018flilliyi olan \u015e\u0259xsl\u0259r G\u00fcn\u00fc il\u0259 \u0259laq\u0259dar u\u015faqlar \u00fc\u00e7\u00fcn t\u0259dbir t\u0259\u015fkil edilib."},"content":{"rendered":"<p>\u201cH\u00fcquq D\u00fcnyas\u0131 H\u00fcquqi T\u0259bl\u0131\u011fat\u201d \u0130ctimai Birlyi \u015e\u0259mkir rayonunda 3 Dekabr &#8211; Beyn\u0259lxalq \u018flilliyi olan \u015e\u0259xsl\u0259r G\u00fcn\u00fc il\u0259 \u0259laq\u0259dar u\u015faqlar \u00fc\u00e7\u00fcn t\u0259dbir t\u0259\u015fkil edilib.<\/p>\n<p>\u018fm\u0259k v\u0259 \u018fhalinin Sosial M\u00fcdafi\u0259si Nazirliyinin sosial sifari\u015fi il\u0259 \u201cH\u00fcquq D\u00fcnyas\u0131 H\u00fcquqi T\u0259bl\u0131\u011fat\u201d \u0130ctimai Birlyi t\u0259r\u0259find\u0259n h\u0259yata ke\u00e7iril\u0259n \u201cSa\u011flaml\u0131q imkanlar\u0131 m\u0259hdud u\u015faqlar\u0131n sosial v\u0259 psixoloji reabilitasiyas\u0131\u201d layih\u0259si \u00e7\u0259r\u00e7iv\u0259sin\u0259 \u015e\u0259mkir rayonunda 3 Dekabr &#8211; Beyn\u0259lxalq \u018flilliyi olan \u015e\u0259xsl\u0259r G\u00fcn\u00fc il\u0259 \u0259laq\u0259dar u\u015faqlar \u00fc\u00e7\u00fcn t\u0259dbir t\u0259\u015fkil edilib. Ke\u00e7iril\u0259n t\u0259dbird\u0259 bildirilib ki, c\u0259nab Prezident \u0130lham \u018fliyevin &#8220;X\u00fcsusi qay\u011f\u0131ya ehtiyac\u0131 olan u\u015faqlara v\u0259 dig\u0259r \u015f\u0259xsl\u0259r\u0259 g\u00f6st\u0259ril\u0259n sosial xidm\u0259tl\u0259rin geni\u015fl\u0259ndirilm\u0259si \u00fc\u00e7\u00fcn \u0259lav\u0259 t\u0259dbirl\u0259r haqq\u0131nda\u201d 1 iyun 2019-cu il tarixli S\u0259r\u0259ncam\u0131 sa\u011flaml\u0131q imkanlar\u0131 m\u0259hdud u\u015faqlara g\u00f6st\u0259ril\u0259n sosial xidm\u0259tl\u0259r sah\u0259sind\u0259 f\u0259aliyy\u0259t istiqam\u0259tl\u0259rinin \u0259h\u0259miyy\u0259tli d\u0259r\u0259c\u0259d\u0259 geni\u015fl\u0259nm\u0259sin\u0259 imkan verib. Az\u0259rbaycanda apar\u0131lan d\u00f6vl\u0259t siyas\u0259ti h\u0259r bir u\u015fa\u011f\u0131n sa\u011flam v\u0259 firavan b\u00f6y\u00fcm\u0259si, layiqli v\u0259t\u0259nda\u015f kimi formala\u015fmas\u0131 \u00fc\u00e7\u00fcn h\u0259rt\u0259r\u0259fli \u015f\u0259rait yarad\u0131lmas\u0131n\u0131, m\u00fcvafiq hallarda etibarl\u0131 sosial t\u0259minat n\u00f6vl\u0259ri il\u0259 t\u0259min edilm\u0259sini n\u0259z\u0259rd\u0259 tutur. Eyni zamanda Az\u0259rbaycan\u0131n Birinci vitse-prezidenti, Heyd\u0259r \u018fliyev Fondunun prezidenti Mehriban \u018fliyevan\u0131n d\u0259st\u0259yi n\u0259tic\u0259sind\u0259 qeyd olunan kateqoriya \u00fczr\u0259 m\u00fc\u0259ssis\u0259l\u0259rd\u0259 u\u015faqlar \u00fc\u00e7\u00fcn m\u00fcasir t\u0259l\u0259bl\u0259r s\u0259viyy\u0259sind\u0259, n\u00fcmun\u0259vi ya\u015fay\u0131\u015f v\u0259 reabilitasiya \u015f\u0259raiti yarad\u0131l\u0131b. Maraql\u0131 anlarla yadda qalan t\u0259dbird\u0259 u\u015faqlara m\u00fcxt\u0259lif h\u0259diyy\u0259l\u0259r verilib. Sa\u011flaml\u0131q imkanlar\u0131 m\u0259hdud ayr\u0131-ayr\u0131 u\u015faqlar mahn\u0131 v\u0259 \u015ferl\u0259r s\u0259sl\u0259ndirib, \u00f6z bacar\u0131qlar\u0131n\u0131 n\u00fcmayi\u015f etdiribl\u0259r. T\u0259dbir u\u015faqlar \u00fc\u00e7\u00fcn musiqili-\u0259yl\u0259nc\u0259li proqramlarla davam edib.<\/p>\n<p><img loading=\"lazy\" class=\"alignnone size-medium wp-image-103973\" src=\"https:\/\/arantv.az\/wp-content\/uploads\/2019\/12\/78275614_433334167362100_1359437924633935872_n-300x200.jpg\" alt=\"\" width=\"300\" height=\"200\" \/> <img loading=\"lazy\" class=\"alignnone size-medium wp-image-103974\" src=\"https:\/\/arantv.az\/wp-content\/uploads\/2019\/12\/74383128_430073324338465_4842538633686679552_n-300x200.jpg\" alt=\"\" width=\"300\" height=\"200\" \/><\/p>\n","protected":false},"excerpt":{"rendered":"<p>\u201cH\u00fcquq D\u00fcnyas\u0131 H\u00fcquqi T\u0259bl\u0131\u011fat\u201d \u0130ctimai Birlyi \u015e\u0259mkir rayonunda 3 Dekabr &#8211; Beyn\u0259lxalq \u018flilliyi olan \u015e\u0259xsl\u0259r G\u00fcn\u00fc il\u0259 \u0259laq\u0259dar u\u015faqlar \u00fc\u00e7\u00fcn t\u0259dbir t\u0259\u015fkil edilib. \u018fm\u0259k v\u0259 \u018fhalinin Sosial M\u00fcdafi\u0259si Nazirliyinin sosial sifari\u015fi il\u0259 \u201cH\u00fcquq D\u00fcnyas\u0131 H\u00fcquqi T\u0259bl\u0131\u011fat\u201d \u0130ctimai Birlyi t\u0259r\u0259find\u0259n h\u0259yata ke\u00e7iril\u0259n \u201cSa\u011flaml\u0131q imkanlar\u0131 m\u0259hdud u\u015faqlar\u0131n sosial v\u0259 psixoloji reabilitasiyas\u0131\u201d layih\u0259si \u00e7\u0259r\u00e7iv\u0259sin\u0259 \u015e\u0259mkir rayonunda 3 Dekabr &#8211; Beyn\u0259lxalq \u018flilliyi olan \u015e\u0259xsl\u0259r G\u00fcn\u00fc il\u0259 \u0259laq\u0259dar u\u015faqlar \u00fc\u00e7\u00fcn t\u0259dbir t\u0259\u015fkil edilib. Ke\u00e7iril\u0259n t\u0259dbird\u0259 bildirilib ki, c\u0259nab Prezident \u0130lham \u018fliyevin &#8220;X\u00fcsusi qay\u011f\u0131ya ehtiyac\u0131 olan u\u015faqlara v\u0259 dig\u0259r \u015f\u0259xsl\u0259r\u0259 g\u00f6st\u0259ril\u0259n sosial xidm\u0259tl\u0259rin geni\u015fl\u0259ndirilm\u0259si \u00fc\u00e7\u00fcn \u0259lav\u0259&hellip;<\/p>\n","protected":false},"author":2,"featured_media":103975,"comment_status":"closed","ping_status":"closed","sticky":false,"template":"","format":"standard","meta":{"om_disable_all_campaigns":false,"_monsterinsights_skip_tracking":false,"_monsterinsights_sitenote_active":false,"_monsterinsights_sitenote_note":"","_monsterinsights_sitenote_category":0},"categories":[1],"tags":[],"aioseo_notices":[],"gutentor_comment":0,"rttpg_featured_image_url":{"full":["https:\/\/arantv.az\/wp-content\/uploads\/2019\/12\/79155127_422119175333256_8802354745223151616_n.jpg",2048,1365,false],"landscape":["https:\/\/arantv.az\/wp-content\/uploads\/2019\/12\/79155127_422119175333256_8802354745223151616_n.jpg",2048,1365,false],"portraits":["https:\/\/arantv.az\/wp-content\/uploads\/2019\/12\/79155127_422119175333256_8802354745223151616_n.jpg",2048,1365,false],"thumbnail":["https:\/\/arantv.az\/wp-content\/uploads\/2019\/12\/79155127_422119175333256_8802354745223151616_n-150x150.jpg",150,150,true],"medium":["https:\/\/arantv.az\/wp-content\/uploads\/2019\/12\/79155127_422119175333256_8802354745223151616_n-300x200.jpg",300,200,true],"large":["https:\/\/arantv.az\/wp-content\/uploads\/2019\/12\/79155127_422119175333256_8802354745223151616_n-1024x683.jpg",640,427,true],"1536x1536":["https:\/\/arantv.az\/wp-content\/uploads\/2019\/12\/79155127_422119175333256_8802354745223151616_n.jpg",1536,1024,false],"2048x2048":["https:\/\/arantv.az\/wp-content\/uploads\/2019\/12\/79155127_422119175333256_8802354745223151616_n.jpg",2048,1365,false],"post-thumbnail":["https:\/\/arantv.az\/wp-content\/uploads\/2019\/12\/79155127_422119175333256_8802354745223151616_n-240x172.jpg",240,172,true],"advps-thumb-one":["https:\/\/arantv.az\/wp-content\/uploads\/2019\/12\/79155127_422119175333256_8802354745223151616_n-1200x620.jpg",1200,620,true]},"rttpg_author":{"display_name":"V\u00fcsal Rafiqo\u011flu","author_link":"https:\/\/arantv.az\/?author=2"},"rttpg_comment":0,"rttpg_category":"<a href=\"https:\/\/arantv.az\/?cat=1\" rel=\"category\">C\u0259miyy\u0259t<\/a>","rttpg_excerpt":"\u201cH\u00fcquq D\u00fcnyas\u0131 H\u00fcquqi T\u0259bl\u0131\u011fat\u201d \u0130ctimai Birlyi \u015e\u0259mkir rayonunda 3 Dekabr &#8211; Beyn\u0259lxalq \u018flilliyi olan \u015e\u0259xsl\u0259r G\u00fcn\u00fc il\u0259 \u0259laq\u0259dar u\u015faqlar \u00fc\u00e7\u00fcn t\u0259dbir t\u0259\u015fkil edilib. \u018fm\u0259k v\u0259 \u018fhalinin Sosial M\u00fcdafi\u0259si Nazirliyinin sosial sifari\u015fi il\u0259 \u201cH\u00fcquq D\u00fcnyas\u0131 H\u00fcquqi T\u0259bl\u0131\u011fat\u201d \u0130ctimai Birlyi t\u0259r\u0259find\u0259n h\u0259yata ke\u00e7iril\u0259n \u201cSa\u011flaml\u0131q imkanlar\u0131 m\u0259hdud u\u015faqlar\u0131n sosial v\u0259 psixoloji reabilitasiyas\u0131\u201d layih\u0259si \u00e7\u0259r\u00e7iv\u0259sin\u0259 \u015e\u0259mkir rayonunda 3 Dekabr&hellip;","_links":{"self":[{"href":"https:\/\/arantv.az\/index.php?rest_route=\/wp\/v2\/posts\/103972"}],"collection":[{"href":"https:\/\/arantv.az\/index.php?rest_route=\/wp\/v2\/posts"}],"about":[{"href":"https:\/\/arantv.az\/index.php?rest_route=\/wp\/v2\/types\/post"}],"author":[{"embeddable":true,"href":"https:\/\/arantv.az\/index.php?rest_route=\/wp\/v2\/users\/2"}],"replies":[{"embeddable":true,"href":"https:\/\/arantv.az\/index.php?rest_route=%2Fwp%2Fv2%2Fcomments&post=103972"}],"version-history":[{"count":0,"href":"https:\/\/arantv.az\/index.php?rest_route=\/wp\/v2\/posts\/103972\/revisions"}],"wp:featuredmedia":[{"embeddable":true,"href":"https:\/\/arantv.az\/index.php?rest_route=\/wp\/v2\/media\/103975"}],"wp:attachment":[{"href":"https:\/\/arantv.az\/index.php?rest_route=%2Fwp%2Fv2%2Fmedia&parent=103972"}],"wp:term":[{"taxonomy":"category","embeddable":true,"href":"https:\/\/arantv.az\/index.php?rest_route=%2Fwp%2Fv2%2Fcategories&post=103972"},{"taxonomy":"post_tag","embeddable":true,"href":"https:\/\/arantv.az\/index.php?rest_route=%2Fwp%2Fv2%2Ftags&post=103972"}],"curies":[{"name":"wp","href":"https:\/\/api.w.org\/{rel}","templated":true}]}}