{"id":103978,"date":"2019-12-05T10:22:19","date_gmt":"2019-12-05T07:22:19","guid":{"rendered":"http:\/\/arantv.az\/?p=103978"},"modified":"2019-12-05T10:22:19","modified_gmt":"2019-12-05T07:22:19","slug":"gun%c9%99rzi-m%c9%99rk%c9%99zd%c9%99-3-dekabr-beyn%c9%99lxalq-%c9%99lilliyi-olan-s%c9%99xsl%c9%99r-gunu-il%c9%99-%c9%99laq%c9%99dar-t%c9%99dbir-kecirilmisdir","status":"publish","type":"post","link":"https:\/\/arantv.az\/?p=103978","title":{"rendered":"G\u00fcn\u0259rzi M\u0259rk\u0259zd\u0259 3 Dekabr &#8211; Beyn\u0259lxalq \u018flilliyi olan \u015e\u0259xsl\u0259r G\u00fcn\u00fc il\u0259 \u0259laq\u0259dar t\u0259dbir ke\u00e7irilmi\u015fdir"},"content":{"rendered":"<p>&nbsp;<\/p>\n<p>F\u00fczuli \u00a0G\u00fcn\u0259rzi qay\u011f\u0131 m\u0259rk\u0259zin\u0259 c\u0259lb olunmu\u015f u\u015faqlar\u0131n i\u015ftirak\u0131 il\u0259\u00a0 3 Dekabr &#8211; Beyn\u0259lxalq \u018flilliyi olan \u015e\u0259xsl\u0259r G\u00fcn\u00fc il\u0259 \u0259laq\u0259dar t\u0259dbir t\u0259\u015fkil edilib.<\/p>\n<p>Qeyd ed\u0259k ki,\u00a0 m\u0259rk\u0259z \u018fm\u0259k v\u0259 \u018fhalinin Sosial M\u00fcdafi\u0259si Nazirliyi yan\u0131nda D\u00f6vl\u0259t Sosial M\u00fcdafi\u0259 Fondunun sosial sifari\u015fi v\u0259 maliyy\u0259 d\u0259st\u0259yi il\u0259 \u201cBeyl\u0259qan G\u0259ncl\u0259rinin Maarifl\u0259ndirilm\u0259si v\u0259\u00a0 Sosial \u0130nki\u015faf\u0131\u201d \u00a0\u0130ctimai Birliyi t\u0259r\u0259find\u0259n yarad\u0131l\u0131b. M\u0259rk\u0259zin f\u0259aliyy\u0259tind\u0259 m\u0259qs\u0259d \u00e7\u0259tin h\u0259yat \u015f\u0259raitind\u0259 olan u\u015faqlar\u0131n v\u0259 ail\u0259l\u0259rin sosial xidm\u0259tl\u0259r\u0259 \u00e7\u0131x\u0131\u015f\u0131n\u0131n t\u0259min edilm\u0259si, h\u0259min u\u015faqlar\u0131n d\u00f6vl\u0259t u\u015faq m\u00fc\u0259ssis\u0259l\u0259rin\u0259 d\u00fc\u015fm\u0259sinin qar\u015f\u0131s\u0131n\u0131n al\u0131nmas\u0131d\u0131r. M\u0259rk\u0259z\u0259 t\u0259k valideynli, h\u0259r iki valideynini itirmi\u015f v\u0259 inteqrativ t\u0259hsil\u0259 c\u0259lb oluna bil\u0259n sa\u011flaml\u0131q imkanlar\u0131 m\u0259hdud, habel\u0259 azt\u0259minatl\u0131 (sosial yard\u0131m t\u0259yin edilmi\u015f) ail\u0259l\u0259rd\u0259n olan 30 u\u015faq (3-12 ya\u015f aras\u0131nda) c\u0259lb edilib v\u0259 yar\u0131mstasionar \u00a0\u015f\u0259raitd\u0259 t\u0259lim-t\u0259rbiy\u0259si, qidalanmalar\u0131, m\u00fcxt\u0259lif d\u0259rn\u0259kl\u0259r vasit\u0259sil\u0259 bacar\u0131qlar\u0131n\u0131n inki\u015faf etdirilm\u0259si \u00fc\u00e7\u00fcn i\u015fl\u0259r apar\u0131l\u0131r, sosial xidm\u0259tl\u0259rl\u0259 t\u0259min edilirl\u0259r.<\/p>\n<p>\u201c\u018flillik q\u00fcsur deyil\u201d adl\u0131 kompozisiya xarakterli t\u0259dbird\u0259 \u00a0\u00a0\u00a0u\u015faqlar\u0131n bacar\u0131qlar\u0131 n\u00fcmayi\u015f olunmu\u015f \u00a0\u00a0haz\u0131rlad\u0131qlar\u0131 s\u0259hn\u0259cikl\u0259r, \u015feir v\u0259 mahn\u0131lar\u0131 \u00a0b\u00f6y\u00fck maraqla qar\u015f\u0131lan\u0131b.<\/p>\n<p><img loading=\"lazy\" class=\"alignnone size-medium wp-image-103979\" src=\"https:\/\/arantv.az\/wp-content\/uploads\/2019\/12\/78314138_807015953054028_6484326338265088000_n-300x199.jpg\" alt=\"\" width=\"300\" height=\"199\" \/><\/p>\n","protected":false},"excerpt":{"rendered":"<p>&nbsp; F\u00fczuli \u00a0G\u00fcn\u0259rzi qay\u011f\u0131 m\u0259rk\u0259zin\u0259 c\u0259lb olunmu\u015f u\u015faqlar\u0131n i\u015ftirak\u0131 il\u0259\u00a0 3 Dekabr &#8211; Beyn\u0259lxalq \u018flilliyi olan \u015e\u0259xsl\u0259r G\u00fcn\u00fc il\u0259 \u0259laq\u0259dar t\u0259dbir t\u0259\u015fkil edilib. Qeyd ed\u0259k ki,\u00a0 m\u0259rk\u0259z \u018fm\u0259k v\u0259 \u018fhalinin Sosial M\u00fcdafi\u0259si Nazirliyi yan\u0131nda D\u00f6vl\u0259t Sosial M\u00fcdafi\u0259 Fondunun sosial sifari\u015fi v\u0259 maliyy\u0259 d\u0259st\u0259yi il\u0259 \u201cBeyl\u0259qan G\u0259ncl\u0259rinin Maarifl\u0259ndirilm\u0259si v\u0259\u00a0 Sosial \u0130nki\u015faf\u0131\u201d \u00a0\u0130ctimai Birliyi t\u0259r\u0259find\u0259n yarad\u0131l\u0131b. M\u0259rk\u0259zin f\u0259aliyy\u0259tind\u0259 m\u0259qs\u0259d \u00e7\u0259tin h\u0259yat \u015f\u0259raitind\u0259 olan u\u015faqlar\u0131n v\u0259 ail\u0259l\u0259rin sosial xidm\u0259tl\u0259r\u0259 \u00e7\u0131x\u0131\u015f\u0131n\u0131n t\u0259min edilm\u0259si, h\u0259min u\u015faqlar\u0131n d\u00f6vl\u0259t u\u015faq m\u00fc\u0259ssis\u0259l\u0259rin\u0259 d\u00fc\u015fm\u0259sinin qar\u015f\u0131s\u0131n\u0131n al\u0131nmas\u0131d\u0131r. M\u0259rk\u0259z\u0259 t\u0259k valideynli, h\u0259r iki valideynini itirmi\u015f v\u0259 inteqrativ t\u0259hsil\u0259 c\u0259lb oluna bil\u0259n&hellip;<\/p>\n","protected":false},"author":2,"featured_media":103980,"comment_status":"closed","ping_status":"closed","sticky":false,"template":"","format":"standard","meta":{"om_disable_all_campaigns":false,"_monsterinsights_skip_tracking":false,"_monsterinsights_sitenote_active":false,"_monsterinsights_sitenote_note":"","_monsterinsights_sitenote_category":0},"categories":[2],"tags":[],"aioseo_notices":[],"gutentor_comment":0,"rttpg_featured_image_url":{"full":["https:\/\/arantv.az\/wp-content\/uploads\/2019\/12\/78853385_491534648131293_763769588956528640_n.jpg",2048,1360,false],"landscape":["https:\/\/arantv.az\/wp-content\/uploads\/2019\/12\/78853385_491534648131293_763769588956528640_n.jpg",2048,1360,false],"portraits":["https:\/\/arantv.az\/wp-content\/uploads\/2019\/12\/78853385_491534648131293_763769588956528640_n.jpg",2048,1360,false],"thumbnail":["https:\/\/arantv.az\/wp-content\/uploads\/2019\/12\/78853385_491534648131293_763769588956528640_n-150x150.jpg",150,150,true],"medium":["https:\/\/arantv.az\/wp-content\/uploads\/2019\/12\/78853385_491534648131293_763769588956528640_n-300x199.jpg",300,199,true],"large":["https:\/\/arantv.az\/wp-content\/uploads\/2019\/12\/78853385_491534648131293_763769588956528640_n-1024x680.jpg",640,425,true],"1536x1536":["https:\/\/arantv.az\/wp-content\/uploads\/2019\/12\/78853385_491534648131293_763769588956528640_n.jpg",1536,1020,false],"2048x2048":["https:\/\/arantv.az\/wp-content\/uploads\/2019\/12\/78853385_491534648131293_763769588956528640_n.jpg",2048,1360,false],"post-thumbnail":["https:\/\/arantv.az\/wp-content\/uploads\/2019\/12\/78853385_491534648131293_763769588956528640_n-240x172.jpg",240,172,true],"advps-thumb-one":["https:\/\/arantv.az\/wp-content\/uploads\/2019\/12\/78853385_491534648131293_763769588956528640_n-1200x620.jpg",1200,620,true]},"rttpg_author":{"display_name":"V\u00fcsal Rafiqo\u011flu","author_link":"https:\/\/arantv.az\/?author=2"},"rttpg_comment":0,"rttpg_category":"<a href=\"https:\/\/arantv.az\/?cat=2\" rel=\"category\">Region X\u0259b\u0259rl\u0259ri<\/a>","rttpg_excerpt":"&nbsp; F\u00fczuli \u00a0G\u00fcn\u0259rzi qay\u011f\u0131 m\u0259rk\u0259zin\u0259 c\u0259lb olunmu\u015f u\u015faqlar\u0131n i\u015ftirak\u0131 il\u0259\u00a0 3 Dekabr &#8211; Beyn\u0259lxalq \u018flilliyi olan \u015e\u0259xsl\u0259r G\u00fcn\u00fc il\u0259 \u0259laq\u0259dar t\u0259dbir t\u0259\u015fkil edilib. Qeyd ed\u0259k ki,\u00a0 m\u0259rk\u0259z \u018fm\u0259k v\u0259 \u018fhalinin Sosial M\u00fcdafi\u0259si Nazirliyi yan\u0131nda D\u00f6vl\u0259t Sosial M\u00fcdafi\u0259 Fondunun sosial sifari\u015fi v\u0259 maliyy\u0259 d\u0259st\u0259yi il\u0259 \u201cBeyl\u0259qan G\u0259ncl\u0259rinin Maarifl\u0259ndirilm\u0259si v\u0259\u00a0 Sosial \u0130nki\u015faf\u0131\u201d \u00a0\u0130ctimai Birliyi t\u0259r\u0259find\u0259n yarad\u0131l\u0131b. M\u0259rk\u0259zin&hellip;","_links":{"self":[{"href":"https:\/\/arantv.az\/index.php?rest_route=\/wp\/v2\/posts\/103978"}],"collection":[{"href":"https:\/\/arantv.az\/index.php?rest_route=\/wp\/v2\/posts"}],"about":[{"href":"https:\/\/arantv.az\/index.php?rest_route=\/wp\/v2\/types\/post"}],"author":[{"embeddable":true,"href":"https:\/\/arantv.az\/index.php?rest_route=\/wp\/v2\/users\/2"}],"replies":[{"embeddable":true,"href":"https:\/\/arantv.az\/index.php?rest_route=%2Fwp%2Fv2%2Fcomments&post=103978"}],"version-history":[{"count":0,"href":"https:\/\/arantv.az\/index.php?rest_route=\/wp\/v2\/posts\/103978\/revisions"}],"wp:featuredmedia":[{"embeddable":true,"href":"https:\/\/arantv.az\/index.php?rest_route=\/wp\/v2\/media\/103980"}],"wp:attachment":[{"href":"https:\/\/arantv.az\/index.php?rest_route=%2Fwp%2Fv2%2Fmedia&parent=103978"}],"wp:term":[{"taxonomy":"category","embeddable":true,"href":"https:\/\/arantv.az\/index.php?rest_route=%2Fwp%2Fv2%2Fcategories&post=103978"},{"taxonomy":"post_tag","embeddable":true,"href":"https:\/\/arantv.az\/index.php?rest_route=%2Fwp%2Fv2%2Ftags&post=103978"}],"curies":[{"name":"wp","href":"https:\/\/api.w.org\/{rel}","templated":true}]}}