{"id":104,"date":"2018-07-23T16:53:35","date_gmt":"2018-07-23T13:53:35","guid":{"rendered":"http:\/\/arantv.az\/?p=104"},"modified":"2018-07-23T16:53:35","modified_gmt":"2018-07-23T13:53:35","slug":"prezident-ilham-%c9%99liyevin-fransaya-s%c9%99f%c9%99ri-az%c9%99rbaycanin-sabitlik-m%c9%99rk%c9%99zi-kimi-daha-yaxsi-taninmasina-imkan-verir","status":"publish","type":"post","link":"https:\/\/arantv.az\/?p=104","title":{"rendered":"&#8220;Prezident \u0130lham \u018fliyevin Fransaya s\u0259f\u0259ri Az\u0259rbaycan\u0131n sabitlik m\u0259rk\u0259zi kimi daha yax\u015f\u0131 tan\u0131nmas\u0131na imkan verir&#8221;"},"content":{"rendered":"<p>&#8220;Prezident \u0130lham \u018fliyevin bu yax\u0131nlarda Fransaya s\u0259f\u0259ri Az\u0259rbaycan\u0131n sabitlik m\u0259rk\u0259zi kimi daha yax\u015f\u0131 tan\u0131nmas\u0131na imkan verir&#8221;.<\/p>\n<p><strong>ARANTV.AZ<\/strong> x\u0259b\u0259r verir ki, bunu trend-\u0259 Fransa Senat\u0131n\u0131n Xarici i\u015fl\u0259r komit\u0259sinin vitse-prezidenti, senator Natali Qule deyib.<\/p>\n<p>N.Qule qeyd edib ki, bu s\u0259f\u0259r g\u0259l\u0259c\u0259kd\u0259 iki \u00f6lk\u0259 aras\u0131nda turist ax\u0131n\u0131n\u0131n artmas\u0131na xidm\u0259t ed\u0259c\u0259k, h\u0259m\u00e7inin Az\u0259rbaycan\u0131n bu regionda sabitlik m\u0259rk\u0259zi v\u0259 Rusiya v\u0259 \u0130ran aras\u0131nda k\u00f6rp\u00fc kimi daha yax\u015f\u0131 tan\u0131nmas\u0131na \u015f\u0259rait yaradacaq.<\/p>\n<p>Senator bildirib ki, Az\u0259rbaycan v\u0259 Fransa bir \u00e7ox sah\u0259l\u0259rd\u0259 \u0259m\u0259kda\u015fl\u0131\u011f\u0131 inki\u015faf etdir\u0259 bil\u0259rl\u0259r: &#8220;Son ill\u0259rd\u0259 Az\u0259rbaycanda i\u015fg\u00fczar m\u00fchit xeyli yax\u015f\u0131la\u015f\u0131b. Fransa \u015firk\u0259tl\u0259ri Az\u0259rbaycan\u0131 \u0130p\u0259k Yolunda m\u00fch\u00fcm m\u0259rk\u0259z kimi d\u0259y\u0259rl\u0259ndirir&#8221;.<\/p>\n<p>Bundan ba\u015fqa, N.Qule bildirib ki, Fransan\u0131n AT\u018fT-in Minsk qrupunun h\u0259ms\u0259drl\u0259rind\u0259n biri kimi Erm\u0259nistan-Az\u0259rbaycan, Da\u011fl\u0131q Qaraba\u011f m\u00fcnaqi\u015f\u0259sinin nizamlanmas\u0131 \u00fczr\u0259 rolu \u00e7ox vacibdir:<\/p>\n<p>&#8220;Da\u011fl\u0131q Qaraba\u011f v\u0259 \u0259traf 7 rayonun azad edilm\u0259si \u00fc\u00e7\u00fcn Erm\u0259nistana t\u0259zyiq g\u00f6st\u0259rm\u0259yin vaxt\u0131 \u00e7at\u0131b. Buna diplomatik yolla nail olmaq m\u00fcmk\u00fcnd\u00fcr, lakin \u0259g\u0259r bu m\u00fcmk\u00fcn olmasa, Erm\u0259nistana qar\u015f\u0131 embarqo v\u0259 beyn\u0259lxalq sanksiyalar t\u0259tbiq etm\u0259k z\u0259ruridir&#8221;.<\/p>\n<p>Qeyd ed\u0259k ki, Prezident \u0130lham \u018fliyevin 19-20 iyul tarixl\u0259rind\u0259 Paris\u0259 s\u0259f\u0259ri \u00e7\u0259r\u00e7iv\u0259sind\u0259 Fransan\u0131n 11 \u015firk\u0259tinin n\u00fcmay\u0259nd\u0259l\u0259ri il\u0259 s\u0259m\u0259r\u0259li g\u00f6r\u00fc\u015fl\u0259r apar\u0131l\u0131b, Az\u0259rbaycanla Fransa \u015firk\u0259tl\u0259ri aras\u0131nda 2 milyard dollardan \u00e7ox d\u0259y\u0259rind\u0259 m\u00fcqavil\u0259l\u0259r imzalan\u0131b.<\/p>\n","protected":false},"excerpt":{"rendered":"<p>&#8220;Prezident \u0130lham \u018fliyevin bu yax\u0131nlarda Fransaya s\u0259f\u0259ri Az\u0259rbaycan\u0131n sabitlik m\u0259rk\u0259zi kimi daha yax\u015f\u0131 tan\u0131nmas\u0131na imkan verir&#8221;. ARANTV.AZ x\u0259b\u0259r verir ki, bunu trend-\u0259 Fransa Senat\u0131n\u0131n Xarici i\u015fl\u0259r komit\u0259sinin vitse-prezidenti, senator Natali Qule deyib. N.Qule qeyd edib ki, bu s\u0259f\u0259r g\u0259l\u0259c\u0259kd\u0259 iki \u00f6lk\u0259 aras\u0131nda turist ax\u0131n\u0131n\u0131n artmas\u0131na xidm\u0259t ed\u0259c\u0259k, h\u0259m\u00e7inin Az\u0259rbaycan\u0131n bu regionda sabitlik m\u0259rk\u0259zi v\u0259 Rusiya v\u0259 \u0130ran aras\u0131nda k\u00f6rp\u00fc kimi daha yax\u015f\u0131 tan\u0131nmas\u0131na \u015f\u0259rait yaradacaq. Senator bildirib ki, Az\u0259rbaycan v\u0259 Fransa bir \u00e7ox sah\u0259l\u0259rd\u0259 \u0259m\u0259kda\u015fl\u0131\u011f\u0131 inki\u015faf etdir\u0259 bil\u0259rl\u0259r: &#8220;Son ill\u0259rd\u0259 Az\u0259rbaycanda i\u015fg\u00fczar m\u00fchit xeyli yax\u015f\u0131la\u015f\u0131b. Fransa \u015firk\u0259tl\u0259ri Az\u0259rbaycan\u0131 \u0130p\u0259k Yolunda&hellip;<\/p>\n","protected":false},"author":2,"featured_media":105,"comment_status":"open","ping_status":"open","sticky":false,"template":"","format":"standard","meta":{"om_disable_all_campaigns":false,"_monsterinsights_skip_tracking":false,"_monsterinsights_sitenote_active":false,"_monsterinsights_sitenote_note":"","_monsterinsights_sitenote_category":0},"categories":[4],"tags":[],"aioseo_notices":[],"gutentor_comment":0,"rttpg_featured_image_url":{"full":["https:\/\/arantv.az\/wp-content\/uploads\/2018\/07\/670389.jpg",1200,900,false],"landscape":["https:\/\/arantv.az\/wp-content\/uploads\/2018\/07\/670389.jpg",1200,900,false],"portraits":["https:\/\/arantv.az\/wp-content\/uploads\/2018\/07\/670389.jpg",1200,900,false],"thumbnail":["https:\/\/arantv.az\/wp-content\/uploads\/2018\/07\/670389-150x150.jpg",150,150,true],"medium":["https:\/\/arantv.az\/wp-content\/uploads\/2018\/07\/670389-300x225.jpg",300,225,true],"large":["https:\/\/arantv.az\/wp-content\/uploads\/2018\/07\/670389-1024x768.jpg",640,480,true],"1536x1536":["https:\/\/arantv.az\/wp-content\/uploads\/2018\/07\/670389.jpg",1200,900,false],"2048x2048":["https:\/\/arantv.az\/wp-content\/uploads\/2018\/07\/670389.jpg",1200,900,false],"post-thumbnail":["https:\/\/arantv.az\/wp-content\/uploads\/2018\/07\/670389.jpg",229,172,false],"advps-thumb-one":["https:\/\/arantv.az\/wp-content\/uploads\/2018\/07\/670389.jpg",827,620,false]},"rttpg_author":{"display_name":"V\u00fcsal Rafiqo\u011flu","author_link":"https:\/\/arantv.az\/?author=2"},"rttpg_comment":0,"rttpg_category":"<a href=\"https:\/\/arantv.az\/?cat=4\" rel=\"category\">Siyas\u0259t<\/a>","rttpg_excerpt":"&#8220;Prezident \u0130lham \u018fliyevin bu yax\u0131nlarda Fransaya s\u0259f\u0259ri Az\u0259rbaycan\u0131n sabitlik m\u0259rk\u0259zi kimi daha yax\u015f\u0131 tan\u0131nmas\u0131na imkan verir&#8221;. ARANTV.AZ x\u0259b\u0259r verir ki, bunu trend-\u0259 Fransa Senat\u0131n\u0131n Xarici i\u015fl\u0259r komit\u0259sinin vitse-prezidenti, senator Natali Qule deyib. N.Qule qeyd edib ki, bu s\u0259f\u0259r g\u0259l\u0259c\u0259kd\u0259 iki \u00f6lk\u0259 aras\u0131nda turist ax\u0131n\u0131n\u0131n artmas\u0131na xidm\u0259t ed\u0259c\u0259k, h\u0259m\u00e7inin Az\u0259rbaycan\u0131n bu regionda sabitlik m\u0259rk\u0259zi v\u0259 Rusiya&hellip;","_links":{"self":[{"href":"https:\/\/arantv.az\/index.php?rest_route=\/wp\/v2\/posts\/104"}],"collection":[{"href":"https:\/\/arantv.az\/index.php?rest_route=\/wp\/v2\/posts"}],"about":[{"href":"https:\/\/arantv.az\/index.php?rest_route=\/wp\/v2\/types\/post"}],"author":[{"embeddable":true,"href":"https:\/\/arantv.az\/index.php?rest_route=\/wp\/v2\/users\/2"}],"replies":[{"embeddable":true,"href":"https:\/\/arantv.az\/index.php?rest_route=%2Fwp%2Fv2%2Fcomments&post=104"}],"version-history":[{"count":0,"href":"https:\/\/arantv.az\/index.php?rest_route=\/wp\/v2\/posts\/104\/revisions"}],"wp:featuredmedia":[{"embeddable":true,"href":"https:\/\/arantv.az\/index.php?rest_route=\/wp\/v2\/media\/105"}],"wp:attachment":[{"href":"https:\/\/arantv.az\/index.php?rest_route=%2Fwp%2Fv2%2Fmedia&parent=104"}],"wp:term":[{"taxonomy":"category","embeddable":true,"href":"https:\/\/arantv.az\/index.php?rest_route=%2Fwp%2Fv2%2Fcategories&post=104"},{"taxonomy":"post_tag","embeddable":true,"href":"https:\/\/arantv.az\/index.php?rest_route=%2Fwp%2Fv2%2Ftags&post=104"}],"curies":[{"name":"wp","href":"https:\/\/api.w.org\/{rel}","templated":true}]}}