{"id":104509,"date":"2019-12-06T13:43:57","date_gmt":"2019-12-06T10:43:57","guid":{"rendered":"http:\/\/arantv.az\/?p=104509"},"modified":"2019-12-06T13:43:57","modified_gmt":"2019-12-06T10:43:57","slug":"bakida-zaqatala-sakinini-doy%c9%99-doy%c9%99-oldurdul%c9%99r","status":"publish","type":"post","link":"https:\/\/arantv.az\/?p=104509","title":{"rendered":"Bak\u0131da Zaqatala sakinini d\u00f6y\u0259-d\u00f6y\u0259 \u00f6ld\u00fcrd\u00fcl\u0259r"},"content":{"rendered":"<p>Bak\u0131da q\u0259tl t\u00f6r\u0259dilib.<\/p>\n<p><strong>ARANTV.AZ<\/strong>\u00a0 x\u0259b\u0259r verir ki, X\u0259tai rayonu, General Mehmandarov k\u00fc\u00e7\u0259si 16 \u00fcnvan\u0131nda yerl\u0259\u015f\u0259n v\u0259 Tofiq adl\u0131 \u015f\u0259xs\u0259 m\u0259xsus olan avtoyuma m\u0259nt\u0259q\u0259sind\u0259 Zaqatala rayon sakini, 1982-ci il t\u0259v\u0259ll\u00fcdl\u00fc \u018ffqan Nadir o\u011flu Mustafayevin meyiti tap\u0131l\u0131b. \u0130lkin bax\u0131\u015f zaman\u0131 onun \u00fcz\u0259rind\u0259 x\u0259sar\u0259t a\u015fkarlanmasa da, tibbi ekspertiza n\u0259tic\u0259sind\u0259 qab\u0131r\u011fas\u0131n\u0131n s\u0131nd\u0131\u011f\u0131 m\u00fc\u0259yy\u0259n edilib.<\/p>\n<div><\/div>\n<p>Onun kim t\u0259r\u0259find\u0259n d\u00f6y\u00fcl\u0259r\u0259k \u00f6ld\u00fcr\u00fclm\u0259si h\u0259l\u0259lik m\u0259lum deyil. \u00d6l\u0259n \u015f\u0259xsin h\u0259min m\u0259nt\u0259q\u0259d\u0259 i\u015fl\u0259diyi bildirilir.<\/p>\n<p>Faktla ba\u011fl\u0131 ara\u015fd\u0131rma apar\u0131l\u0131r.Publika.az<\/p>\n","protected":false},"excerpt":{"rendered":"<p>Bak\u0131da q\u0259tl t\u00f6r\u0259dilib. ARANTV.AZ\u00a0 x\u0259b\u0259r verir ki, X\u0259tai rayonu, General Mehmandarov k\u00fc\u00e7\u0259si 16 \u00fcnvan\u0131nda yerl\u0259\u015f\u0259n v\u0259 Tofiq adl\u0131 \u015f\u0259xs\u0259 m\u0259xsus olan avtoyuma m\u0259nt\u0259q\u0259sind\u0259 Zaqatala rayon sakini, 1982-ci il t\u0259v\u0259ll\u00fcdl\u00fc \u018ffqan Nadir o\u011flu Mustafayevin meyiti tap\u0131l\u0131b. \u0130lkin bax\u0131\u015f zaman\u0131 onun \u00fcz\u0259rind\u0259 x\u0259sar\u0259t a\u015fkarlanmasa da, tibbi ekspertiza n\u0259tic\u0259sind\u0259 qab\u0131r\u011fas\u0131n\u0131n s\u0131nd\u0131\u011f\u0131 m\u00fc\u0259yy\u0259n edilib. Onun kim t\u0259r\u0259find\u0259n d\u00f6y\u00fcl\u0259r\u0259k \u00f6ld\u00fcr\u00fclm\u0259si h\u0259l\u0259lik m\u0259lum deyil. \u00d6l\u0259n \u015f\u0259xsin h\u0259min m\u0259nt\u0259q\u0259d\u0259 i\u015fl\u0259diyi bildirilir. Faktla ba\u011fl\u0131 ara\u015fd\u0131rma apar\u0131l\u0131r.Publika.az<\/p>\n","protected":false},"author":2,"featured_media":104510,"comment_status":"closed","ping_status":"closed","sticky":false,"template":"","format":"standard","meta":{"om_disable_all_campaigns":false,"_monsterinsights_skip_tracking":false,"_monsterinsights_sitenote_active":false,"_monsterinsights_sitenote_note":"","_monsterinsights_sitenote_category":0},"categories":[5],"tags":[],"aioseo_notices":[],"gutentor_comment":0,"rttpg_featured_image_url":{"full":["https:\/\/arantv.az\/wp-content\/uploads\/2019\/12\/1575627945images.jpg",277,182,false],"landscape":["https:\/\/arantv.az\/wp-content\/uploads\/2019\/12\/1575627945images.jpg",277,182,false],"portraits":["https:\/\/arantv.az\/wp-content\/uploads\/2019\/12\/1575627945images.jpg",277,182,false],"thumbnail":["https:\/\/arantv.az\/wp-content\/uploads\/2019\/12\/1575627945images-150x150.jpg",150,150,true],"medium":["https:\/\/arantv.az\/wp-content\/uploads\/2019\/12\/1575627945images.jpg",277,182,false],"large":["https:\/\/arantv.az\/wp-content\/uploads\/2019\/12\/1575627945images.jpg",277,182,false],"1536x1536":["https:\/\/arantv.az\/wp-content\/uploads\/2019\/12\/1575627945images.jpg",277,182,false],"2048x2048":["https:\/\/arantv.az\/wp-content\/uploads\/2019\/12\/1575627945images.jpg",277,182,false],"post-thumbnail":["https:\/\/arantv.az\/wp-content\/uploads\/2019\/12\/1575627945images-240x172.jpg",240,172,true],"advps-thumb-one":["https:\/\/arantv.az\/wp-content\/uploads\/2019\/12\/1575627945images.jpg",277,182,false]},"rttpg_author":{"display_name":"V\u00fcsal Rafiqo\u011flu","author_link":"https:\/\/arantv.az\/?author=2"},"rttpg_comment":0,"rttpg_category":"<a href=\"https:\/\/arantv.az\/?cat=5\" rel=\"category\">Hadis\u0259<\/a>","rttpg_excerpt":"Bak\u0131da q\u0259tl t\u00f6r\u0259dilib. ARANTV.AZ\u00a0 x\u0259b\u0259r verir ki, X\u0259tai rayonu, General Mehmandarov k\u00fc\u00e7\u0259si 16 \u00fcnvan\u0131nda yerl\u0259\u015f\u0259n v\u0259 Tofiq adl\u0131 \u015f\u0259xs\u0259 m\u0259xsus olan avtoyuma m\u0259nt\u0259q\u0259sind\u0259 Zaqatala rayon sakini, 1982-ci il t\u0259v\u0259ll\u00fcdl\u00fc \u018ffqan Nadir o\u011flu Mustafayevin meyiti tap\u0131l\u0131b. \u0130lkin bax\u0131\u015f zaman\u0131 onun \u00fcz\u0259rind\u0259 x\u0259sar\u0259t a\u015fkarlanmasa da, tibbi ekspertiza n\u0259tic\u0259sind\u0259 qab\u0131r\u011fas\u0131n\u0131n s\u0131nd\u0131\u011f\u0131 m\u00fc\u0259yy\u0259n edilib. Onun kim t\u0259r\u0259find\u0259n d\u00f6y\u00fcl\u0259r\u0259k \u00f6ld\u00fcr\u00fclm\u0259si&hellip;","_links":{"self":[{"href":"https:\/\/arantv.az\/index.php?rest_route=\/wp\/v2\/posts\/104509"}],"collection":[{"href":"https:\/\/arantv.az\/index.php?rest_route=\/wp\/v2\/posts"}],"about":[{"href":"https:\/\/arantv.az\/index.php?rest_route=\/wp\/v2\/types\/post"}],"author":[{"embeddable":true,"href":"https:\/\/arantv.az\/index.php?rest_route=\/wp\/v2\/users\/2"}],"replies":[{"embeddable":true,"href":"https:\/\/arantv.az\/index.php?rest_route=%2Fwp%2Fv2%2Fcomments&post=104509"}],"version-history":[{"count":0,"href":"https:\/\/arantv.az\/index.php?rest_route=\/wp\/v2\/posts\/104509\/revisions"}],"wp:featuredmedia":[{"embeddable":true,"href":"https:\/\/arantv.az\/index.php?rest_route=\/wp\/v2\/media\/104510"}],"wp:attachment":[{"href":"https:\/\/arantv.az\/index.php?rest_route=%2Fwp%2Fv2%2Fmedia&parent=104509"}],"wp:term":[{"taxonomy":"category","embeddable":true,"href":"https:\/\/arantv.az\/index.php?rest_route=%2Fwp%2Fv2%2Fcategories&post=104509"},{"taxonomy":"post_tag","embeddable":true,"href":"https:\/\/arantv.az\/index.php?rest_route=%2Fwp%2Fv2%2Ftags&post=104509"}],"curies":[{"name":"wp","href":"https:\/\/api.w.org\/{rel}","templated":true}]}}