{"id":104581,"date":"2019-12-06T16:21:40","date_gmt":"2019-12-06T13:21:40","guid":{"rendered":"http:\/\/arantv.az\/?p=104581"},"modified":"2019-12-06T16:21:40","modified_gmt":"2019-12-06T13:21:40","slug":"%c9%99li-%c9%99hm%c9%99dov-650-min-agac-%c9%99km%c9%99k-aksiyasi-moht%c9%99s%c9%99m-xalq-h%c9%99r%c9%99katina-cevrildi","status":"publish","type":"post","link":"https:\/\/arantv.az\/?p=104581","title":{"rendered":"\u018fli \u018fhm\u0259dov: &#8220;650 min a\u011fac \u0259km\u0259k aksiyas\u0131 m\u00f6ht\u0259\u015f\u0259m xalq h\u0259r\u0259kat\u0131na \u00e7evrildi&#8221;"},"content":{"rendered":"<p>&#8220;Bu g\u00fcn Az\u0259rbaycan\u0131n h\u0259r yerind\u0259 Birinci vitse-prezident Mehriban xan\u0131m \u018fliyevan\u0131n t\u0259\u015f\u0259bb\u00fcs\u00fc il\u0259 650 min a\u011fac \u0259kilm\u0259si aksiyas\u0131 ke\u00e7irildi. M\u00f6ht\u0259\u015f\u0259mliyi il\u0259 diqq\u0259ti c\u0259lb ed\u0259n layih\u0259 b\u00f6y\u00fck \u015fair v\u0259 m\u00fct\u0259f\u0259kkir \u0130mad\u0259ddin N\u0259siminin anadan olmas\u0131n\u0131n 650 illik yubileyin\u0259 h\u0259sr olunub. \u018fhalinin \u00e7ox m\u00fcxt\u0259lif kateqoriyalar\u0131n\u0131n y\u00fcks\u0259k qiym\u0259tl\u0259ndirdiyi v\u0259 yax\u0131ndan i\u015ftirak etdiyi aksiyada Yeni Az\u0259rbaycan Partiyas\u0131n\u0131n t\u0259msil\u00e7il\u0259rinin x\u00fcsusi f\u0259all\u0131q n\u00fcmayi\u015f etdirdiyini qeyd etm\u0259y\u0259 bilm\u0259r\u0259m. S\u00f6hb\u0259t Az\u0259rbaycan\u0131n ekologiyas\u0131na t\u00f6hf\u0259 verilm\u0259sind\u0259n, ya\u015f\u0131ll\u0131q zolaqlar\u0131n\u0131n sal\u0131nmas\u0131ndan ged\u0259n yerd\u0259 partiyam\u0131z\u0131n \u00e7oxsayl\u0131 \u00fczvl\u0259rinin f\u0259al i\u015ftirak\u0131 \u015f\u00fcbh\u0259sizdir. Bu h\u0259ssasl\u0131q \u00fcmummilli lider Heyd\u0259r \u018fliyevin t\u0259bi\u0259t\u0259, ya\u015f\u0131ll\u0131\u011fa, a\u011faclara h\u0259r k\u0259s\u0259 m\u0259lum olan qay\u011f\u0131s\u0131ndan qaynaqlan\u0131r&#8221;.<\/p>\n<p><strong>ARANTV.AZ<\/strong>\u00a0<a href=\"https:\/\/az.trend.az\/\" target=\"_blank\" rel=\"noopener\">Trend<\/a>-\u0259 istinad\u0259n x\u0259b\u0259r verir ki, bunu Yeni Az\u0259rbaycan Partiyas\u0131n\u0131n (YAP) S\u0259dr m\u00fcavini &#8211; \u0130cra katibi, Ba\u015f Nazirin m\u00fcavini \u018fli \u018fhm\u0259dov deyib.<\/p>\n<p>\u018f.\u018fhm\u0259dovun s\u00f6zl\u0259rin\u0259 g\u00f6r\u0259, N\u0259siminin xatir\u0259sin\u0259 insanlar\u0131m\u0131z\u0131n d\u0259rin h\u00f6rm\u0259t v\u0259 ehtiram\u0131n\u0131 ifad\u0259 ed\u0259n aksiyan\u0131n bir s\u0131ra diqq\u0259ti c\u0259lb ed\u0259n m\u0259qamlar\u0131na toxunmamaq m\u00fcmk\u00fcn deyil: &#8220;\u018fvv\u0259la onu deyim ki, insanlar\u0131m\u0131z Mehriban xan\u0131m \u018fliyevan\u0131n h\u0259yat\u0131m\u0131z\u0131n bir \u00e7ox sah\u0259l\u0259rini \u0259hat\u0259 ed\u0259n m\u00f6ht\u0259\u015f\u0259m layih\u0259l\u0259rini h\u0259mi\u015f\u0259 y\u00fcks\u0259k qiym\u0259tl\u0259ndir\u0259r\u0259k d\u0259st\u0259kl\u0259mi\u015fl\u0259r. S\u0259b\u0259bi sad\u0259 v\u0259 anla\u015f\u0131land\u0131r. H\u0259min layih\u0259l\u0259r Az\u0259rbaycanda m\u0259d\u0259niyy\u0259tin, t\u0259hsilin, s\u0259hiyy\u0259nin inki\u015faf\u0131na, \u015f\u0259fq\u0259t v\u0259 xeyirxahl\u0131q, insana qay\u011f\u0131 kimi ali d\u0259y\u0259rl\u0259rin m\u00f6hk\u0259ml\u0259ndirilm\u0259sin\u0259 xidm\u0259t g\u00f6st\u0259rir v\u0259 bu s\u0259b\u0259bd\u0259n d\u0259 insanlar\u0131n bel\u0259 t\u0259\u015f\u0259bb\u00fcsl\u0259r\u0259 bigan\u0259 qalmas\u0131 m\u00fcmk\u00fcn deyil. Realla\u015fd\u0131r\u0131lan layih\u0259l\u0259rin say\u0259sind\u0259 n\u0259 q\u0259d\u0259r insan \u015f\u0259fq\u0259t tap\u0131b, d\u00fc\u015fd\u00fcy\u00fc \u00e7\u0259tinlikl\u0259rd\u0259n xilas olub, m\u0259n\u0259vi d\u0259y\u0259rl\u0259rimiz qorunub, saxlan\u0131l\u0131b, inki\u015faf etdirilib. Bel\u0259c\u0259, Mehriban xan\u0131m\u0131n xeyirxah, xalq\u0131n dostu, m\u0259d\u0259niyy\u0259timizin, b\u00fct\u00fcnl\u00fckl\u0259 m\u0259n\u0259vi d\u0259y\u0259rl\u0259rimizin etibarl\u0131 himay\u0259dar\u0131 imici formala\u015f\u0131b. Buna g\u00f6r\u0259 insanlarda Heyd\u0259r \u018fliyev Fondunun Prezidentinin t\u0259\u015f\u0259bb\u00fcsl\u0259rin\u0259 h\u0259ssasl\u0131qla d\u0259st\u0259k verm\u0259k ad\u0259ti formala\u015f\u0131b. Bir g\u00fcn \u0259rzind\u0259 650 min a\u011fac \u0259km\u0259k t\u0259\u015f\u0259bb\u00fcs\u00fcn\u00fcn d\u0259st\u0259kl\u0259nm\u0259sin\u0259 g\u0259ldikd\u0259 is\u0259, qeyd etm\u0259k ist\u0259rdim ki, burada onun Az\u0259rbaycan\u0131n ekologiyas\u0131n\u0131n daha da sa\u011flamla\u015fmas\u0131na, insanlar\u0131n rahatl\u0131\u011f\u0131na xidm\u0259t etm\u0259k niyy\u0259ti ayr\u0131ca rol oynay\u0131b. Ancaq diqq\u0259ti c\u0259lb ed\u0259n t\u0259\u015f\u0259bb\u00fcs\u00fcn miqyas\u0131 v\u0259 \u0259z\u0259m\u0259tidir. \u018fslind\u0259, s\u00f6z\u00fcged\u0259n aksiya b\u00fct\u00fcn b\u00f6lg\u0259l\u0259rd\u0259 \u0259halinin b\u00f6y\u00fck bir qismini \u0259hat\u0259 edir. Aksiya zaman\u0131 m\u00fc\u015fahid\u0259 etdiyim y\u00fcks\u0259k \u0259hval-ruhiyy\u0259 Mehriban xan\u0131m\u0131n t\u0259\u015f\u0259bb\u00fcs\u00fcn\u00fcn s\u0259f\u0259rb\u0259redici g\u00fcc\u00fcnd\u0259n x\u0259b\u0259r verir. Sanki b\u00fct\u00fcn xalq t\u0259\u015f\u0259bb\u00fcs\u0259 qo\u015fulmaqla \u00f6z\u00fcn\u00fcn d\u0259rin v\u0259 sars\u0131lmaz h\u0259mr\u0259yliyini, iqtidar-xalq birliyini bir daha n\u00fcmayi\u015f etdirm\u0259k f\u00fcrs\u0259ti qazanm\u0131\u015f oldu. \u018fslind\u0259, 650 min a\u011fac \u0259km\u0259k aksiyas\u0131 m\u00f6ht\u0259\u015f\u0259m xalq h\u0259r\u0259kat\u0131na \u00e7evrildi&#8221;.<\/p>\n<p>Ba\u015f nazirin m\u00fcavini vur\u011fulay\u0131b ki, aksiyan\u0131n \u0259z\u0259m\u0259ti daha bir reall\u0131\u011f\u0131 \u0259yani sur\u0259td\u0259, qabar\u0131q \u015f\u0259kild\u0259 biruz\u0259 verdi. Bu da insanlar\u0131n Prezident \u0130lham \u018fliyevin \u00f6lk\u0259d\u0259 u\u011furla h\u0259yata ke\u00e7iril\u0259n v\u0259 b\u00f6y\u00fck v\u0259dl\u0259r ver\u0259n siyas\u0259tin\u0259 d\u0259rin inamdan ibar\u0259tdir: &#8220;Prezidentin siyas\u0259ti indi d\u0259rin v\u0259 h\u0259rt\u0259r\u0259fli islahatlar m\u0259rh\u0259l\u0259sin\u0259 daxil olub. \u0130nsanlar islahatlar\u0131n Az\u0259rbaycan\u0131n daha parlaq g\u0259l\u0259c\u0259yinin t\u0259min olunmas\u0131na etibarl\u0131 z\u0259min yaradaca\u011f\u0131na inan\u0131r. Ona g\u00f6r\u0259 d\u0259 \u00f6lk\u0259mizin bu g\u00fcn\u00fc v\u0259 sabah\u0131 namin\u0259 ir\u0259liy\u0259 at\u0131lan t\u0259\u015f\u0259bb\u00fcsl\u0259ri d\u0259st\u0259kl\u0259yir, onlar\u0131n h\u0259yata ke\u00e7irilm\u0259si namin\u0259 h\u0259r c\u00fcr f\u0259dakarl\u0131q g\u00f6st\u0259rm\u0259k imkan\u0131ndan faydalanma\u011fa \u00e7al\u0131\u015f\u0131r.<\/p>\n<p>650 min a\u011fac\u0131n \u0259kilm\u0259si kimi m\u00f6ht\u0259\u015f\u0259m t\u0259\u015f\u0259bb\u00fcs\u00fcn u\u011furla h\u0259yata ke\u00e7irilm\u0259si m\u00fcnasib\u0259til\u0259 onun t\u0259\u015f\u0259bb\u00fcskar\u0131 Az\u0259rbaycan\u0131n Birinci xan\u0131m\u0131 v\u0259 Birinci vitse-prezident Mehriban \u018fliyevan\u0131 t\u0259brik edir\u0259m. \u0130ll\u0259r g\u0259l\u0259c\u0259k, bu g\u00fcn \u0259kil\u0259n a\u011faclar b\u00f6y\u00fcy\u0259c\u0259k, Az\u0259rbaycan\u0131n ekologiyas\u0131n\u0131n daha da sa\u011flamla\u015fmas\u0131na, insanlar\u0131n rahatl\u0131\u011f\u0131na v\u0259 h\u0259yat\u0131n\u0131n g\u00f6z\u0259ll\u0259\u015fm\u0259sin\u0259 xidm\u0259t g\u00f6st\u0259r\u0259c\u0259k. D\u00fc\u015f\u00fcn\u00fcr\u0259m ki, m\u00f6ht\u0259\u015f\u0259m aksiyan\u0131n t\u0259\u015f\u0259bb\u00fcskar\u0131 h\u0259r c\u00fcr minn\u0259tdarl\u0131\u011fa v\u0259 ehtirama layiqdir&#8221;.<\/p>\n","protected":false},"excerpt":{"rendered":"<p>&#8220;Bu g\u00fcn Az\u0259rbaycan\u0131n h\u0259r yerind\u0259 Birinci vitse-prezident Mehriban xan\u0131m \u018fliyevan\u0131n t\u0259\u015f\u0259bb\u00fcs\u00fc il\u0259 650 min a\u011fac \u0259kilm\u0259si aksiyas\u0131 ke\u00e7irildi. M\u00f6ht\u0259\u015f\u0259mliyi il\u0259 diqq\u0259ti c\u0259lb ed\u0259n layih\u0259 b\u00f6y\u00fck \u015fair v\u0259 m\u00fct\u0259f\u0259kkir \u0130mad\u0259ddin N\u0259siminin anadan olmas\u0131n\u0131n 650 illik yubileyin\u0259 h\u0259sr olunub. \u018fhalinin \u00e7ox m\u00fcxt\u0259lif kateqoriyalar\u0131n\u0131n y\u00fcks\u0259k qiym\u0259tl\u0259ndirdiyi v\u0259 yax\u0131ndan i\u015ftirak etdiyi aksiyada Yeni Az\u0259rbaycan Partiyas\u0131n\u0131n t\u0259msil\u00e7il\u0259rinin x\u00fcsusi f\u0259all\u0131q n\u00fcmayi\u015f etdirdiyini qeyd etm\u0259y\u0259 bilm\u0259r\u0259m. S\u00f6hb\u0259t Az\u0259rbaycan\u0131n ekologiyas\u0131na t\u00f6hf\u0259 verilm\u0259sind\u0259n, ya\u015f\u0131ll\u0131q zolaqlar\u0131n\u0131n sal\u0131nmas\u0131ndan ged\u0259n yerd\u0259 partiyam\u0131z\u0131n \u00e7oxsayl\u0131 \u00fczvl\u0259rinin f\u0259al i\u015ftirak\u0131 \u015f\u00fcbh\u0259sizdir. Bu h\u0259ssasl\u0131q \u00fcmummilli lider Heyd\u0259r \u018fliyevin t\u0259bi\u0259t\u0259, ya\u015f\u0131ll\u0131\u011fa, a\u011faclara h\u0259r k\u0259s\u0259 m\u0259lum olan qay\u011f\u0131s\u0131ndan qaynaqlan\u0131r&#8221;.&hellip;<\/p>\n","protected":false},"author":2,"featured_media":104582,"comment_status":"closed","ping_status":"closed","sticky":false,"template":"","format":"standard","meta":{"om_disable_all_campaigns":false,"_monsterinsights_skip_tracking":false,"_monsterinsights_sitenote_active":false,"_monsterinsights_sitenote_note":"","_monsterinsights_sitenote_category":0},"categories":[4],"tags":[],"aioseo_notices":[],"gutentor_comment":0,"rttpg_featured_image_url":{"full":["https:\/\/arantv.az\/wp-content\/uploads\/2019\/12\/783869.jpg",800,600,false],"landscape":["https:\/\/arantv.az\/wp-content\/uploads\/2019\/12\/783869.jpg",800,600,false],"portraits":["https:\/\/arantv.az\/wp-content\/uploads\/2019\/12\/783869.jpg",800,600,false],"thumbnail":["https:\/\/arantv.az\/wp-content\/uploads\/2019\/12\/783869-150x150.jpg",150,150,true],"medium":["https:\/\/arantv.az\/wp-content\/uploads\/2019\/12\/783869-300x225.jpg",300,225,true],"large":["https:\/\/arantv.az\/wp-content\/uploads\/2019\/12\/783869.jpg",640,480,false],"1536x1536":["https:\/\/arantv.az\/wp-content\/uploads\/2019\/12\/783869.jpg",800,600,false],"2048x2048":["https:\/\/arantv.az\/wp-content\/uploads\/2019\/12\/783869.jpg",800,600,false],"post-thumbnail":["https:\/\/arantv.az\/wp-content\/uploads\/2019\/12\/783869-240x172.jpg",240,172,true],"advps-thumb-one":["https:\/\/arantv.az\/wp-content\/uploads\/2019\/12\/783869.jpg",800,600,false]},"rttpg_author":{"display_name":"V\u00fcsal Rafiqo\u011flu","author_link":"https:\/\/arantv.az\/?author=2"},"rttpg_comment":0,"rttpg_category":"<a href=\"https:\/\/arantv.az\/?cat=4\" rel=\"category\">Siyas\u0259t<\/a>","rttpg_excerpt":"&#8220;Bu g\u00fcn Az\u0259rbaycan\u0131n h\u0259r yerind\u0259 Birinci vitse-prezident Mehriban xan\u0131m \u018fliyevan\u0131n t\u0259\u015f\u0259bb\u00fcs\u00fc il\u0259 650 min a\u011fac \u0259kilm\u0259si aksiyas\u0131 ke\u00e7irildi. M\u00f6ht\u0259\u015f\u0259mliyi il\u0259 diqq\u0259ti c\u0259lb ed\u0259n layih\u0259 b\u00f6y\u00fck \u015fair v\u0259 m\u00fct\u0259f\u0259kkir \u0130mad\u0259ddin N\u0259siminin anadan olmas\u0131n\u0131n 650 illik yubileyin\u0259 h\u0259sr olunub. \u018fhalinin \u00e7ox m\u00fcxt\u0259lif kateqoriyalar\u0131n\u0131n y\u00fcks\u0259k qiym\u0259tl\u0259ndirdiyi v\u0259 yax\u0131ndan i\u015ftirak etdiyi aksiyada Yeni Az\u0259rbaycan Partiyas\u0131n\u0131n t\u0259msil\u00e7il\u0259rinin x\u00fcsusi f\u0259all\u0131q n\u00fcmayi\u015f&hellip;","_links":{"self":[{"href":"https:\/\/arantv.az\/index.php?rest_route=\/wp\/v2\/posts\/104581"}],"collection":[{"href":"https:\/\/arantv.az\/index.php?rest_route=\/wp\/v2\/posts"}],"about":[{"href":"https:\/\/arantv.az\/index.php?rest_route=\/wp\/v2\/types\/post"}],"author":[{"embeddable":true,"href":"https:\/\/arantv.az\/index.php?rest_route=\/wp\/v2\/users\/2"}],"replies":[{"embeddable":true,"href":"https:\/\/arantv.az\/index.php?rest_route=%2Fwp%2Fv2%2Fcomments&post=104581"}],"version-history":[{"count":0,"href":"https:\/\/arantv.az\/index.php?rest_route=\/wp\/v2\/posts\/104581\/revisions"}],"wp:featuredmedia":[{"embeddable":true,"href":"https:\/\/arantv.az\/index.php?rest_route=\/wp\/v2\/media\/104582"}],"wp:attachment":[{"href":"https:\/\/arantv.az\/index.php?rest_route=%2Fwp%2Fv2%2Fmedia&parent=104581"}],"wp:term":[{"taxonomy":"category","embeddable":true,"href":"https:\/\/arantv.az\/index.php?rest_route=%2Fwp%2Fv2%2Fcategories&post=104581"},{"taxonomy":"post_tag","embeddable":true,"href":"https:\/\/arantv.az\/index.php?rest_route=%2Fwp%2Fv2%2Ftags&post=104581"}],"curies":[{"name":"wp","href":"https:\/\/api.w.org\/{rel}","templated":true}]}}