{"id":104597,"date":"2019-12-06T16:25:30","date_gmt":"2019-12-06T13:25:30","guid":{"rendered":"http:\/\/arantv.az\/?p=104597"},"modified":"2019-12-06T16:25:30","modified_gmt":"2019-12-06T13:25:30","slug":"duterte-varisl%c9%99rinin-adini-aciqladi-secim-iki-n%c9%99f%c9%99r-arasinda-olacaq","status":"publish","type":"post","link":"https:\/\/arantv.az\/?p=104597","title":{"rendered":"Duterte varisl\u0259rinin ad\u0131n\u0131 a\u00e7\u0131qlad\u0131: Se\u00e7im \u0130K\u0130 n\u0259f\u0259r aras\u0131nda olacaq"},"content":{"rendered":"<p>Filippin Prezidenti Rodriqo Duterte potensial varisl\u0259rinin adlar\u0131n\u0131 a\u00e7\u0131qlay\u0131b.<\/p>\n<p>\u201cManila Times\u201d yaz\u0131r ki, Duterte n\u00f6vb\u0259ti Prezidentin Bikol b\u00f6lg\u0259sind\u0259n olaca\u011f\u0131n\u0131 qeyd edib.<\/p>\n<p>Filippin Prezidenti Rodriqo Duterte ikinci m\u00fcdd\u0259t\u0259 namiz\u0259dliyini verm\u0259y\u0259c\u0259yini v\u0259 q\u0131z\u0131 Sara Duterte Karpionun da namiz\u0259d olmas\u0131n\u0131 ist\u0259m\u0259diyini vur\u011fulay\u0131b.<\/p>\n<p>\u201cBiz Salseda\u00a0v\u0259 Fransis Eskudero aras\u0131nda se\u00e7im ed\u0259c\u0259yik\u201d, &#8211; Duterte bildirib.<\/p>\n<p>Qeyd ed\u0259k ki, Fransis Eskudero &#8211; Sorsoqon b\u00f6lg\u0259sinin ke\u00e7mi\u015f senatoru v\u0259 qubernatoru, Coy Salseda is\u0259 Filippinin N\u00fcmay\u0259nd\u0259l\u0259r Palatas\u0131nda Albay b\u00f6lg\u0259sinin t\u0259msil\u00e7isidir.<\/p>\n","protected":false},"excerpt":{"rendered":"<p>Filippin Prezidenti Rodriqo Duterte potensial varisl\u0259rinin adlar\u0131n\u0131 a\u00e7\u0131qlay\u0131b. \u201cManila Times\u201d yaz\u0131r ki, Duterte n\u00f6vb\u0259ti Prezidentin Bikol b\u00f6lg\u0259sind\u0259n olaca\u011f\u0131n\u0131 qeyd edib. Filippin Prezidenti Rodriqo Duterte ikinci m\u00fcdd\u0259t\u0259 namiz\u0259dliyini verm\u0259y\u0259c\u0259yini v\u0259 q\u0131z\u0131 Sara Duterte Karpionun da namiz\u0259d olmas\u0131n\u0131 ist\u0259m\u0259diyini vur\u011fulay\u0131b. \u201cBiz Salseda\u00a0v\u0259 Fransis Eskudero aras\u0131nda se\u00e7im ed\u0259c\u0259yik\u201d, &#8211; Duterte bildirib. Qeyd ed\u0259k ki, Fransis Eskudero &#8211; Sorsoqon b\u00f6lg\u0259sinin ke\u00e7mi\u015f senatoru v\u0259 qubernatoru, Coy Salseda is\u0259 Filippinin N\u00fcmay\u0259nd\u0259l\u0259r Palatas\u0131nda Albay b\u00f6lg\u0259sinin t\u0259msil\u00e7isidir.<\/p>\n","protected":false},"author":2,"featured_media":104598,"comment_status":"closed","ping_status":"closed","sticky":false,"template":"","format":"standard","meta":{"om_disable_all_campaigns":false,"_monsterinsights_skip_tracking":false,"_monsterinsights_sitenote_active":false,"_monsterinsights_sitenote_note":"","_monsterinsights_sitenote_category":0},"categories":[7],"tags":[],"aioseo_notices":[],"gutentor_comment":0,"rttpg_featured_image_url":{"full":["https:\/\/arantv.az\/wp-content\/uploads\/2019\/12\/duterte.jpg",620,413,false],"landscape":["https:\/\/arantv.az\/wp-content\/uploads\/2019\/12\/duterte.jpg",620,413,false],"portraits":["https:\/\/arantv.az\/wp-content\/uploads\/2019\/12\/duterte.jpg",620,413,false],"thumbnail":["https:\/\/arantv.az\/wp-content\/uploads\/2019\/12\/duterte-150x150.jpg",150,150,true],"medium":["https:\/\/arantv.az\/wp-content\/uploads\/2019\/12\/duterte-300x200.jpg",300,200,true],"large":["https:\/\/arantv.az\/wp-content\/uploads\/2019\/12\/duterte.jpg",620,413,false],"1536x1536":["https:\/\/arantv.az\/wp-content\/uploads\/2019\/12\/duterte.jpg",620,413,false],"2048x2048":["https:\/\/arantv.az\/wp-content\/uploads\/2019\/12\/duterte.jpg",620,413,false],"post-thumbnail":["https:\/\/arantv.az\/wp-content\/uploads\/2019\/12\/duterte-240x172.jpg",240,172,true],"advps-thumb-one":["https:\/\/arantv.az\/wp-content\/uploads\/2019\/12\/duterte.jpg",620,413,false]},"rttpg_author":{"display_name":"V\u00fcsal Rafiqo\u011flu","author_link":"https:\/\/arantv.az\/?author=2"},"rttpg_comment":0,"rttpg_category":"<a href=\"https:\/\/arantv.az\/?cat=7\" rel=\"category\">D\u00fcnya<\/a>","rttpg_excerpt":"Filippin Prezidenti Rodriqo Duterte potensial varisl\u0259rinin adlar\u0131n\u0131 a\u00e7\u0131qlay\u0131b. \u201cManila Times\u201d yaz\u0131r ki, Duterte n\u00f6vb\u0259ti Prezidentin Bikol b\u00f6lg\u0259sind\u0259n olaca\u011f\u0131n\u0131 qeyd edib. Filippin Prezidenti Rodriqo Duterte ikinci m\u00fcdd\u0259t\u0259 namiz\u0259dliyini verm\u0259y\u0259c\u0259yini v\u0259 q\u0131z\u0131 Sara Duterte Karpionun da namiz\u0259d olmas\u0131n\u0131 ist\u0259m\u0259diyini vur\u011fulay\u0131b. \u201cBiz Salseda\u00a0v\u0259 Fransis Eskudero aras\u0131nda se\u00e7im ed\u0259c\u0259yik\u201d, &#8211; Duterte bildirib. Qeyd ed\u0259k ki, Fransis Eskudero &#8211; Sorsoqon&hellip;","_links":{"self":[{"href":"https:\/\/arantv.az\/index.php?rest_route=\/wp\/v2\/posts\/104597"}],"collection":[{"href":"https:\/\/arantv.az\/index.php?rest_route=\/wp\/v2\/posts"}],"about":[{"href":"https:\/\/arantv.az\/index.php?rest_route=\/wp\/v2\/types\/post"}],"author":[{"embeddable":true,"href":"https:\/\/arantv.az\/index.php?rest_route=\/wp\/v2\/users\/2"}],"replies":[{"embeddable":true,"href":"https:\/\/arantv.az\/index.php?rest_route=%2Fwp%2Fv2%2Fcomments&post=104597"}],"version-history":[{"count":0,"href":"https:\/\/arantv.az\/index.php?rest_route=\/wp\/v2\/posts\/104597\/revisions"}],"wp:featuredmedia":[{"embeddable":true,"href":"https:\/\/arantv.az\/index.php?rest_route=\/wp\/v2\/media\/104598"}],"wp:attachment":[{"href":"https:\/\/arantv.az\/index.php?rest_route=%2Fwp%2Fv2%2Fmedia&parent=104597"}],"wp:term":[{"taxonomy":"category","embeddable":true,"href":"https:\/\/arantv.az\/index.php?rest_route=%2Fwp%2Fv2%2Fcategories&post=104597"},{"taxonomy":"post_tag","embeddable":true,"href":"https:\/\/arantv.az\/index.php?rest_route=%2Fwp%2Fv2%2Ftags&post=104597"}],"curies":[{"name":"wp","href":"https:\/\/api.w.org\/{rel}","templated":true}]}}