{"id":104609,"date":"2019-12-06T16:29:34","date_gmt":"2019-12-06T13:29:34","guid":{"rendered":"http:\/\/arantv.az\/?p=104609"},"modified":"2019-12-06T16:29:34","modified_gmt":"2019-12-06T13:29:34","slug":"az%c9%99rbaycanin-ekologiya-tarixind%c9%99-oz%c9%99l-gun-650-min-agacin-%c9%99kilm%c9%99si-reallasdi-fotoreportaj","status":"publish","type":"post","link":"https:\/\/arantv.az\/?p=104609","title":{"rendered":"Az\u0259rbaycan\u0131n ekologiya tarixind\u0259 \u00f6z\u0259l g\u00fcn &#8211; 650 min a\u011fac\u0131n \u0259kilm\u0259si realla\u015fd\u0131 &#8211; FOTOREPORTAJ"},"content":{"rendered":"<p>Az\u0259rbaycan\u0131n tarixind\u0259 ilk d\u0259f\u0259 olaraq, Birinci vitse-prezident Mehriban \u018fliyeva t\u0259r\u0259find\u0259n qald\u0131r\u0131lan bir g\u00fcnd\u0259 650 min a\u011fac\u0131n \u0259kilm\u0259si t\u0259\u015f\u0259bb\u00fcs\u00fc n\u0259hay\u0259t ki, bu g\u00fcn gerc\u0259kl\u0259\u015fdi. Dahi \u015fair \u0130mad\u0259ddin N\u0259siminin 650 illik yubileyi m\u00fcnasib\u0259til\u0259 bir g\u00fcnd\u0259 respublikam\u0131zda 650 min a\u011fac\u0131n \u0259kilm\u0259si t\u0259\u015f\u0259bb\u00fcs\u00fcn\u0259 uy\u011fun olaraq, \u00fcmumilikd\u0259 83 \u015f\u0259h\u0259r v\u0259 rayonda a\u011fac\u0259km\u0259 aksiyas\u0131 ke\u00e7irilib. Bu aksiyada 37 n\u00f6vd\u0259 650 min a\u011fac \u0259kilib ki, onlar\u0131n da ham\u0131s\u0131 Me\u015f\u0259 T\u0259s\u0259rr\u00fcfat\u0131 M\u0259rk\u0259zl\u0259rinin v\u0259 Az\u0259rbaycan Ya\u015f\u0131lla\u015fd\u0131rma v\u0259 Land\u015faft Qurulu\u015fu ASC-nin 17 tinglik sah\u0259sind\u0259 yeti\u015fdirilib.<\/p>\n<p>Milli.Az\u00a0<a href=\"https:\/\/az.trend.az\/\" target=\"_blank\" rel=\"noopener\">Trend<\/a>-\u0259 istinad\u0259n x\u0259b\u0259r verir ki, respublikan\u0131n b\u00fct\u00fcn regionlar\u0131n\u0131 \u0259hat\u0259 ed\u0259n bu n\u0259cib t\u0259\u015f\u0259bb\u00fcs\u0259 ilk olaraq, \u015fairin do\u011fuldu\u011fu \u015eamax\u0131 \u015f\u0259h\u0259rind\u0259 start verilib.<\/p>\n<p>Media n\u00fcmay\u0259nd\u0259l\u0259ri is\u0259 Ab\u015feron rayonunun M\u00fc\u015ffiqabad q\u0259s\u0259b\u0259sind\u0259 ke\u00e7iril\u0259n a\u011fac\u0259km\u0259 aksiyas\u0131nda i\u015ftirak edibl\u0259r. \u0130ctimai xadiml\u0259r, diplomatik korpus v\u0259 beyn\u0259lxalq t\u0259\u015fkilatlar\u0131n t\u0259msil\u00e7il\u0259ri, d\u00f6vl\u0259t v\u0259 \u00f6z\u0259l qurumlar\u0131n n\u00fcmay\u0259nd\u0259l\u0259rinin i\u015ftirak\u0131 il\u0259 ke\u00e7iril\u0259n bu aksiyaya 1000-\u0259 yax\u0131n insan c\u0259lb olunub. Havan\u0131n soyuq olmas\u0131na baxmayaraq, insanlar bu aksiyada \u00e7ox f\u0259al i\u015ftirak edibl\u0259r.<\/p>\n<p><em><strong>&#8220;Bu xeyirxah t\u0259\u015f\u0259bb\u00fcs\u0259 ham\u0131l\u0131qla s\u0259f\u0259rb\u0259r olunma\u011f\u0131m\u0131z \u00e7ox q\u00fcrurvericidir&#8221;<\/strong><\/em><\/p>\n<p>Ekologiya v\u0259 T\u0259bii S\u0259rv\u0259tl\u0259r Nazirliyinin Aparat r\u0259hb\u0259ri V\u00fcqar K\u0259rimov bildirib ki, bir g\u00fcnd\u0259 respublikam\u0131zda 650 min a\u011fac\u0131n \u0259kilm\u0259si t\u0259\u015f\u0259bb\u00fcs\u00fc \u00e7\u0259r\u00e7iv\u0259sind\u0259 M\u00fc\u015ffiqabad q\u0259s\u0259b\u0259sind\u0259 5 hektar \u0259razid\u0259, \u0259sas\u0259n meyv\u0259 a\u011faclar\u0131 olmaqla, 5 mind\u0259n \u00e7ox a\u011fac \u0259kilir.<\/p>\n<p><img src=\"https:\/\/cdn.trend.az\/media\/pictures\/2019\/12\/06\/trend_agacekme_aksiya_061219_8.jpg\" alt=\"\" \/><\/p>\n<p>V.K\u0259rimovun s\u00f6zl\u0259rin\u0259 g\u00f6r\u0259, bir g\u00fcnd\u0259 650 min a\u011fac\u0131n \u0259kilm\u0259si t\u0259\u015f\u0259bb\u00fcs\u00fcn\u0259 bu g\u00fcn Az\u0259rbaycan\u0131n b\u00fct\u00fcn regionlar\u0131 h\u0259v\u0259sl\u0259, y\u00fcks\u0259k \u0259hval-ruhiyy\u0259 il\u0259 qo\u015fulub: &#8220;Bu xeyirxah t\u0259\u015f\u0259bb\u00fcs\u0259 ham\u0131l\u0131qla s\u0259f\u0259rb\u0259r olunma\u011f\u0131m\u0131z \u00e7ox q\u00fcrurvericidir. \u0130ctimai xadiml\u0259r, diplomatik korpus v\u0259 beyn\u0259lxalq t\u0259\u015fkilatlar\u0131n t\u0259msil\u00e7il\u0259ri, d\u00f6vl\u0259t v\u0259 \u00f6z\u0259l qurumlar\u0131n n\u00fcmay\u0259nd\u0259l\u0259rinin i\u015ftirak\u0131 il\u0259 bu g\u00fcn M\u00fc\u015ffiqabad q\u0259s\u0259b\u0259sinin \u0259razisind\u0259 minl\u0259rl\u0259 a\u011fac \u0259kdik. B\u00fct\u00fcn respublikan\u0131 \u0259hat\u0259 ed\u0259n a\u011fac\u0259km\u0259 kampaniyas\u0131 h\u0259m b\u00f6y\u00fck \u015fairin irsinin d\u00fcnyada tan\u0131d\u0131lmas\u0131, h\u0259m d\u0259 Az\u0259rbaycanda ekoloji v\u0259ziyy\u0259tin yax\u015f\u0131la\u015fd\u0131r\u0131lmas\u0131na, ya\u015f\u0131ll\u0131qlar\u0131n daha da art\u0131r\u0131lmas\u0131na, insanlar\u0131 n\u0259cib t\u0259\u015f\u0259bb\u00fcsl\u0259r \u0259traf\u0131nda birl\u0259\u015fdirm\u0259y\u0259 xidm\u0259t edir. \u018fminik ki, bu t\u0259dbirl\u0259 Az\u0259rbaycanda \u00e7ox xeyirxah bir \u0259n\u0259n\u0259nin \u0259sas\u0131 qoyulacaq v\u0259 daha ya\u015f\u0131l Az\u0259rbaycan namin\u0259 bel\u0259 k\u00fctl\u0259vi aksiyalar bundan sonra da davam etdiril\u0259c\u0259k&#8221;.<\/p>\n<p><em><strong>Az\u0259rbaycan\u0131n ekologiya tarixind\u0259 \u00f6z\u0259l g\u00fcn<\/strong><\/em><\/p>\n<p>Yeni Az\u0259rbaycan Partiyas\u0131n\u0131n (YAP) S\u0259dr m\u00fcavini &#8211; \u0130cra katibi, Ba\u015f nazirin m\u00fcavini \u018fli \u018fhm\u0259dov deyib ki, bir g\u00fcn \u0259rzind\u0259 650 min a\u011fac\u0131n \u0259kildiyi bu g\u00fcn\u00fc Az\u0259rbaycan\u0131n ekologiya tarixind\u0259 \u00f6z\u0259l g\u00fcn adland\u0131rmaq olar.<\/p>\n<p>Onun s\u00f6zl\u0259rin\u0259 g\u00f6r\u0259, v\u0259t\u0259nda\u015flar Birinci vitse-prezident Mehriban \u018fliyevan\u0131n bu t\u0259\u015f\u0259bb\u00fcs\u00fcn\u00fc y\u00fcks\u0259k \u0259hval-ruhiyy\u0259 il\u0259 qar\u015f\u0131lay\u0131rlar:<\/p>\n<p>&#8220;Az\u0259rbaycan\u0131n bir \u00e7ox k\u0259nd v\u0259 q\u0259s\u0259b\u0259l\u0259rind\u0259 insanlar b\u00f6y\u00fck co\u015fquyla ya\u015f\u0131ll\u0131q zola\u011f\u0131n\u0131n sal\u0131nmas\u0131na, a\u011faclar\u0131n \u0259kilm\u0259sin\u0259 d\u0259st\u0259k ver\u0259r\u0259k kampaniyaya qo\u015fulublar. \u018fkil\u0259n a\u011faclar Az\u0259rbaycan\u0131n ekoloji \u015f\u0259raitini yax\u015f\u0131la\u015fd\u0131racaq. Bir ne\u00e7\u0259 ild\u0259n sonra bu a\u011faclar b\u00f6y\u00fcy\u0259c\u0259k v\u0259 ya\u015f\u0131ll\u0131q zolaqlar\u0131 daha da artacaq. Bel\u0259likl\u0259, Az\u0259rbaycan t\u0259bi\u0259tinin yax\u015f\u0131la\u015fmas\u0131na b\u00f6y\u00fck k\u00f6m\u0259k g\u00f6st\u0259rmi\u015f olacaq: &#8220;Vacib komponentl\u0259rd\u0259n biri insanlar\u0131 yax\u015f\u0131 ekoloji m\u00fchitd\u0259, t\u0259miz hava \u015f\u0259raitind\u0259 ya\u015famas\u0131n\u0131n t\u0259min edilm\u0259sidir. Bu a\u011faclar\u0131n \u0259kilm\u0259si h\u0259min m\u0259qs\u0259d\u0259 xidm\u0259t g\u00f6st\u0259rir. YAP kampaniyan\u0131 \u00fcr\u0259kd\u0259n d\u0259st\u0259kl\u0259y\u0259n qurumlardan biridir&#8221;.<\/p>\n<p>Milli M\u0259clisin deputat\u0131, Yeni Az\u0259rbaycan Partiyas\u0131n\u0131n \u0130cra katibinin m\u00fcavini Siyavu\u015f Novruzov bildirib ki, Az\u0259rbaycan\u0131n Birinci vitse-prezidenti Mehriban \u018fliyevan\u0131n bir g\u00fcnd\u0259 650 min a\u011fac\u0131n \u0259kilm\u0259si kampaniyas\u0131na insanlar \u00f6z t\u0259\u015f\u0259bb\u00fcsl\u0259ri il\u0259 d\u0259st\u0259k verirl\u0259r.<\/p>\n<p>Bu t\u0259\u015f\u0259bb\u00fcs\u00fc Az\u0259rbaycan ekologiyas\u0131n\u0131n qorunmas\u0131 \u00fc\u00e7\u00fcn g\u00f6z\u0259l layih\u0259l\u0259rd\u0259n biri sayan S.Novruzov kampaniyaya b\u00f6y\u00fck m\u0259mnuniyy\u0259tl\u0259 qo\u015fulduqlar\u0131n\u0131 s\u00f6yl\u0259yib:<\/p>\n<p>&#8220;Bu g\u00fcn burada m\u00fcxalif\u0259tin qanuni v\u0259 qanunsuz ke\u00e7irdiyi aksiyadan qat-qat \u00e7ox adam i\u015ftirak edir. Bu kampaniyada 70-d\u0259n art\u0131q rayonda say\u0131 300 n\u0259f\u0259rd\u0259n az olmayan YAP \u00fczv\u00fc i\u015ftirak edir. M\u00fcxalif\u0259ti d\u0259 d\u0259v\u0259t edirik ki, insanlar \u00fc\u00e7\u00fcn s\u0259m\u0259r\u0259li i\u015fl\u0259 m\u0259\u015f\u011ful olsunlar, a\u011fac \u0259ksinl\u0259r, sosial layih\u0259l\u0259rin h\u0259yata ke\u00e7irilm\u0259sind\u0259 aktiv i\u015ftirak etsinl\u0259r. Onlar \u00f6lk\u0259 \u0259leyhin\u0259 qalxmaqla deyil, \u0259m\u0259ll\u0259ri il\u0259 xalqa xidm\u0259t etsinl\u0259r&#8221;.<\/p>\n<p><img src=\"https:\/\/cdn.trend.az\/media\/pictures\/2019\/12\/06\/trend_agacekme_aksiya_061219_27.jpg\" alt=\"\" \/><\/p>\n<p><em><strong>&#8220;Arzu edir\u0259m ki, Az\u0259rbaycan yamya\u015f\u0131l \u00f6lk\u0259 olsun&#8221;<\/strong><\/em><\/p>\n<div>\n<p>BMT-nin \u018frzaq v\u0259 K\u0259nd T\u0259s\u0259rr\u00fcfati t\u0259\u015fkilat\u0131n\u0131n Az\u0259rbaycandak\u0131 n\u00fcmay\u0259nd\u0259liyinin r\u0259hb\u0259ri M\u0259l\u0259k \u00c7akmak Birinci vitse-prezident Mehriban \u018fliyevan\u0131n r\u0259hb\u0259rliyi il\u0259 Ekologiya v\u0259 T\u0259bii S\u0259rv\u0259tl\u0259r Nazirliyinin t\u0259\u015fkil etdiyi \u0130mad\u0259ddin N\u0259siminin 650 illiyin\u0259 h\u0259sr olunan a\u011fac\u0259km\u0259 kampaniyas\u0131 m\u00fcnasib\u0259til\u0259 Az\u0259rbaycan xalq\u0131n\u0131 t\u0259brik edib. O bildirib ki, bu kampaniya BMT-nin \u018frzaq v\u0259 K\u0259nd T\u0259s\u0259rr\u00fcfat\u0131 t\u0259\u015fkilat\u0131 \u00fc\u00e7\u00fcn \u00f6n\u0259mlidir:<\/p>\n<p>&#8220;Me\u015f\u0259l\u0259rin art\u0131r\u0131lmas\u0131 yolu il\u0259 biz karbon qaz\u0131n\u0131n atmosfer\u0259 burax\u0131lmas\u0131n\u0131n qar\u015f\u0131s\u0131n\u0131 ala bilirik. Karbon qaz\u0131n\u0131n azald\u0131lmas\u0131, torpaqda saxlan\u0131lmas\u0131 h\u0259m d\u0259 biom\u00fcxt\u0259lifliyin qorunmas\u0131 v\u0259 k\u0259nd t\u0259s\u0259rr\u00fcfat\u0131 bax\u0131m\u0131ndan \u00f6n\u0259mlidir. Fauna v\u0259 flora m\u00fcxt\u0259lifliyi, ar\u0131lar\u0131n \u00e7oxalmas\u0131, bal verm\u0259si m\u0259qs\u0259dil\u0259 me\u015f\u0259l\u0259ri k\u0259nd t\u0259s\u0259rr\u00fcfat\u0131 bax\u0131m\u0131ndan vacib sektor kimi g\u00f6r\u00fcr\u00fck. &#8220;B\u00fct\u00fcn xalq\u0131n bu kampaniyaya qo\u015fulmas\u0131 \u00e7ox faydal\u0131d\u0131r. Arzu edir\u0259m ki, milyonlarla a\u011fac \u0259kilsin v\u0259 Az\u0259rbaycan yamya\u015f\u0131l \u00f6lk\u0259 olsun&#8221;.<\/p>\n<p><em><strong>\u0130nc\u0259s\u0259n\u0259t adamlar\u0131ndan g\u0259l\u0259n d\u0259st\u0259k<\/strong><\/em><\/p>\n<p>Bir g\u00fcnd\u0259 650 min a\u011fac\u0131n \u0259kilm\u0259si t\u0259\u015f\u0259bb\u00fcs\u00fcn\u0259 d\u0259st\u0259k ver\u0259nl\u0259r aras\u0131nda inc\u0259s\u0259n\u0259t sah\u0259sind\u0259 f\u0259aliyy\u0259t g\u00f6st\u0259r\u0259n \u015f\u0259xsl\u0259r d\u0259 var.<\/p>\n<p>Az\u0259rbaycan\u0131n Birinci vitse-prezidenti Mehriban \u018fliyevan\u0131n bir g\u00fcnd\u0259 650 min a\u011fac\u0131n \u0259kilm\u0259si t\u0259\u015f\u0259bb\u00fcs\u00fcn\u00fc alq\u0131\u015flayan Xalq artisti T\u00fcnzal\u0259 A\u011fayeva bu t\u0259\u015f\u0259bb\u00fcs \u00e7\u0259r\u00e7iv\u0259sind\u0259 insanlar\u0131n a\u011fac\u0259km\u0259 aksiyas\u0131na c\u0259lb olunmas\u0131n\u0131 \u00e7ox savab bir i\u015f adland\u0131r\u0131b:<\/p>\n<p>&#8220;H\u0259yat\u0131mda ilk d\u0259f\u0259dir ki, a\u011fac \u0259kir\u0259m. Bu t\u0259\u015f\u0259bb\u00fcsl\u0259 \u00e7\u0131x\u0131\u015f ed\u0259n Mehriban \u018fliyevaya v\u0259 bunun gerc\u0259kl\u0259\u015fm\u0259sin\u0259 yard\u0131m ed\u0259n b\u00fct\u00fcn insanlara minn\u0259tdaram. B\u00f6y\u00fck N\u0259siminin 650 illik yubileyin\u0259 h\u0259sr olunan bu a\u011fac\u0259km\u0259 aksiyas\u0131 g\u0259l\u0259c\u0259y\u0259 bir xatir\u0259dir. B\u00f6y\u00fckl\u0259r biz\u0259 \u00e7ox b\u00f6y\u00fck miras qoyub gedibl\u0259r. Bizim d\u0259 g\u0259l\u0259c\u0259k n\u0259sl\u0259 bir a\u011fac q\u0259d\u0259r t\u00f6hf\u0259miz ola bilirs\u0259, Az\u0259rbaycan torpa\u011f\u0131na fayda ver\u0259 biliriks\u0259, bundan ancaq q\u00fcrur duya bil\u0259rik&#8221;.<br \/>\n\u0259 R\u0259ssamlar \u0130ttifaq\u0131n\u0131n s\u0259dri, xalq r\u0259ssam\u0131 F\u0259rhad X\u0259lilov da Az\u0259rbaycan\u0131n Birinci vitse-prezidenti Mehriban \u018fliyevan\u0131n bir g\u00fcnd\u0259 650 min a\u011fac\u0131n \u0259kilm\u0259si t\u0259\u015f\u0259bb\u00fcs\u00fcn\u00fc qiym\u0259tsiz bir aksiya hesab edir: &#8220;M\u0259n \u00f6z\u00fcm d\u0259 a\u011fac \u0259km\u0259yi \u00e7ox xo\u015flay\u0131ram. N\u0259siminin yubileyi il\u0259 \u0259laq\u0259dar a\u011fac \u0259km\u0259k is\u0259 ikiqat \u015f\u0259r\u0259fli bir i\u015fdir. \u018fmin\u0259m ki, bu a\u011faclar b\u00f6y\u00fcy\u0259c\u0259k v\u0259 burada b\u00f6y\u00fck bir ba\u011f olacaq. Bundan yax\u015f\u0131 n\u0259 ola bil\u0259r ki?! M\u0259n bu g\u00fcn h\u0259qiq\u0259t\u0259n \u00f6z\u00fcm\u00fc \u00e7ox xo\u015fb\u0259xt hiss edir\u0259m&#8221;.<\/p>\n<p><em><strong>\u018fkil\u0259c\u0259k a\u011faclara nec\u0259 qulluq g\u00f6st\u0259ril\u0259c\u0259k?<\/strong><\/em><\/p>\n<p>A\u011faclar\u0131n \u0259kilm\u0259si g\u00f6z\u0259l t\u0259\u015f\u0259bb\u00fcs olsa da, onlara qullu\u011fun g\u00f6st\u0259rilm\u0259si d\u0259 olduqca vacibdir.<\/p>\n<p><img src=\"https:\/\/cdn.trend.az\/media\/pictures\/2019\/12\/06\/trend_agacekme_aksiya_061219_39.jpg\" alt=\"\" \/><\/p>\n<p>Ekologiya v\u0259 T\u0259bii S\u0259rv\u0259tl\u0259r Nazirliyinin m\u0259tbuat xidm\u0259tinin r\u0259hb\u0259ri \u0130rad\u0259 \u0130brahimova bildirib ki, \u0259kil\u0259c\u0259k a\u011faclar\u0131n bec\u0259rilm\u0259sind\u0259 damc\u0131l\u0131 suvarma sistemi v\u0259 suvarma kanallar\u0131ndan istifad\u0259 olunacaq.<\/p>\n<p>Onun s\u00f6zl\u0259rin\u0259 g\u00f6r\u0259, a\u011fac\u0259km\u0259d\u0259 i\u015ftirak ed\u0259n qurumlar tingl\u0259r\u0259 aqrotexniki qullu\u011fu \u00f6zl\u0259ri h\u0259yata ke\u00e7ir\u0259c\u0259kl\u0259r. Art\u0131q Sabirabad v\u0259 \u015eamax\u0131da damc\u0131l\u0131 suvarma \u015f\u0259b\u0259k\u0259si \u00e7\u0259kilib:<\/p>\n<p>&#8220;H\u0259min \u015f\u0259b\u0259k\u0259nin \u00e7\u0259kilm\u0259si o \u0259razid\u0259 \u0259kil\u0259n a\u011faclarda biti\u015f faizinin y\u00fcks\u0259k olmas\u0131 dem\u0259kdir. Yeni Az\u0259rbaycan Partiyas\u0131n\u0131n rayon t\u0259\u015fkilatlar\u0131n\u0131n f\u0259allar\u0131 il\u0259 birg\u0259 a\u011fac \u0259kil\u0259c\u0259k \u0259razil\u0259rin monitorinqin\u0259 ba\u015flan\u0131l\u0131b v\u0259 n\u0259zar\u0259t a\u011faclar \u0259kildikd\u0259n sonra da davam ed\u0259c\u0259k&#8221;.<\/p>\n<p>\u0130.\u0130brahimova qeyd edib ki, ictimai n\u0259zar\u0259t n\u0259 q\u0259d\u0259r g\u00fccl\u00fc olsa, a\u011faclar\u0131n biti\u015f faizi bir o q\u0259d\u0259r y\u00fcks\u0259k olar.<\/p>\n<p>Deputat Siyavu\u015f Novruzov da bildirib ki, onlar t\u0259r\u0259find\u0259n yarad\u0131lan qruplar ilboyu a\u011faclar\u0131n \u0259kildiyi \u0259razil\u0259rd\u0259 monitorinql\u0259r aparacaqlar: &#8220;Bu monitorinql\u0259r quruyan a\u011faclar\u0131n d\u0259yi\u015fdirilm\u0259si, onlara qullu\u011fun g\u00f6st\u0259rilm\u0259si, ya\u015f\u0131ll\u0131\u011f\u0131n art\u0131r\u0131lmas\u0131 \u00fc\u00e7\u00fcn apar\u0131lacaq&#8221;.<\/p>\n<\/div>\n<h4><\/h4>\n<div>\n<div class=\"article-gallery\">\n<div class=\"lSSlideOuter \">\n<div class=\"lSSlideWrapper usingCss\">\n<ul class=\"images-list lightSlider lsGrab lSSlide\">\n<li class=\"lslide active\" data-src=\"https:\/\/img.milli.az\/2019\/12\/06\/808390_01.jpg\" data-fancybox=\"808390\"><img src=\"https:\/\/img.milli.az\/2019\/12\/06\/808390_01.jpg\" alt=\"\" \/><\/li>\n<li class=\"lslide\" data-src=\"https:\/\/img.milli.az\/2019\/12\/06\/808390_02.jpg\" data-fancybox=\"808390\"><img src=\"https:\/\/img.milli.az\/2019\/12\/06\/808390_02.jpg\" alt=\"\" \/><\/li>\n<li class=\"lslide\" data-src=\"https:\/\/img.milli.az\/2019\/12\/06\/808390_03.jpg\" data-fancybox=\"808390\"><img src=\"https:\/\/img.milli.az\/2019\/12\/06\/808390_03.jpg\" alt=\"\" \/><\/li>\n<li class=\"lslide\" data-src=\"https:\/\/img.milli.az\/2019\/12\/06\/808390_04.jpg\" data-fancybox=\"808390\"><img src=\"https:\/\/img.milli.az\/2019\/12\/06\/808390_04.jpg\" alt=\"\" \/><\/li>\n<li class=\"lslide\" data-src=\"https:\/\/img.milli.az\/2019\/12\/06\/808390_05.jpg\" data-fancybox=\"808390\"><img src=\"https:\/\/img.milli.az\/2019\/12\/06\/808390_05.jpg\" alt=\"\" \/><\/li>\n<li class=\"lslide\" data-src=\"https:\/\/img.milli.az\/2019\/12\/06\/808390_06.jpg\" data-fancybox=\"808390\"><img src=\"https:\/\/img.milli.az\/2019\/12\/06\/808390_06.jpg\" alt=\"\" \/><\/li>\n<li class=\"lslide\" data-src=\"https:\/\/img.milli.az\/2019\/12\/06\/808390_07.jpg\" data-fancybox=\"808390\"><img src=\"https:\/\/img.milli.az\/2019\/12\/06\/808390_07.jpg\" alt=\"\" \/><\/li>\n<li class=\"lslide\" data-src=\"https:\/\/img.milli.az\/2019\/12\/06\/808390_08.jpg\" data-fancybox=\"808390\"><img src=\"https:\/\/img.milli.az\/2019\/12\/06\/808390_08.jpg\" alt=\"\" \/><\/li>\n<li class=\"lslide\" data-src=\"https:\/\/img.milli.az\/2019\/12\/06\/808390_09.jpg\" data-fancybox=\"808390\"><img src=\"https:\/\/img.milli.az\/2019\/12\/06\/808390_09.jpg\" alt=\"\" \/><\/li>\n<li class=\"lslide\" data-src=\"https:\/\/img.milli.az\/2019\/12\/06\/808390_10.jpg\" data-fancybox=\"808390\"><img src=\"https:\/\/img.milli.az\/2019\/12\/06\/808390_10.jpg\" alt=\"\" \/><\/li>\n<li class=\"lslide\" data-src=\"https:\/\/img.milli.az\/2019\/12\/06\/808390_11.jpg\" data-fancybox=\"808390\"><img src=\"https:\/\/img.milli.az\/2019\/12\/06\/808390_11.jpg\" alt=\"\" \/><\/li>\n<li class=\"lslide\" data-src=\"https:\/\/img.milli.az\/2019\/12\/06\/808390_12.jpg\" data-fancybox=\"808390\"><img src=\"https:\/\/img.milli.az\/2019\/12\/06\/808390_12.jpg\" alt=\"\" \/><\/li>\n<li class=\"lslide\" data-src=\"https:\/\/img.milli.az\/2019\/12\/06\/808390_13.jpg\" data-fancybox=\"808390\"><img src=\"https:\/\/img.milli.az\/2019\/12\/06\/808390_13.jpg\" alt=\"\" \/><\/li>\n<li class=\"lslide\" data-src=\"https:\/\/img.milli.az\/2019\/12\/06\/808390_14.jpg\" data-fancybox=\"808390\"><img src=\"https:\/\/img.milli.az\/2019\/12\/06\/808390_14.jpg\" alt=\"\" \/><\/li>\n<li class=\"lslide\" data-src=\"https:\/\/img.milli.az\/2019\/12\/06\/808390_15.jpg\" data-fancybox=\"808390\"><img src=\"https:\/\/img.milli.az\/2019\/12\/06\/808390_15.jpg\" alt=\"\" \/><\/li>\n<li class=\"lslide\" data-src=\"https:\/\/img.milli.az\/2019\/12\/06\/808390_16.jpg\" data-fancybox=\"808390\"><img src=\"https:\/\/img.milli.az\/2019\/12\/06\/808390_16.jpg\" alt=\"\" \/><\/li>\n<li class=\"lslide\" data-src=\"https:\/\/img.milli.az\/2019\/12\/06\/808390_17.jpg\" data-fancybox=\"808390\"><img src=\"https:\/\/img.milli.az\/2019\/12\/06\/808390_17.jpg\" alt=\"\" \/><\/li>\n<li class=\"lslide\" data-src=\"https:\/\/img.milli.az\/2019\/12\/06\/808390_18.jpg\" data-fancybox=\"808390\"><img src=\"https:\/\/img.milli.az\/2019\/12\/06\/808390_18.jpg\" alt=\"\" \/><\/li>\n<li class=\"lslide\" data-src=\"https:\/\/img.milli.az\/2019\/12\/06\/808390_19.jpg\" data-fancybox=\"808390\"><img src=\"https:\/\/img.milli.az\/2019\/12\/06\/808390_19.jpg\" alt=\"\" \/><\/li>\n<li class=\"lslide\" data-src=\"https:\/\/img.milli.az\/2019\/12\/06\/808390_20.jpg\" data-fancybox=\"808390\"><img src=\"https:\/\/img.milli.az\/2019\/12\/06\/808390_20.jpg\" alt=\"\" \/><\/li>\n<li class=\"lslide\" data-src=\"https:\/\/img.milli.az\/2019\/12\/06\/808390_21.jpg\" data-fancybox=\"808390\"><img src=\"https:\/\/img.milli.az\/2019\/12\/06\/808390_21.jpg\" alt=\"\" \/><\/li>\n<li class=\"lslide\" data-src=\"https:\/\/img.milli.az\/2019\/12\/06\/808390_22.jpg\" data-fancybox=\"808390\"><img src=\"https:\/\/img.milli.az\/2019\/12\/06\/808390_22.jpg\" alt=\"\" \/><\/li>\n<li class=\"lslide\" data-src=\"https:\/\/img.milli.az\/2019\/12\/06\/808390_23.jpg\" data-fancybox=\"808390\"><img src=\"https:\/\/img.milli.az\/2019\/12\/06\/808390_23.jpg\" alt=\"\" \/><\/li>\n<li class=\"lslide\" data-src=\"https:\/\/img.milli.az\/2019\/12\/06\/808390_24.jpg\" data-fancybox=\"808390\"><img src=\"https:\/\/img.milli.az\/2019\/12\/06\/808390_24.jpg\" alt=\"\" \/><\/li>\n<li class=\"lslide\" data-src=\"https:\/\/img.milli.az\/2019\/12\/06\/808390_25.jpg\" data-fancybox=\"808390\"><img src=\"https:\/\/img.milli.az\/2019\/12\/06\/808390_25.jpg\" alt=\"\" \/><\/li>\n<li class=\"lslide\" data-src=\"https:\/\/img.milli.az\/2019\/12\/06\/808390_26.jpg\" data-fancybox=\"808390\"><img src=\"https:\/\/img.milli.az\/2019\/12\/06\/808390_26.jpg\" alt=\"\" \/><\/li>\n<li class=\"lslide\" data-src=\"https:\/\/img.milli.az\/2019\/12\/06\/808390_27.jpg\" data-fancybox=\"808390\"><img src=\"https:\/\/img.milli.az\/2019\/12\/06\/808390_27.jpg\" alt=\"\" \/><\/li>\n<li class=\"lslide\" data-src=\"https:\/\/img.milli.az\/2019\/12\/06\/808390_28.jpg\" data-fancybox=\"808390\"><img src=\"https:\/\/img.milli.az\/2019\/12\/06\/808390_28.jpg\" alt=\"\" \/><\/li>\n<li class=\"lslide\" data-src=\"https:\/\/img.milli.az\/2019\/12\/06\/808390_29.jpg\" data-fancybox=\"808390\"><img src=\"https:\/\/img.milli.az\/2019\/12\/06\/808390_29.jpg\" alt=\"\" \/><\/li>\n<li class=\"lslide\" data-src=\"https:\/\/img.milli.az\/2019\/12\/06\/808390_30.jpg\" data-fancybox=\"808390\"><img src=\"https:\/\/img.milli.az\/2019\/12\/06\/808390_30.jpg\" alt=\"\" \/><\/li>\n<li class=\"lslide\" data-src=\"https:\/\/img.milli.az\/2019\/12\/06\/808390_31.jpg\" data-fancybox=\"808390\"><img src=\"https:\/\/img.milli.az\/2019\/12\/06\/808390_31.jpg\" alt=\"\" \/><\/li>\n<li class=\"lslide\" data-src=\"https:\/\/img.milli.az\/2019\/12\/06\/808390_32.jpg\" data-fancybox=\"808390\"><img src=\"https:\/\/img.milli.az\/2019\/12\/06\/808390_32.jpg\" alt=\"\" \/><\/li>\n<li class=\"lslide\" data-src=\"https:\/\/img.milli.az\/2019\/12\/06\/808390_33.jpg\" data-fancybox=\"808390\"><img src=\"https:\/\/img.milli.az\/2019\/12\/06\/808390_33.jpg\" alt=\"\" \/><\/li>\n<li class=\"lslide\" data-src=\"https:\/\/img.milli.az\/2019\/12\/06\/808390_34.jpg\" data-fancybox=\"808390\"><img src=\"https:\/\/img.milli.az\/2019\/12\/06\/808390_34.jpg\" alt=\"\" \/><\/li>\n<li class=\"lslide\" data-src=\"https:\/\/img.milli.az\/2019\/12\/06\/808390_35.jpg\" data-fancybox=\"808390\"><img src=\"https:\/\/img.milli.az\/2019\/12\/06\/808390_35.jpg\" alt=\"\" \/><\/li>\n<li class=\"lslide\" data-src=\"https:\/\/img.milli.az\/2019\/12\/06\/808390_36.jpg\" data-fancybox=\"808390\"><img src=\"https:\/\/img.milli.az\/2019\/12\/06\/808390_36.jpg\" alt=\"\" \/><\/li>\n<\/ul>\n<\/div>\n<\/div>\n<div class=\"lSSlideOuter \">\n<div class=\"lSSlideWrapper usingCss\"><\/div>\n<\/div>\n<\/div>\n<\/div>\n","protected":false},"excerpt":{"rendered":"<p>Az\u0259rbaycan\u0131n tarixind\u0259 ilk d\u0259f\u0259 olaraq, Birinci vitse-prezident Mehriban \u018fliyeva t\u0259r\u0259find\u0259n qald\u0131r\u0131lan bir g\u00fcnd\u0259 650 min a\u011fac\u0131n \u0259kilm\u0259si t\u0259\u015f\u0259bb\u00fcs\u00fc n\u0259hay\u0259t ki, bu g\u00fcn gerc\u0259kl\u0259\u015fdi. Dahi \u015fair \u0130mad\u0259ddin N\u0259siminin 650 illik yubileyi m\u00fcnasib\u0259til\u0259 bir g\u00fcnd\u0259 respublikam\u0131zda 650 min a\u011fac\u0131n \u0259kilm\u0259si t\u0259\u015f\u0259bb\u00fcs\u00fcn\u0259 uy\u011fun olaraq, \u00fcmumilikd\u0259 83 \u015f\u0259h\u0259r v\u0259 rayonda a\u011fac\u0259km\u0259 aksiyas\u0131 ke\u00e7irilib. Bu aksiyada 37 n\u00f6vd\u0259 650 min a\u011fac \u0259kilib ki, onlar\u0131n da ham\u0131s\u0131 Me\u015f\u0259 T\u0259s\u0259rr\u00fcfat\u0131 M\u0259rk\u0259zl\u0259rinin v\u0259 Az\u0259rbaycan Ya\u015f\u0131lla\u015fd\u0131rma v\u0259 Land\u015faft Qurulu\u015fu ASC-nin 17 tinglik sah\u0259sind\u0259 yeti\u015fdirilib. Milli.Az\u00a0Trend-\u0259 istinad\u0259n x\u0259b\u0259r verir ki, respublikan\u0131n b\u00fct\u00fcn regionlar\u0131n\u0131 \u0259hat\u0259 ed\u0259n bu n\u0259cib t\u0259\u015f\u0259bb\u00fcs\u0259 ilk olaraq,&hellip;<\/p>\n","protected":false},"author":2,"featured_media":104610,"comment_status":"closed","ping_status":"closed","sticky":false,"template":"","format":"standard","meta":{"om_disable_all_campaigns":false,"_monsterinsights_skip_tracking":false,"_monsterinsights_sitenote_active":false,"_monsterinsights_sitenote_note":"","_monsterinsights_sitenote_category":0},"categories":[1],"tags":[],"aioseo_notices":[],"gutentor_comment":0,"rttpg_featured_image_url":{"full":["https:\/\/arantv.az\/wp-content\/uploads\/2019\/12\/808390.jpg",800,600,false],"landscape":["https:\/\/arantv.az\/wp-content\/uploads\/2019\/12\/808390.jpg",800,600,false],"portraits":["https:\/\/arantv.az\/wp-content\/uploads\/2019\/12\/808390.jpg",800,600,false],"thumbnail":["https:\/\/arantv.az\/wp-content\/uploads\/2019\/12\/808390-150x150.jpg",150,150,true],"medium":["https:\/\/arantv.az\/wp-content\/uploads\/2019\/12\/808390-300x225.jpg",300,225,true],"large":["https:\/\/arantv.az\/wp-content\/uploads\/2019\/12\/808390.jpg",640,480,false],"1536x1536":["https:\/\/arantv.az\/wp-content\/uploads\/2019\/12\/808390.jpg",800,600,false],"2048x2048":["https:\/\/arantv.az\/wp-content\/uploads\/2019\/12\/808390.jpg",800,600,false],"post-thumbnail":["https:\/\/arantv.az\/wp-content\/uploads\/2019\/12\/808390-240x172.jpg",240,172,true],"advps-thumb-one":["https:\/\/arantv.az\/wp-content\/uploads\/2019\/12\/808390.jpg",800,600,false]},"rttpg_author":{"display_name":"V\u00fcsal Rafiqo\u011flu","author_link":"https:\/\/arantv.az\/?author=2"},"rttpg_comment":0,"rttpg_category":"<a href=\"https:\/\/arantv.az\/?cat=1\" rel=\"category\">C\u0259miyy\u0259t<\/a>","rttpg_excerpt":"Az\u0259rbaycan\u0131n tarixind\u0259 ilk d\u0259f\u0259 olaraq, Birinci vitse-prezident Mehriban \u018fliyeva t\u0259r\u0259find\u0259n qald\u0131r\u0131lan bir g\u00fcnd\u0259 650 min a\u011fac\u0131n \u0259kilm\u0259si t\u0259\u015f\u0259bb\u00fcs\u00fc n\u0259hay\u0259t ki, bu g\u00fcn gerc\u0259kl\u0259\u015fdi. Dahi \u015fair \u0130mad\u0259ddin N\u0259siminin 650 illik yubileyi m\u00fcnasib\u0259til\u0259 bir g\u00fcnd\u0259 respublikam\u0131zda 650 min a\u011fac\u0131n \u0259kilm\u0259si t\u0259\u015f\u0259bb\u00fcs\u00fcn\u0259 uy\u011fun olaraq, \u00fcmumilikd\u0259 83 \u015f\u0259h\u0259r v\u0259 rayonda a\u011fac\u0259km\u0259 aksiyas\u0131 ke\u00e7irilib. Bu aksiyada 37 n\u00f6vd\u0259 650 min&hellip;","_links":{"self":[{"href":"https:\/\/arantv.az\/index.php?rest_route=\/wp\/v2\/posts\/104609"}],"collection":[{"href":"https:\/\/arantv.az\/index.php?rest_route=\/wp\/v2\/posts"}],"about":[{"href":"https:\/\/arantv.az\/index.php?rest_route=\/wp\/v2\/types\/post"}],"author":[{"embeddable":true,"href":"https:\/\/arantv.az\/index.php?rest_route=\/wp\/v2\/users\/2"}],"replies":[{"embeddable":true,"href":"https:\/\/arantv.az\/index.php?rest_route=%2Fwp%2Fv2%2Fcomments&post=104609"}],"version-history":[{"count":0,"href":"https:\/\/arantv.az\/index.php?rest_route=\/wp\/v2\/posts\/104609\/revisions"}],"wp:featuredmedia":[{"embeddable":true,"href":"https:\/\/arantv.az\/index.php?rest_route=\/wp\/v2\/media\/104610"}],"wp:attachment":[{"href":"https:\/\/arantv.az\/index.php?rest_route=%2Fwp%2Fv2%2Fmedia&parent=104609"}],"wp:term":[{"taxonomy":"category","embeddable":true,"href":"https:\/\/arantv.az\/index.php?rest_route=%2Fwp%2Fv2%2Fcategories&post=104609"},{"taxonomy":"post_tag","embeddable":true,"href":"https:\/\/arantv.az\/index.php?rest_route=%2Fwp%2Fv2%2Ftags&post=104609"}],"curies":[{"name":"wp","href":"https:\/\/api.w.org\/{rel}","templated":true}]}}