{"id":104613,"date":"2019-12-06T16:31:49","date_gmt":"2019-12-06T13:31:49","guid":{"rendered":"http:\/\/arantv.az\/?p=104613"},"modified":"2019-12-06T16:31:49","modified_gmt":"2019-12-06T13:31:49","slug":"dord-mind%c9%99n-artiq-agac-%c9%99kilib-foto","status":"publish","type":"post","link":"https:\/\/arantv.az\/?p=104613","title":{"rendered":"D\u00f6rd mind\u0259n art\u0131q a\u011fac \u0259kilib &#8211; FOTO"},"content":{"rendered":"<p>M\u00fct\u0259f\u0259kkir \u015fair \u0130mad\u0259ddin N\u0259siminin 650 illik yubileyi il\u0259 \u0259laq\u0259dar Az\u0259rbaycan Respublikas\u0131n\u0131n Birinci vitse-prezidenti Mehriban \u018fliyevan\u0131n \u00f6lk\u0259mizd\u0259 bir g\u00fcnd\u0259 650 min a\u011fac\u0131n \u0259kilm\u0259si t\u0259\u015f\u0259bb\u00fcs\u00fc\u00a0 il\u0259 ba\u011fl\u0131 Ekologiya v\u0259 T\u0259bii S\u0259rv\u0259tl\u0259r Nazirliyi v\u0259 Az\u0259rbaycan Hava Yollar\u0131 Qapal\u0131 S\u0259hmdar C\u0259miyy\u0259tinin \u0259m\u0259kda\u015flar\u0131 a\u011fac\u0259km\u0259 aksiyas\u0131 ke\u00e7irib.<\/p>\n<p>Aksiya zaman\u0131 Heyd\u0259r \u018fliyev Beyn\u0259lxalq Aeroportu \u0259razisinin t\u0259mizl\u0259nmi\u015f 10 hektar sah\u0259sind\u0259 d\u00f6rd\u00a0mind\u0259n art\u0131q a\u011fac \u0259kilib.<\/p>\n<div class=\"gallery\">\n<div class=\"gallery-i\"><img src=\"https:\/\/assets.oxu.az\/uploads\/W1siZiIsIjIwMTkvMTIvMDYvMTcvMjMvMzIvODRlNGJmNDYtNDViNy00OWI0LTkwN2QtNTZiYjFiNTA5OGM4L0FaQUxfdHJlZXNfNi5qcGciXSxbInAiLCJlbmNvZGUiLCJqcGciLCItcXVhbGl0eSA4MCJdLFsicCIsInRodW1iIiwiNTkweDU5MFx1MDAzZSJdXQ?sha=cbe920fe9498d68f\" alt=\"\" \/><\/p>\n<div class=\"gallery-i-caption\"><\/div>\n<\/div>\n<div class=\"gallery-i\"><img src=\"https:\/\/assets.oxu.az\/uploads\/W1siZiIsIjIwMTkvMTIvMDYvMTcvMjMvMzIvYzY0ZTkzZGEtOTg2ZS00NmU2LWIzMDMtNjM5MzU2YTE2NTJkL0FaQUxfdHJlZXNfNS5qcGciXSxbInAiLCJlbmNvZGUiLCJqcGciLCItcXVhbGl0eSA4MCJdLFsicCIsInRodW1iIiwiNTkweDU5MFx1MDAzZSJdXQ?sha=18e3c2348f0eea9e\" alt=\"\" \/><\/p>\n<div class=\"gallery-i-caption\"><\/div>\n<\/div>\n<div class=\"gallery-i\"><img src=\"https:\/\/assets.oxu.az\/uploads\/W1siZiIsIjIwMTkvMTIvMDYvMTcvMjMvMzIvYzk0ZmQ4OWEtMzk1Yi00ZTU5LWExNGQtZTg4NDQ4MjBhOThkL0FaQUxfdHJlZXNfNC5qcGciXSxbInAiLCJlbmNvZGUiLCJqcGciLCItcXVhbGl0eSA4MCJdLFsicCIsInRodW1iIiwiNTkweDU5MFx1MDAzZSJdXQ?sha=5abc87ca0986f09e\" alt=\"\" \/><\/p>\n<div class=\"gallery-i-caption\"><\/div>\n<\/div>\n<div class=\"gallery-i\"><img src=\"https:\/\/assets.oxu.az\/uploads\/W1siZiIsIjIwMTkvMTIvMDYvMTcvMjMvMzIvZDE4YmVmY2ItNzMwNS00MmRiLTkxYjgtNmVmNzQyYTFiMGYwL0FaQUxfdHJlZXNfMy5qcGciXSxbInAiLCJlbmNvZGUiLCJqcGciLCItcXVhbGl0eSA4MCJdLFsicCIsInRodW1iIiwiNTkweDU5MFx1MDAzZSJdXQ?sha=1249e20f9e710a27\" alt=\"\" \/><\/p>\n<div class=\"gallery-i-caption\"><\/div>\n<\/div>\n<div class=\"gallery-i\"><img src=\"https:\/\/assets.oxu.az\/uploads\/W1siZiIsIjIwMTkvMTIvMDYvMTcvMjMvMzMvNjQxYTE0YzEtZGY4Yi00N2U3LTkxNzUtZDJmYTkxZGI5N2E0L0FaQUxfdHJlZXNfMS5qcGciXSxbInAiLCJlbmNvZGUiLCJqcGciLCItcXVhbGl0eSA4MCJdLFsicCIsInRodW1iIiwiNTkweDU5MFx1MDAzZSJdXQ?sha=8b727122d6cf70cf\" alt=\"\" \/><\/div>\n<\/div>\n","protected":false},"excerpt":{"rendered":"<p>M\u00fct\u0259f\u0259kkir \u015fair \u0130mad\u0259ddin N\u0259siminin 650 illik yubileyi il\u0259 \u0259laq\u0259dar Az\u0259rbaycan Respublikas\u0131n\u0131n Birinci vitse-prezidenti Mehriban \u018fliyevan\u0131n \u00f6lk\u0259mizd\u0259 bir g\u00fcnd\u0259 650 min a\u011fac\u0131n \u0259kilm\u0259si t\u0259\u015f\u0259bb\u00fcs\u00fc\u00a0 il\u0259 ba\u011fl\u0131 Ekologiya v\u0259 T\u0259bii S\u0259rv\u0259tl\u0259r Nazirliyi v\u0259 Az\u0259rbaycan Hava Yollar\u0131 Qapal\u0131 S\u0259hmdar C\u0259miyy\u0259tinin \u0259m\u0259kda\u015flar\u0131 a\u011fac\u0259km\u0259 aksiyas\u0131 ke\u00e7irib. Aksiya zaman\u0131 Heyd\u0259r \u018fliyev Beyn\u0259lxalq Aeroportu \u0259razisinin t\u0259mizl\u0259nmi\u015f 10 hektar sah\u0259sind\u0259 d\u00f6rd\u00a0mind\u0259n art\u0131q a\u011fac \u0259kilib.<\/p>\n","protected":false},"author":2,"featured_media":104614,"comment_status":"closed","ping_status":"closed","sticky":false,"template":"","format":"standard","meta":{"om_disable_all_campaigns":false,"_monsterinsights_skip_tracking":false,"_monsterinsights_sitenote_active":false,"_monsterinsights_sitenote_note":"","_monsterinsights_sitenote_category":0},"categories":[1],"tags":[],"aioseo_notices":[],"gutentor_comment":0,"rttpg_featured_image_url":{"full":["https:\/\/arantv.az\/wp-content\/uploads\/2019\/12\/AZAL_trees_2.jpg",620,436,false],"landscape":["https:\/\/arantv.az\/wp-content\/uploads\/2019\/12\/AZAL_trees_2.jpg",620,436,false],"portraits":["https:\/\/arantv.az\/wp-content\/uploads\/2019\/12\/AZAL_trees_2.jpg",620,436,false],"thumbnail":["https:\/\/arantv.az\/wp-content\/uploads\/2019\/12\/AZAL_trees_2-150x150.jpg",150,150,true],"medium":["https:\/\/arantv.az\/wp-content\/uploads\/2019\/12\/AZAL_trees_2-300x211.jpg",300,211,true],"large":["https:\/\/arantv.az\/wp-content\/uploads\/2019\/12\/AZAL_trees_2.jpg",620,436,false],"1536x1536":["https:\/\/arantv.az\/wp-content\/uploads\/2019\/12\/AZAL_trees_2.jpg",620,436,false],"2048x2048":["https:\/\/arantv.az\/wp-content\/uploads\/2019\/12\/AZAL_trees_2.jpg",620,436,false],"post-thumbnail":["https:\/\/arantv.az\/wp-content\/uploads\/2019\/12\/AZAL_trees_2-240x172.jpg",240,172,true],"advps-thumb-one":["https:\/\/arantv.az\/wp-content\/uploads\/2019\/12\/AZAL_trees_2.jpg",620,436,false]},"rttpg_author":{"display_name":"V\u00fcsal Rafiqo\u011flu","author_link":"https:\/\/arantv.az\/?author=2"},"rttpg_comment":0,"rttpg_category":"<a href=\"https:\/\/arantv.az\/?cat=1\" rel=\"category\">C\u0259miyy\u0259t<\/a>","rttpg_excerpt":"M\u00fct\u0259f\u0259kkir \u015fair \u0130mad\u0259ddin N\u0259siminin 650 illik yubileyi il\u0259 \u0259laq\u0259dar Az\u0259rbaycan Respublikas\u0131n\u0131n Birinci vitse-prezidenti Mehriban \u018fliyevan\u0131n \u00f6lk\u0259mizd\u0259 bir g\u00fcnd\u0259 650 min a\u011fac\u0131n \u0259kilm\u0259si t\u0259\u015f\u0259bb\u00fcs\u00fc\u00a0 il\u0259 ba\u011fl\u0131 Ekologiya v\u0259 T\u0259bii S\u0259rv\u0259tl\u0259r Nazirliyi v\u0259 Az\u0259rbaycan Hava Yollar\u0131 Qapal\u0131 S\u0259hmdar C\u0259miyy\u0259tinin \u0259m\u0259kda\u015flar\u0131 a\u011fac\u0259km\u0259 aksiyas\u0131 ke\u00e7irib. Aksiya zaman\u0131 Heyd\u0259r \u018fliyev Beyn\u0259lxalq Aeroportu \u0259razisinin t\u0259mizl\u0259nmi\u015f 10 hektar sah\u0259sind\u0259 d\u00f6rd\u00a0mind\u0259n art\u0131q a\u011fac&hellip;","_links":{"self":[{"href":"https:\/\/arantv.az\/index.php?rest_route=\/wp\/v2\/posts\/104613"}],"collection":[{"href":"https:\/\/arantv.az\/index.php?rest_route=\/wp\/v2\/posts"}],"about":[{"href":"https:\/\/arantv.az\/index.php?rest_route=\/wp\/v2\/types\/post"}],"author":[{"embeddable":true,"href":"https:\/\/arantv.az\/index.php?rest_route=\/wp\/v2\/users\/2"}],"replies":[{"embeddable":true,"href":"https:\/\/arantv.az\/index.php?rest_route=%2Fwp%2Fv2%2Fcomments&post=104613"}],"version-history":[{"count":0,"href":"https:\/\/arantv.az\/index.php?rest_route=\/wp\/v2\/posts\/104613\/revisions"}],"wp:featuredmedia":[{"embeddable":true,"href":"https:\/\/arantv.az\/index.php?rest_route=\/wp\/v2\/media\/104614"}],"wp:attachment":[{"href":"https:\/\/arantv.az\/index.php?rest_route=%2Fwp%2Fv2%2Fmedia&parent=104613"}],"wp:term":[{"taxonomy":"category","embeddable":true,"href":"https:\/\/arantv.az\/index.php?rest_route=%2Fwp%2Fv2%2Fcategories&post=104613"},{"taxonomy":"post_tag","embeddable":true,"href":"https:\/\/arantv.az\/index.php?rest_route=%2Fwp%2Fv2%2Ftags&post=104613"}],"curies":[{"name":"wp","href":"https:\/\/api.w.org\/{rel}","templated":true}]}}