{"id":104621,"date":"2019-12-06T16:39:53","date_gmt":"2019-12-06T13:39:53","guid":{"rendered":"http:\/\/arantv.az\/?p=104621"},"modified":"2019-12-06T16:39:53","modified_gmt":"2019-12-06T13:39:53","slug":"650-min-agacin-%c9%99kilm%c9%99si-ekoloji-t%c9%99mizliy%c9%99-t%c9%99bi%c9%99tin-yasillasdirilmasina-bir-cagirisdir-b%c9%99hruz-quliyev","status":"publish","type":"post","link":"https:\/\/arantv.az\/?p=104621","title":{"rendered":"650 min a\u011fac\u0131n \u0259kilm\u0259si ekoloji t\u0259mizliy\u0259, t\u0259bi\u0259tin ya\u015f\u0131lla\u015fd\u0131r\u0131lmas\u0131na bir \u00e7a\u011f\u0131r\u0131\u015fd\u0131r &#8211; B\u0259hruz Quliyev"},"content":{"rendered":"<p>&#8220;Bildiyimiz kimi, Nax\u00e7\u0131van Muxtar Respublikas\u0131 da daxil olmaqla, Az\u0259rbaycan\u0131n b\u00fct\u00fcn regionlar\u0131nda a\u011fac\u0259km\u0259 kampaniyas\u0131na ba\u015flan\u0131l\u0131b. Bu kampaniyan\u0131n \u00f6lk\u0259mizin Birinci vitse-prezidenti, Heyd\u0259r \u018fliyev Fondunun prezidenti Mehriban \u018fliyevan\u0131n t\u0259\u015f\u0259bb\u00fcs\u00fc il\u0259 ba\u015f tutmas\u0131 bir ne\u00e7\u0259 m\u00fch\u00fcm m\u0259s\u0259l\u0259l\u0259ri \u00f6n\u0259 \u00e7\u0131xarm\u0131\u015f olur&#8221;.<\/p>\n<p><strong>ARANTV.AZ<\/strong> x\u0259b\u0259r verir ki, bunu\u00a0<a href=\"https:\/\/az.trend.az\/\" target=\"_blank\" rel=\"noopener\">Trend<\/a>-\u0259 a\u00e7\u0131qlamas\u0131nda &#8220;S\u018fS&#8221; q\u0259zetinin ba\u015f redaktoru, siyasi ekspert B\u0259hruz Quliyev deyib.<\/p>\n<p>Onun s\u00f6zl\u0259rn\u0259 g\u00f6r\u0259, Az\u0259rbaycan\u0131n b\u00f6y\u00fck \u015fairi \u0130mad\u0259ddin N\u0259siminin d\u00fcnya \u0259h\u0259miyy\u0259tli poeziyas\u0131n\u0131n beyn\u0259lxalq al\u0259md\u0259 t\u0259bli\u011fi v\u0259 xatir\u0259sinin \u0259b\u0259dil\u0259\u015fdirilm\u0259si y\u00f6n\u00fcnd\u0259 realla\u015fd\u0131r\u0131lan bu t\u0259\u015f\u0259bb\u00fcs bilavasit\u0259 xalq\u0131m\u0131z\u0131n \u0259d\u0259biyyata, \u0259d\u0259bi tarixin\u0259, h\u0259m\u00e7inin m\u0259d\u0259niyy\u0259t irsin\u0259 g\u00f6st\u0259ril\u0259n x\u00fcsusi diqq\u0259tinin bir par\u00e7as\u0131d\u0131r: &#8220;Burada Mehriban xan\u0131m \u018fliyeva t\u0259r\u0259find\u0259n b\u00fct\u00fcn regionlar\u0131m\u0131z\u0131n bu c\u00fcr b\u00f6y\u00fck kampaniyaya c\u0259lb edilm\u0259si t\u0259\u015f\u0259bb\u00fcs\u00fcn\u00fcn ir\u0259li s\u00fcr\u00fclm\u0259si xalq\u0131m\u0131z\u0131n, ictimai xadiml\u0259rimizin, habel\u0259 xarici diplomatik korpus n\u00fcmay\u0259nd\u0259l\u0259rinin d\u0259 h\u0259min t\u0259\u015f\u0259bb\u00fcs\u0259 b\u00f6y\u00fck d\u0259st\u0259k g\u00f6st\u0259rm\u0259l\u0259ri dahi \u015fairimizin xatir\u0259sinin \u0259b\u0259dil\u0259\u015fdirilm\u0259si y\u00f6n\u00fcnd\u0259 at\u0131lan v\u0259 mahiyy\u0259tc\u0259 b\u00f6y\u00fck olan add\u0131md\u0131r. Lakin daha bir m\u0259qama toxunaraq qeyd etm\u0259k ist\u0259rdim ki, 650 min a\u011fac\u0131n \u0259kilm\u0259si eyni zamanda ekoloji t\u0259mizliy\u0259, t\u0259bi\u0259tin ya\u015f\u0131lla\u015fd\u0131r\u0131lmas\u0131na, b\u00fct\u00f6vl\u00fckd\u0259 is\u0259 insanlar\u0131n sa\u011flam h\u0259yat s\u00fcrm\u0259l\u0259rin\u0259 edil\u0259n bir \u00e7a\u011f\u0131r\u0131\u015f olaraq da qiym\u0259tl\u0259ndirilm\u0259lidir.<\/p>\n<p>B\u0259hruz Quliyev onu da xat\u0131rlad\u0131b ki, \u00fcmumiyy\u0259tl\u0259 bu kimi t\u0259\u015f\u0259bb\u00fcsl\u0259r Mehriban xan\u0131m \u018fliyeva t\u0259r\u0259find\u0259n ilk d\u0259f\u0259dir ki, ir\u0259li s\u00fcr\u00fclm\u00fcr: &#8220;Bu g\u00fcn\u0259 q\u0259d\u0259r onlarla b\u0259nz\u0259r a\u011fac\u0259km\u0259 kampaniyalar\u0131 realla\u015fd\u0131r\u0131l\u0131b v\u0259 b\u00fct\u00fcn bunlar\u0131n k\u00f6k\u00fcnd\u0259 is\u0259 xatirinizd\u0259dirs\u0259, &#8220;H\u0259r\u0259y\u0259 bir a\u011fac \u0259k\u0259k&#8221; \u015f\u00fcar\u0131 dayan\u0131r. Bax, bu \u015f\u00fcar\u0131n haz\u0131rk\u0131 zaman\u0131m\u0131zda dahi \u015fairimiz \u0130mad\u0259ddin N\u0259siminin ad\u0131 il\u0259 davam etdirilm\u0259si \u0259lb\u0259tt\u0259 ki, bizl\u0259rd\u0259 b\u00f6y\u00fck ruh y\u00fcks\u0259kliyi, f\u0259xar\u0259t, q\u00fcrur hissi oyad\u0131r. Bu bax\u0131mdan, d\u00fc\u015f\u00fcn\u00fcr\u0259m ki, g\u0259l\u0259c\u0259kd\u0259 d\u0259 m\u00fcxt\u0259lif tan\u0131n\u0131m\u015f v\u0259 tariximizd\u0259 rol alm\u0131\u015f dahi \u015f\u0259xsiyy\u0259tl\u0259rimizin xatir\u0259l\u0259rin\u0259 h\u0259sr olunmu\u015f a\u011fac\u0259km\u0259 kampaniyalar\u0131 h\u0259yata ke\u00e7iril\u0259c\u0259k v\u0259 bu kampaniyalar\u0131n h\u0259r biri Mehriban xan\u0131m \u018fliyevan\u0131n b\u00fct\u00fcn d\u00fcnyaya \u00f6rn\u0259k olaraq realla\u015fd\u0131r\u0131lan \u0259h\u0259miyy\u0259ti t\u0259\u015f\u0259bb\u00fcsl\u0259ri il\u0259 ba\u015f tutacaq&#8221;.<\/p>\n","protected":false},"excerpt":{"rendered":"<p>&#8220;Bildiyimiz kimi, Nax\u00e7\u0131van Muxtar Respublikas\u0131 da daxil olmaqla, Az\u0259rbaycan\u0131n b\u00fct\u00fcn regionlar\u0131nda a\u011fac\u0259km\u0259 kampaniyas\u0131na ba\u015flan\u0131l\u0131b. Bu kampaniyan\u0131n \u00f6lk\u0259mizin Birinci vitse-prezidenti, Heyd\u0259r \u018fliyev Fondunun prezidenti Mehriban \u018fliyevan\u0131n t\u0259\u015f\u0259bb\u00fcs\u00fc il\u0259 ba\u015f tutmas\u0131 bir ne\u00e7\u0259 m\u00fch\u00fcm m\u0259s\u0259l\u0259l\u0259ri \u00f6n\u0259 \u00e7\u0131xarm\u0131\u015f olur&#8221;. ARANTV.AZ x\u0259b\u0259r verir ki, bunu\u00a0Trend-\u0259 a\u00e7\u0131qlamas\u0131nda &#8220;S\u018fS&#8221; q\u0259zetinin ba\u015f redaktoru, siyasi ekspert B\u0259hruz Quliyev deyib. Onun s\u00f6zl\u0259rn\u0259 g\u00f6r\u0259, Az\u0259rbaycan\u0131n b\u00f6y\u00fck \u015fairi \u0130mad\u0259ddin N\u0259siminin d\u00fcnya \u0259h\u0259miyy\u0259tli poeziyas\u0131n\u0131n beyn\u0259lxalq al\u0259md\u0259 t\u0259bli\u011fi v\u0259 xatir\u0259sinin \u0259b\u0259dil\u0259\u015fdirilm\u0259si y\u00f6n\u00fcnd\u0259 realla\u015fd\u0131r\u0131lan bu t\u0259\u015f\u0259bb\u00fcs bilavasit\u0259 xalq\u0131m\u0131z\u0131n \u0259d\u0259biyyata, \u0259d\u0259bi tarixin\u0259, h\u0259m\u00e7inin m\u0259d\u0259niyy\u0259t irsin\u0259 g\u00f6st\u0259ril\u0259n x\u00fcsusi diqq\u0259tinin bir par\u00e7as\u0131d\u0131r: &#8220;Burada Mehriban xan\u0131m \u018fliyeva t\u0259r\u0259find\u0259n&hellip;<\/p>\n","protected":false},"author":2,"featured_media":104622,"comment_status":"closed","ping_status":"closed","sticky":false,"template":"","format":"standard","meta":{"om_disable_all_campaigns":false,"_monsterinsights_skip_tracking":false,"_monsterinsights_sitenote_active":false,"_monsterinsights_sitenote_note":"","_monsterinsights_sitenote_category":0},"categories":[1],"tags":[],"aioseo_notices":[],"gutentor_comment":0,"rttpg_featured_image_url":{"full":["https:\/\/arantv.az\/wp-content\/uploads\/2019\/12\/808419.jpg",800,600,false],"landscape":["https:\/\/arantv.az\/wp-content\/uploads\/2019\/12\/808419.jpg",800,600,false],"portraits":["https:\/\/arantv.az\/wp-content\/uploads\/2019\/12\/808419.jpg",800,600,false],"thumbnail":["https:\/\/arantv.az\/wp-content\/uploads\/2019\/12\/808419-150x150.jpg",150,150,true],"medium":["https:\/\/arantv.az\/wp-content\/uploads\/2019\/12\/808419-300x225.jpg",300,225,true],"large":["https:\/\/arantv.az\/wp-content\/uploads\/2019\/12\/808419.jpg",640,480,false],"1536x1536":["https:\/\/arantv.az\/wp-content\/uploads\/2019\/12\/808419.jpg",800,600,false],"2048x2048":["https:\/\/arantv.az\/wp-content\/uploads\/2019\/12\/808419.jpg",800,600,false],"post-thumbnail":["https:\/\/arantv.az\/wp-content\/uploads\/2019\/12\/808419-240x172.jpg",240,172,true],"advps-thumb-one":["https:\/\/arantv.az\/wp-content\/uploads\/2019\/12\/808419.jpg",800,600,false]},"rttpg_author":{"display_name":"V\u00fcsal Rafiqo\u011flu","author_link":"https:\/\/arantv.az\/?author=2"},"rttpg_comment":0,"rttpg_category":"<a href=\"https:\/\/arantv.az\/?cat=1\" rel=\"category\">C\u0259miyy\u0259t<\/a>","rttpg_excerpt":"&#8220;Bildiyimiz kimi, Nax\u00e7\u0131van Muxtar Respublikas\u0131 da daxil olmaqla, Az\u0259rbaycan\u0131n b\u00fct\u00fcn regionlar\u0131nda a\u011fac\u0259km\u0259 kampaniyas\u0131na ba\u015flan\u0131l\u0131b. Bu kampaniyan\u0131n \u00f6lk\u0259mizin Birinci vitse-prezidenti, Heyd\u0259r \u018fliyev Fondunun prezidenti Mehriban \u018fliyevan\u0131n t\u0259\u015f\u0259bb\u00fcs\u00fc il\u0259 ba\u015f tutmas\u0131 bir ne\u00e7\u0259 m\u00fch\u00fcm m\u0259s\u0259l\u0259l\u0259ri \u00f6n\u0259 \u00e7\u0131xarm\u0131\u015f olur&#8221;. ARANTV.AZ x\u0259b\u0259r verir ki, bunu\u00a0Trend-\u0259 a\u00e7\u0131qlamas\u0131nda &#8220;S\u018fS&#8221; q\u0259zetinin ba\u015f redaktoru, siyasi ekspert B\u0259hruz Quliyev deyib. Onun s\u00f6zl\u0259rn\u0259 g\u00f6r\u0259, Az\u0259rbaycan\u0131n&hellip;","_links":{"self":[{"href":"https:\/\/arantv.az\/index.php?rest_route=\/wp\/v2\/posts\/104621"}],"collection":[{"href":"https:\/\/arantv.az\/index.php?rest_route=\/wp\/v2\/posts"}],"about":[{"href":"https:\/\/arantv.az\/index.php?rest_route=\/wp\/v2\/types\/post"}],"author":[{"embeddable":true,"href":"https:\/\/arantv.az\/index.php?rest_route=\/wp\/v2\/users\/2"}],"replies":[{"embeddable":true,"href":"https:\/\/arantv.az\/index.php?rest_route=%2Fwp%2Fv2%2Fcomments&post=104621"}],"version-history":[{"count":0,"href":"https:\/\/arantv.az\/index.php?rest_route=\/wp\/v2\/posts\/104621\/revisions"}],"wp:featuredmedia":[{"embeddable":true,"href":"https:\/\/arantv.az\/index.php?rest_route=\/wp\/v2\/media\/104622"}],"wp:attachment":[{"href":"https:\/\/arantv.az\/index.php?rest_route=%2Fwp%2Fv2%2Fmedia&parent=104621"}],"wp:term":[{"taxonomy":"category","embeddable":true,"href":"https:\/\/arantv.az\/index.php?rest_route=%2Fwp%2Fv2%2Fcategories&post=104621"},{"taxonomy":"post_tag","embeddable":true,"href":"https:\/\/arantv.az\/index.php?rest_route=%2Fwp%2Fv2%2Ftags&post=104621"}],"curies":[{"name":"wp","href":"https:\/\/api.w.org\/{rel}","templated":true}]}}