{"id":104635,"date":"2019-12-07T08:48:18","date_gmt":"2019-12-07T05:48:18","guid":{"rendered":"http:\/\/arantv.az\/?p=104635"},"modified":"2019-12-07T08:48:18","modified_gmt":"2019-12-07T05:48:18","slug":"iran-az%c9%99rbaycanla-bu-sah%c9%99d%c9%99-%c9%99m%c9%99kdasliq-etm%c9%99k-ist%c9%99yir-nazir","status":"publish","type":"post","link":"https:\/\/arantv.az\/?p=104635","title":{"rendered":"\u0130ran Az\u0259rbaycanla bu sah\u0259d\u0259 \u0259m\u0259kda\u015fl\u0131q etm\u0259k ist\u0259yir &#8211; Nazir"},"content":{"rendered":"<p>&#8220;Son ill\u0259rd\u0259 \u0130ran v\u0259 Az\u0259rbaycan informasiya v\u0259 kommunikasiya texnologiyalar\u0131 sah\u0259sind\u0259 aktiv \u015f\u0259kild\u0259 \u0259m\u0259kda\u015fl\u0131q edirl\u0259r&#8221;.<\/p>\n<p><strong>ARANTV.AZ\u00a0<\/strong> x\u0259b\u0259r verir ki, bunu \u0130ran\u0131n Rabit\u0259 v\u0259 \u0130nformasiya Texnologiyalar\u0131 naziri M\u0259h\u0259mm\u0259d Cavad Az\u0259ri C\u0259hromi\u00a0<a href=\"https:\/\/az.trend.az\/\" target=\"_blank\" rel=\"noopener\">Trend<\/a>-\u0259 \u00f6z\u0259l a\u00e7\u0131qlamas\u0131nda deyib.<\/p>\n<p>M.C.Az\u0259ri C\u0259hrominin s\u00f6zl\u0259rin\u0259 g\u00f6r\u0259, \u0130ran Az\u0259rbaycanla peyk istehsal\u0131 sah\u0259sind\u0259 \u0259m\u0259kda\u015fl\u0131q etm\u0259k ist\u0259yir v\u0259 bu sah\u0259d\u0259 ilkin raz\u0131la\u015fmalar \u0259ld\u0259 olunub.<\/p>\n<p>Az\u0259ri C\u0259hromi \u0259lav\u0259 edib ki, iki \u00f6lk\u0259nin kosmik sah\u0259sind\u0259 agentlikl\u0259ri ticar\u0259t v\u0259 elmi sah\u0259d\u0259 \u0259m\u0259kda\u015fl\u0131qlar\u0131n\u0131 davam etdirirl\u0259r.<\/p>\n<p>Nazir \u0130ran\u0131n dost Az\u0259rbaycanla bu sah\u0259d\u0259 x\u00fcsusi i\u015fl\u0259rin g\u00f6r\u00fclm\u0259sin\u0259 maraq g\u00f6st\u0259rdiyini qeyd edib:<\/p>\n<p>&#8220;Rabit\u0259 v\u0259 informasiya texnologiyalar\u0131 sah\u0259sind\u0259 \u0130ran v\u0259 Az\u0259rbaycan aras\u0131nda laz\u0131mi platforma formala\u015f\u0131b v\u0259 bu platforma g\u00fcn\u00fc-g\u00fcnd\u0259n b\u00f6y\u00fcm\u0259kd\u0259dir. \u0130ki \u00f6lk\u0259nin \u00f6z\u0259l sektorlar\u0131 bir-birl\u0259rinin m\u00f6vqeyi v\u0259 imkanlar\u0131 il\u0259 yax\u0131ndan tan\u0131\u015f olaraq \u0259m\u0259kda\u015fl\u0131q etm\u0259lidirl\u0259r&#8221;.<\/p>\n<p>\u0130ranl\u0131 nazirin s\u00f6zl\u0259rin\u0259 g\u00f6r\u0259, startap sah\u0259sind\u0259 \u0130ran v\u0259 Az\u0259rbaycan aras\u0131nda \u0259m\u0259kda\u015fl\u0131q art\u0131q formala\u015f\u0131b. Bu il 3 \u0130ran \u015firk\u0259ti Az\u0259rbaycanda Y\u00fcks\u0259k Texnologiyalar Park\u0131nda qeydiyyatdan ke\u00e7ib v\u0259 f\u0259aliyy\u0259t\u0259 ba\u015flay\u0131b.<\/p>\n<p>Az\u0259ri C\u0259hromi deyib ki, \u00f6t\u0259n il Bakutel s\u0259rgisind\u0259 i\u015ftirak ed\u0259n \u0130ran \u015firk\u0259tl\u0259rinin say\u0131 12 idis\u0259, bu il bu say 15-\u0259 \u00e7at\u0131b.<\/p>\n<p>\u0130ran, Az\u0259rbaycan, Rusiya v\u0259 T\u00fcrkiy\u0259 aras\u0131nda startap g\u0259lirl\u0259rinin inki\u015faf etdirilm\u0259si il\u0259 ba\u011fl\u0131 platforma yarad\u0131lmas\u0131na diqq\u0259t \u00e7\u0259k\u0259n nazir deyib ki, 4 \u00f6lk\u0259nin startap \u015firk\u0259tl\u0259ri bir-birl\u0259ri il\u0259 \u0259m\u0259kda\u015fl\u0131q ed\u0259c\u0259kl\u0259r:<\/p>\n<p>&#8220;Bu platforma ticar\u0259t bax\u0131m\u0131ndan \u0259h\u0259miyy\u0259tlidir. Bununla \u0259laq\u0259dar Bak\u0131da v\u0259 Tehranda iclaslar ke\u00e7irilib v\u0259 birg\u0259 layih\u0259 \u00fczr\u0259 raz\u0131la\u015fma \u0259ld\u0259 olunub. H\u0259r bir \u00f6lk\u0259 onun 500 min dollar\u0131n\u0131 t\u0259min ed\u0259c\u0259k v\u0259 haz\u0131rda bu layih\u0259nin h\u00fcquqi t\u0259r\u0259fi h\u0259yata ke\u00e7irilm\u0259kd\u0259dir&#8221;.<\/p>\n","protected":false},"excerpt":{"rendered":"<p>&#8220;Son ill\u0259rd\u0259 \u0130ran v\u0259 Az\u0259rbaycan informasiya v\u0259 kommunikasiya texnologiyalar\u0131 sah\u0259sind\u0259 aktiv \u015f\u0259kild\u0259 \u0259m\u0259kda\u015fl\u0131q edirl\u0259r&#8221;. ARANTV.AZ\u00a0 x\u0259b\u0259r verir ki, bunu \u0130ran\u0131n Rabit\u0259 v\u0259 \u0130nformasiya Texnologiyalar\u0131 naziri M\u0259h\u0259mm\u0259d Cavad Az\u0259ri C\u0259hromi\u00a0Trend-\u0259 \u00f6z\u0259l a\u00e7\u0131qlamas\u0131nda deyib. M.C.Az\u0259ri C\u0259hrominin s\u00f6zl\u0259rin\u0259 g\u00f6r\u0259, \u0130ran Az\u0259rbaycanla peyk istehsal\u0131 sah\u0259sind\u0259 \u0259m\u0259kda\u015fl\u0131q etm\u0259k ist\u0259yir v\u0259 bu sah\u0259d\u0259 ilkin raz\u0131la\u015fmalar \u0259ld\u0259 olunub. Az\u0259ri C\u0259hromi \u0259lav\u0259 edib ki, iki \u00f6lk\u0259nin kosmik sah\u0259sind\u0259 agentlikl\u0259ri ticar\u0259t v\u0259 elmi sah\u0259d\u0259 \u0259m\u0259kda\u015fl\u0131qlar\u0131n\u0131 davam etdirirl\u0259r. Nazir \u0130ran\u0131n dost Az\u0259rbaycanla bu sah\u0259d\u0259 x\u00fcsusi i\u015fl\u0259rin g\u00f6r\u00fclm\u0259sin\u0259 maraq g\u00f6st\u0259rdiyini qeyd edib: &#8220;Rabit\u0259 v\u0259 informasiya texnologiyalar\u0131 sah\u0259sind\u0259 \u0130ran v\u0259 Az\u0259rbaycan aras\u0131nda&hellip;<\/p>\n","protected":false},"author":2,"featured_media":104636,"comment_status":"closed","ping_status":"closed","sticky":false,"template":"","format":"standard","meta":{"om_disable_all_campaigns":false,"_monsterinsights_skip_tracking":false,"_monsterinsights_sitenote_active":false,"_monsterinsights_sitenote_note":"","_monsterinsights_sitenote_category":0},"categories":[4],"tags":[],"aioseo_notices":[],"gutentor_comment":0,"rttpg_featured_image_url":{"full":["https:\/\/arantv.az\/wp-content\/uploads\/2019\/12\/808520.jpg",800,600,false],"landscape":["https:\/\/arantv.az\/wp-content\/uploads\/2019\/12\/808520.jpg",800,600,false],"portraits":["https:\/\/arantv.az\/wp-content\/uploads\/2019\/12\/808520.jpg",800,600,false],"thumbnail":["https:\/\/arantv.az\/wp-content\/uploads\/2019\/12\/808520-150x150.jpg",150,150,true],"medium":["https:\/\/arantv.az\/wp-content\/uploads\/2019\/12\/808520-300x225.jpg",300,225,true],"large":["https:\/\/arantv.az\/wp-content\/uploads\/2019\/12\/808520.jpg",640,480,false],"1536x1536":["https:\/\/arantv.az\/wp-content\/uploads\/2019\/12\/808520.jpg",800,600,false],"2048x2048":["https:\/\/arantv.az\/wp-content\/uploads\/2019\/12\/808520.jpg",800,600,false],"post-thumbnail":["https:\/\/arantv.az\/wp-content\/uploads\/2019\/12\/808520-240x172.jpg",240,172,true],"advps-thumb-one":["https:\/\/arantv.az\/wp-content\/uploads\/2019\/12\/808520.jpg",800,600,false]},"rttpg_author":{"display_name":"V\u00fcsal Rafiqo\u011flu","author_link":"https:\/\/arantv.az\/?author=2"},"rttpg_comment":0,"rttpg_category":"<a href=\"https:\/\/arantv.az\/?cat=4\" rel=\"category\">Siyas\u0259t<\/a>","rttpg_excerpt":"&#8220;Son ill\u0259rd\u0259 \u0130ran v\u0259 Az\u0259rbaycan informasiya v\u0259 kommunikasiya texnologiyalar\u0131 sah\u0259sind\u0259 aktiv \u015f\u0259kild\u0259 \u0259m\u0259kda\u015fl\u0131q edirl\u0259r&#8221;. ARANTV.AZ\u00a0 x\u0259b\u0259r verir ki, bunu \u0130ran\u0131n Rabit\u0259 v\u0259 \u0130nformasiya Texnologiyalar\u0131 naziri M\u0259h\u0259mm\u0259d Cavad Az\u0259ri C\u0259hromi\u00a0Trend-\u0259 \u00f6z\u0259l a\u00e7\u0131qlamas\u0131nda deyib. M.C.Az\u0259ri C\u0259hrominin s\u00f6zl\u0259rin\u0259 g\u00f6r\u0259, \u0130ran Az\u0259rbaycanla peyk istehsal\u0131 sah\u0259sind\u0259 \u0259m\u0259kda\u015fl\u0131q etm\u0259k ist\u0259yir v\u0259 bu sah\u0259d\u0259 ilkin raz\u0131la\u015fmalar \u0259ld\u0259 olunub. Az\u0259ri C\u0259hromi \u0259lav\u0259 edib&hellip;","_links":{"self":[{"href":"https:\/\/arantv.az\/index.php?rest_route=\/wp\/v2\/posts\/104635"}],"collection":[{"href":"https:\/\/arantv.az\/index.php?rest_route=\/wp\/v2\/posts"}],"about":[{"href":"https:\/\/arantv.az\/index.php?rest_route=\/wp\/v2\/types\/post"}],"author":[{"embeddable":true,"href":"https:\/\/arantv.az\/index.php?rest_route=\/wp\/v2\/users\/2"}],"replies":[{"embeddable":true,"href":"https:\/\/arantv.az\/index.php?rest_route=%2Fwp%2Fv2%2Fcomments&post=104635"}],"version-history":[{"count":0,"href":"https:\/\/arantv.az\/index.php?rest_route=\/wp\/v2\/posts\/104635\/revisions"}],"wp:featuredmedia":[{"embeddable":true,"href":"https:\/\/arantv.az\/index.php?rest_route=\/wp\/v2\/media\/104636"}],"wp:attachment":[{"href":"https:\/\/arantv.az\/index.php?rest_route=%2Fwp%2Fv2%2Fmedia&parent=104635"}],"wp:term":[{"taxonomy":"category","embeddable":true,"href":"https:\/\/arantv.az\/index.php?rest_route=%2Fwp%2Fv2%2Fcategories&post=104635"},{"taxonomy":"post_tag","embeddable":true,"href":"https:\/\/arantv.az\/index.php?rest_route=%2Fwp%2Fv2%2Ftags&post=104635"}],"curies":[{"name":"wp","href":"https:\/\/api.w.org\/{rel}","templated":true}]}}