{"id":104639,"date":"2019-12-07T08:49:18","date_gmt":"2019-12-07T05:49:18","guid":{"rendered":"http:\/\/arantv.az\/?p=104639"},"modified":"2019-12-07T08:49:18","modified_gmt":"2019-12-07T05:49:18","slug":"icra-bascisinin-muavini-650-min-agacin-%c9%99kilm%c9%99si-t%c9%99s%c9%99bbusu-qubanin-%c9%99traf-muhitin%c9%99-olduqca-boyuk-t%c9%99sir-gost%c9%99r%c9%99c%c9%99k","status":"publish","type":"post","link":"https:\/\/arantv.az\/?p=104639","title":{"rendered":"\u0130cra ba\u015f\u00e7\u0131s\u0131n\u0131n m\u00fcavini: &#8220;650 min a\u011fac\u0131n \u0259kilm\u0259si t\u0259\u015f\u0259bb\u00fcs\u00fc Quban\u0131n \u0259traf m\u00fchitin\u0259 olduqca b\u00f6y\u00fck t\u0259sir g\u00f6st\u0259r\u0259c\u0259k&#8221;"},"content":{"rendered":"<p>&#8220;Birinci vitse-prezident Mehriban \u018fliyevan\u0131n dahi \u015fair \u0130mad\u0259ddin N\u0259siminin 650 illik yubileyi m\u00fcnasib\u0259til\u0259 bir g\u00fcnd\u0259 respublikam\u0131zda 650 min a\u011fac\u0131n \u0259kilm\u0259si t\u0259\u015f\u0259bb\u00fcs\u00fcn\u00fcn realla\u015fmas\u0131 rayonun \u0259traf m\u00fchitin\u0259 olduqca b\u00f6y\u00fck t\u0259sir g\u00f6st\u0259r\u0259c\u0259k&#8221;.<\/p>\n<p><strong>ARANTV.AZ<\/strong>\u00a0 x\u0259b\u0259r verir ki, bunu\u00a0<a href=\"https:\/\/az.trend.az\/\" target=\"_blank\" rel=\"noopener\">Trend<\/a>-\u0259 Quba Rayon \u0130cra Hakimiyy\u0259ti ba\u015f\u00e7\u0131s\u0131n\u0131n birinci m\u00fcavini Allahverdi Xudaverdiyev deyib.<\/p>\n<p>A.Xudaverdiyev rayon \u0259razisind\u0259 5050 a\u011fac\u0131n \u0259kildiyini, \u0259sas\u0259n, tuya, g\u00f6yr\u00fc\u015f, a\u011fcaqay\u0131n a\u011faclar\u0131n\u0131n \u0259kilm\u0259sin\u0259 daha \u00e7ox \u00fcst\u00fcnl\u00fck verdildiyini s\u00f6yl\u0259yib.<\/p>\n<p>Onun s\u00f6zl\u0259rin\u0259 g\u00f6r\u0259, a\u011faclar\u0131n \u0259kilm\u0259si atmosferin z\u0259r\u0259rli tullant\u0131lardan t\u0259mizl\u0259nm\u0259sin\u0259 fayda ver\u0259c\u0259k.<\/p>\n<p>A.Xudaverdiyev qeyd edib ki, aksiya \u00e7\u0259r\u00e7iv\u0259sind\u0259 Quban\u0131n b\u00fct\u00fcn \u0259razisini \u0259hat\u0259 etm\u0259kl\u0259 bir \u00e7ox yerl\u0259rd\u0259 a\u011faclar \u0259kilib.<\/p>\n<p>Onun s\u00f6zl\u0259rin\u0259 g\u00f6r\u0259, bu t\u0259\u015f\u0259bb\u00fcs \u00e7\u0259r\u00e7iv\u0259sind\u0259 Bak\u0131-Quba, Quba-Xa\u00e7maz avtomobil yolunun \u0259traf\u0131nda da ya\u015f\u0131ll\u0131q zola\u011f\u0131 sal\u0131n\u0131b:<\/p>\n<p>&#8220;Hesab edir\u0259m ki, n\u0259qliyyat\u0131n daha \u00e7ox h\u0259r\u0259k\u0259t etdiyi bir \u0259razid\u0259 &#8211; magistral yollar\u0131n k\u0259narlar\u0131nda a\u011faclar\u0131n \u0259kilm\u0259sinin olduqca b\u00f6y\u00fck faydas\u0131 var. Bu bax\u0131mdan Bak\u0131-Quba, Quba-Xa\u00e7maz avtomobil yolunun k\u0259nar\u0131nda a\u011faclar\u0131n \u0259kilm\u0259si \u0259traf m\u00fchitin qorunmas\u0131na, atmosferin tullant\u0131lardan t\u0259mizl\u0259nm\u0259sin\u0259 \u00e7ox m\u00fcsb\u0259t t\u0259sir g\u00f6st\u0259r\u0259c\u0259k&#8221;.<\/p>\n<p>Qeyd ed\u0259k ki, dekabr\u0131n 6-da Birinci vitse-prezident Mehriban \u018fliyevan\u0131n t\u0259\u015f\u0259bb\u00fcs\u00fc il\u0259 dahi \u015fair \u0130mad\u0259ddin N\u0259siminin 650 illik yubileyi m\u00fcnasib\u0259til\u0259 bir g\u00fcnd\u0259 respublikam\u0131zda 650 min a\u011fac\u0131n \u0259kilm\u0259si h\u0259yata ke\u00e7irilib. Az\u0259rbaycan\u0131n tarixind\u0259 ilk d\u0259f\u0259dir ki, bir g\u00fcn \u0259rzind\u0259 bu q\u0259d\u0259r \u00e7ox sayda a\u011fac \u0259kilib. B\u00fct\u00fcn a\u011faclar Me\u015f\u0259 T\u0259s\u0259rr\u00fcfat\u0131 M\u0259rk\u0259zl\u0259rinin v\u0259 Az\u0259rbaycan Ya\u015f\u0131lla\u015fd\u0131rma v\u0259 Land\u015faft Qurulu\u015fu ASC-nin 17 tinglik sah\u0259sind\u0259 yeti\u015fdirilib. \u018fkil\u0259c\u0259k a\u011faclar aras\u0131nda h\u0259m me\u015f\u0259 cinsli, h\u0259m d\u0259 meyv\u0259 a\u011faclar\u0131 olub. K\u00fctl\u0259vi a\u011fac\u0259km\u0259 t\u0259dbirinin ke\u00e7iril\u0259c\u0259yi bir g\u00fcnd\u0259 \u0259sas\u0259n xan \u00e7inar\u0131, Eldar \u015fam\u0131, s\u0259rv, akasiya, s\u00f6y\u00fcd, g\u00f6yr\u00fc\u015f, iyd\u0259, zeytun, qara\u011fac, \u0259ncir, qovaq, \u015faftal\u0131, gaval\u0131, alma, c\u00f6k\u0259, q\u0131z\u0131la\u011fac, saqq\u0131z, katalpa, \u00e7inar, nar v\u0259 s. \u0259kilib.<\/p>\n","protected":false},"excerpt":{"rendered":"<p>&#8220;Birinci vitse-prezident Mehriban \u018fliyevan\u0131n dahi \u015fair \u0130mad\u0259ddin N\u0259siminin 650 illik yubileyi m\u00fcnasib\u0259til\u0259 bir g\u00fcnd\u0259 respublikam\u0131zda 650 min a\u011fac\u0131n \u0259kilm\u0259si t\u0259\u015f\u0259bb\u00fcs\u00fcn\u00fcn realla\u015fmas\u0131 rayonun \u0259traf m\u00fchitin\u0259 olduqca b\u00f6y\u00fck t\u0259sir g\u00f6st\u0259r\u0259c\u0259k&#8221;. ARANTV.AZ\u00a0 x\u0259b\u0259r verir ki, bunu\u00a0Trend-\u0259 Quba Rayon \u0130cra Hakimiyy\u0259ti ba\u015f\u00e7\u0131s\u0131n\u0131n birinci m\u00fcavini Allahverdi Xudaverdiyev deyib. A.Xudaverdiyev rayon \u0259razisind\u0259 5050 a\u011fac\u0131n \u0259kildiyini, \u0259sas\u0259n, tuya, g\u00f6yr\u00fc\u015f, a\u011fcaqay\u0131n a\u011faclar\u0131n\u0131n \u0259kilm\u0259sin\u0259 daha \u00e7ox \u00fcst\u00fcnl\u00fck verdildiyini s\u00f6yl\u0259yib. Onun s\u00f6zl\u0259rin\u0259 g\u00f6r\u0259, a\u011faclar\u0131n \u0259kilm\u0259si atmosferin z\u0259r\u0259rli tullant\u0131lardan t\u0259mizl\u0259nm\u0259sin\u0259 fayda ver\u0259c\u0259k. A.Xudaverdiyev qeyd edib ki, aksiya \u00e7\u0259r\u00e7iv\u0259sind\u0259 Quban\u0131n b\u00fct\u00fcn \u0259razisini \u0259hat\u0259 etm\u0259kl\u0259 bir \u00e7ox yerl\u0259rd\u0259 a\u011faclar \u0259kilib. Onun s\u00f6zl\u0259rin\u0259 g\u00f6r\u0259,&hellip;<\/p>\n","protected":false},"author":2,"featured_media":104640,"comment_status":"closed","ping_status":"closed","sticky":false,"template":"","format":"standard","meta":{"om_disable_all_campaigns":false,"_monsterinsights_skip_tracking":false,"_monsterinsights_sitenote_active":false,"_monsterinsights_sitenote_note":"","_monsterinsights_sitenote_category":0},"categories":[1],"tags":[],"aioseo_notices":[],"gutentor_comment":0,"rttpg_featured_image_url":{"full":["https:\/\/arantv.az\/wp-content\/uploads\/2019\/12\/808498.jpg",800,600,false],"landscape":["https:\/\/arantv.az\/wp-content\/uploads\/2019\/12\/808498.jpg",800,600,false],"portraits":["https:\/\/arantv.az\/wp-content\/uploads\/2019\/12\/808498.jpg",800,600,false],"thumbnail":["https:\/\/arantv.az\/wp-content\/uploads\/2019\/12\/808498-150x150.jpg",150,150,true],"medium":["https:\/\/arantv.az\/wp-content\/uploads\/2019\/12\/808498-300x225.jpg",300,225,true],"large":["https:\/\/arantv.az\/wp-content\/uploads\/2019\/12\/808498.jpg",640,480,false],"1536x1536":["https:\/\/arantv.az\/wp-content\/uploads\/2019\/12\/808498.jpg",800,600,false],"2048x2048":["https:\/\/arantv.az\/wp-content\/uploads\/2019\/12\/808498.jpg",800,600,false],"post-thumbnail":["https:\/\/arantv.az\/wp-content\/uploads\/2019\/12\/808498-240x172.jpg",240,172,true],"advps-thumb-one":["https:\/\/arantv.az\/wp-content\/uploads\/2019\/12\/808498.jpg",800,600,false]},"rttpg_author":{"display_name":"V\u00fcsal Rafiqo\u011flu","author_link":"https:\/\/arantv.az\/?author=2"},"rttpg_comment":0,"rttpg_category":"<a href=\"https:\/\/arantv.az\/?cat=1\" rel=\"category\">C\u0259miyy\u0259t<\/a>","rttpg_excerpt":"&#8220;Birinci vitse-prezident Mehriban \u018fliyevan\u0131n dahi \u015fair \u0130mad\u0259ddin N\u0259siminin 650 illik yubileyi m\u00fcnasib\u0259til\u0259 bir g\u00fcnd\u0259 respublikam\u0131zda 650 min a\u011fac\u0131n \u0259kilm\u0259si t\u0259\u015f\u0259bb\u00fcs\u00fcn\u00fcn realla\u015fmas\u0131 rayonun \u0259traf m\u00fchitin\u0259 olduqca b\u00f6y\u00fck t\u0259sir g\u00f6st\u0259r\u0259c\u0259k&#8221;. ARANTV.AZ\u00a0 x\u0259b\u0259r verir ki, bunu\u00a0Trend-\u0259 Quba Rayon \u0130cra Hakimiyy\u0259ti ba\u015f\u00e7\u0131s\u0131n\u0131n birinci m\u00fcavini Allahverdi Xudaverdiyev deyib. A.Xudaverdiyev rayon \u0259razisind\u0259 5050 a\u011fac\u0131n \u0259kildiyini, \u0259sas\u0259n, tuya, g\u00f6yr\u00fc\u015f, a\u011fcaqay\u0131n a\u011faclar\u0131n\u0131n \u0259kilm\u0259sin\u0259&hellip;","_links":{"self":[{"href":"https:\/\/arantv.az\/index.php?rest_route=\/wp\/v2\/posts\/104639"}],"collection":[{"href":"https:\/\/arantv.az\/index.php?rest_route=\/wp\/v2\/posts"}],"about":[{"href":"https:\/\/arantv.az\/index.php?rest_route=\/wp\/v2\/types\/post"}],"author":[{"embeddable":true,"href":"https:\/\/arantv.az\/index.php?rest_route=\/wp\/v2\/users\/2"}],"replies":[{"embeddable":true,"href":"https:\/\/arantv.az\/index.php?rest_route=%2Fwp%2Fv2%2Fcomments&post=104639"}],"version-history":[{"count":0,"href":"https:\/\/arantv.az\/index.php?rest_route=\/wp\/v2\/posts\/104639\/revisions"}],"wp:featuredmedia":[{"embeddable":true,"href":"https:\/\/arantv.az\/index.php?rest_route=\/wp\/v2\/media\/104640"}],"wp:attachment":[{"href":"https:\/\/arantv.az\/index.php?rest_route=%2Fwp%2Fv2%2Fmedia&parent=104639"}],"wp:term":[{"taxonomy":"category","embeddable":true,"href":"https:\/\/arantv.az\/index.php?rest_route=%2Fwp%2Fv2%2Fcategories&post=104639"},{"taxonomy":"post_tag","embeddable":true,"href":"https:\/\/arantv.az\/index.php?rest_route=%2Fwp%2Fv2%2Ftags&post=104639"}],"curies":[{"name":"wp","href":"https:\/\/api.w.org\/{rel}","templated":true}]}}