{"id":104643,"date":"2019-12-07T08:51:03","date_gmt":"2019-12-07T05:51:03","guid":{"rendered":"http:\/\/arantv.az\/?p=104643"},"modified":"2019-12-07T08:51:03","modified_gmt":"2019-12-07T05:51:03","slug":"son-d%c9%99qiq%c9%99-az%c9%99rbaycanli-deputat-v%c9%99fat-etdi","status":"publish","type":"post","link":"https:\/\/arantv.az\/?p=104643","title":{"rendered":"SON D\u018fQ\u0130Q\u018f: az\u0259rbaycanl\u0131 deputat V\u018fFAT ETD\u0130"},"content":{"rendered":"<p><strong>Milli M\u0259clisin deputat\u0131 Yevda Abramov d\u00fcnyas\u0131n\u0131 d\u0259yi\u015fib.<\/strong><\/p>\n<p>Deputat Vahid \u018fhm\u0259dovun Modern.az-a verdiyi m\u0259lumata g\u00f6r\u0259 d\u0259fn m\u0259rasimi dekabr\u0131n 7-si saat 12:00-da Qubada ke\u00e7iril\u0259c\u0259k:<br \/>\n\u201cQubada \u201cM\u0259d\u0259niyy\u0259t evi\u201dnd\u0259 vida m\u0259rasimi ke\u00e7iril\u0259c\u0259k. Allah r\u0259hm\u0259t el\u0259sin!\u201d<\/p>\n<p><img loading=\"lazy\" src=\"https:\/\/publika.az\/storage\/2016\/12\/07\/yevda.jpg\" alt=\"\" width=\"800\" height=\"420\" \/><\/p>\n<p>Qeyd ed\u0259k ki, Yevda Sasunovi\u00e7 Abramov 12 iyun 1948-ci ild\u0259 Quba rayonunun Q\u0131rm\u0131z\u0131 q\u0259s\u0259b\u0259sind\u0259 anadan olub. Az\u0259rbaycan D\u00f6vl\u0259t Pedaqoji Universitetinin Tarix fak\u00fclt\u0259sini bitirib v\u0259 pedaqoji f\u0259aliyy\u0259tl\u0259 m\u0259\u015f\u011ful olma\u011fa ba\u015flay\u0131b.<\/p>\n<p>Yeni Az\u0259rbaycan Partiyas\u0131n\u0131n (YAP) \u00fczv\u00fc olub. 6 noyabr 2005-ci ild\u0259 53 sayl\u0131 Quba-Qusar se\u00e7ki dair\u0259sind\u0259n deputat se\u00e7ilmi\u015fdi. Milliy\u0259tc\u0259 y\u0259hudi idi.<br \/>\n11 iyun 2018-ci ild\u0259 Az\u0259rbaycan Respublikas\u0131n\u0131n ictimai-siyasi h\u0259yat\u0131nda f\u0259al i\u015ftirak\u0131na g\u00f6r\u0259 Yevda Sasunovi\u00e7 Abramov \u201c\u015e\u00f6hr\u0259t\u201d ordeni il\u0259 t\u0259ltif edilib.<br \/>\nAil\u0259li idi, 4 \u00f6vlad\u0131 var.<\/p>\n","protected":false},"excerpt":{"rendered":"<p>Milli M\u0259clisin deputat\u0131 Yevda Abramov d\u00fcnyas\u0131n\u0131 d\u0259yi\u015fib. Deputat Vahid \u018fhm\u0259dovun Modern.az-a verdiyi m\u0259lumata g\u00f6r\u0259 d\u0259fn m\u0259rasimi dekabr\u0131n 7-si saat 12:00-da Qubada ke\u00e7iril\u0259c\u0259k: \u201cQubada \u201cM\u0259d\u0259niyy\u0259t evi\u201dnd\u0259 vida m\u0259rasimi ke\u00e7iril\u0259c\u0259k. Allah r\u0259hm\u0259t el\u0259sin!\u201d Qeyd ed\u0259k ki, Yevda Sasunovi\u00e7 Abramov 12 iyun 1948-ci ild\u0259 Quba rayonunun Q\u0131rm\u0131z\u0131 q\u0259s\u0259b\u0259sind\u0259 anadan olub. Az\u0259rbaycan D\u00f6vl\u0259t Pedaqoji Universitetinin Tarix fak\u00fclt\u0259sini bitirib v\u0259 pedaqoji f\u0259aliyy\u0259tl\u0259 m\u0259\u015f\u011ful olma\u011fa ba\u015flay\u0131b. Yeni Az\u0259rbaycan Partiyas\u0131n\u0131n (YAP) \u00fczv\u00fc olub. 6 noyabr 2005-ci ild\u0259 53 sayl\u0131 Quba-Qusar se\u00e7ki dair\u0259sind\u0259n deputat se\u00e7ilmi\u015fdi. Milliy\u0259tc\u0259 y\u0259hudi idi. 11 iyun 2018-ci ild\u0259 Az\u0259rbaycan Respublikas\u0131n\u0131n ictimai-siyasi h\u0259yat\u0131nda f\u0259al i\u015ftirak\u0131na&hellip;<\/p>\n","protected":false},"author":2,"featured_media":104644,"comment_status":"closed","ping_status":"closed","sticky":false,"template":"","format":"standard","meta":{"om_disable_all_campaigns":false,"_monsterinsights_skip_tracking":false,"_monsterinsights_sitenote_active":false,"_monsterinsights_sitenote_note":"","_monsterinsights_sitenote_category":0},"categories":[5],"tags":[],"aioseo_notices":[],"gutentor_comment":0,"rttpg_featured_image_url":{"full":["https:\/\/arantv.az\/wp-content\/uploads\/2019\/12\/azpressaz_yas_merasimi_1.jpg",800,450,false],"landscape":["https:\/\/arantv.az\/wp-content\/uploads\/2019\/12\/azpressaz_yas_merasimi_1.jpg",800,450,false],"portraits":["https:\/\/arantv.az\/wp-content\/uploads\/2019\/12\/azpressaz_yas_merasimi_1.jpg",800,450,false],"thumbnail":["https:\/\/arantv.az\/wp-content\/uploads\/2019\/12\/azpressaz_yas_merasimi_1-150x150.jpg",150,150,true],"medium":["https:\/\/arantv.az\/wp-content\/uploads\/2019\/12\/azpressaz_yas_merasimi_1-300x169.jpg",300,169,true],"large":["https:\/\/arantv.az\/wp-content\/uploads\/2019\/12\/azpressaz_yas_merasimi_1.jpg",640,360,false],"1536x1536":["https:\/\/arantv.az\/wp-content\/uploads\/2019\/12\/azpressaz_yas_merasimi_1.jpg",800,450,false],"2048x2048":["https:\/\/arantv.az\/wp-content\/uploads\/2019\/12\/azpressaz_yas_merasimi_1.jpg",800,450,false],"post-thumbnail":["https:\/\/arantv.az\/wp-content\/uploads\/2019\/12\/azpressaz_yas_merasimi_1-240x172.jpg",240,172,true],"advps-thumb-one":["https:\/\/arantv.az\/wp-content\/uploads\/2019\/12\/azpressaz_yas_merasimi_1.jpg",800,450,false]},"rttpg_author":{"display_name":"V\u00fcsal Rafiqo\u011flu","author_link":"https:\/\/arantv.az\/?author=2"},"rttpg_comment":0,"rttpg_category":"<a href=\"https:\/\/arantv.az\/?cat=5\" rel=\"category\">Hadis\u0259<\/a>","rttpg_excerpt":"Milli M\u0259clisin deputat\u0131 Yevda Abramov d\u00fcnyas\u0131n\u0131 d\u0259yi\u015fib. Deputat Vahid \u018fhm\u0259dovun Modern.az-a verdiyi m\u0259lumata g\u00f6r\u0259 d\u0259fn m\u0259rasimi dekabr\u0131n 7-si saat 12:00-da Qubada ke\u00e7iril\u0259c\u0259k: \u201cQubada \u201cM\u0259d\u0259niyy\u0259t evi\u201dnd\u0259 vida m\u0259rasimi ke\u00e7iril\u0259c\u0259k. Allah r\u0259hm\u0259t el\u0259sin!\u201d Qeyd ed\u0259k ki, Yevda Sasunovi\u00e7 Abramov 12 iyun 1948-ci ild\u0259 Quba rayonunun Q\u0131rm\u0131z\u0131 q\u0259s\u0259b\u0259sind\u0259 anadan olub. Az\u0259rbaycan D\u00f6vl\u0259t Pedaqoji Universitetinin Tarix fak\u00fclt\u0259sini bitirib v\u0259&hellip;","_links":{"self":[{"href":"https:\/\/arantv.az\/index.php?rest_route=\/wp\/v2\/posts\/104643"}],"collection":[{"href":"https:\/\/arantv.az\/index.php?rest_route=\/wp\/v2\/posts"}],"about":[{"href":"https:\/\/arantv.az\/index.php?rest_route=\/wp\/v2\/types\/post"}],"author":[{"embeddable":true,"href":"https:\/\/arantv.az\/index.php?rest_route=\/wp\/v2\/users\/2"}],"replies":[{"embeddable":true,"href":"https:\/\/arantv.az\/index.php?rest_route=%2Fwp%2Fv2%2Fcomments&post=104643"}],"version-history":[{"count":0,"href":"https:\/\/arantv.az\/index.php?rest_route=\/wp\/v2\/posts\/104643\/revisions"}],"wp:featuredmedia":[{"embeddable":true,"href":"https:\/\/arantv.az\/index.php?rest_route=\/wp\/v2\/media\/104644"}],"wp:attachment":[{"href":"https:\/\/arantv.az\/index.php?rest_route=%2Fwp%2Fv2%2Fmedia&parent=104643"}],"wp:term":[{"taxonomy":"category","embeddable":true,"href":"https:\/\/arantv.az\/index.php?rest_route=%2Fwp%2Fv2%2Fcategories&post=104643"},{"taxonomy":"post_tag","embeddable":true,"href":"https:\/\/arantv.az\/index.php?rest_route=%2Fwp%2Fv2%2Ftags&post=104643"}],"curies":[{"name":"wp","href":"https:\/\/api.w.org\/{rel}","templated":true}]}}