{"id":104656,"date":"2019-12-07T09:09:34","date_gmt":"2019-12-07T06:09:34","guid":{"rendered":"http:\/\/arantv.az\/?p=104656"},"modified":"2019-12-07T09:09:34","modified_gmt":"2019-12-07T06:09:34","slug":"m%c9%99kt%c9%99bd%c9%99-17-yasli-yeniyetm%c9%99-bicaqlandi","status":"publish","type":"post","link":"https:\/\/arantv.az\/?p=104656","title":{"rendered":"M\u0259kt\u0259bd\u0259 17 ya\u015fl\u0131 yeniyetm\u0259 b\u0131\u00e7aqland\u0131"},"content":{"rendered":"<p>Ab\u015feron rayonunda b\u0131\u00e7aqlanma hadis\u0259si ba\u015f verib.<\/p>\n<p><b>ARANTV.AZ\u00a0<\/b>\u00a0apa-ya istinad\u0259n x\u0259b\u0259r verir ki, X\u0131rdalan \u015f\u0259h\u0259rind\u0259, 2 sayl\u0131 orta m\u0259kt\u0259bd\u0259 2002-ci il t\u0259v\u0259ll\u00fcdl\u00fc Seyidov Xalid Namiq o\u011flu nam\u0259lum \u015f\u0259xsl\u0259rl\u0259 m\u00fcbahid\u0259 z\u0259minind\u0259 b\u0131\u00e7aqlan\u0131b.<\/p>\n<div><\/div>\n<p>Yaral\u0131 a\u011f\u0131r v\u0259ziyy\u0259td\u0259 x\u0259st\u0259xanaya yerl\u0259\u015fdirilib.<\/p>\n<p>Hadis\u0259 il\u0259 ba\u011fl\u0131 Ab\u015feron Rayon Polis \u0130dar\u0259sind\u0259 ara\u015fd\u0131rma apar\u0131l\u0131r.<\/p>\n","protected":false},"excerpt":{"rendered":"<p>Ab\u015feron rayonunda b\u0131\u00e7aqlanma hadis\u0259si ba\u015f verib. ARANTV.AZ\u00a0\u00a0apa-ya istinad\u0259n x\u0259b\u0259r verir ki, X\u0131rdalan \u015f\u0259h\u0259rind\u0259, 2 sayl\u0131 orta m\u0259kt\u0259bd\u0259 2002-ci il t\u0259v\u0259ll\u00fcdl\u00fc Seyidov Xalid Namiq o\u011flu nam\u0259lum \u015f\u0259xsl\u0259rl\u0259 m\u00fcbahid\u0259 z\u0259minind\u0259 b\u0131\u00e7aqlan\u0131b. Yaral\u0131 a\u011f\u0131r v\u0259ziyy\u0259td\u0259 x\u0259st\u0259xanaya yerl\u0259\u015fdirilib. Hadis\u0259 il\u0259 ba\u011fl\u0131 Ab\u015feron Rayon Polis \u0130dar\u0259sind\u0259 ara\u015fd\u0131rma apar\u0131l\u0131r.<\/p>\n","protected":false},"author":2,"featured_media":104657,"comment_status":"closed","ping_status":"closed","sticky":false,"template":"","format":"standard","meta":{"om_disable_all_campaigns":false,"_monsterinsights_skip_tracking":false,"_monsterinsights_sitenote_active":false,"_monsterinsights_sitenote_note":"","_monsterinsights_sitenote_category":0},"categories":[3],"tags":[],"aioseo_notices":[],"gutentor_comment":0,"rttpg_featured_image_url":{"full":["https:\/\/arantv.az\/wp-content\/uploads\/2019\/12\/15756971361561633002.olum-meyit-meyid-bicaqlanma-qeza.jpg",549,366,false],"landscape":["https:\/\/arantv.az\/wp-content\/uploads\/2019\/12\/15756971361561633002.olum-meyit-meyid-bicaqlanma-qeza.jpg",549,366,false],"portraits":["https:\/\/arantv.az\/wp-content\/uploads\/2019\/12\/15756971361561633002.olum-meyit-meyid-bicaqlanma-qeza.jpg",549,366,false],"thumbnail":["https:\/\/arantv.az\/wp-content\/uploads\/2019\/12\/15756971361561633002.olum-meyit-meyid-bicaqlanma-qeza-150x150.jpg",150,150,true],"medium":["https:\/\/arantv.az\/wp-content\/uploads\/2019\/12\/15756971361561633002.olum-meyit-meyid-bicaqlanma-qeza-300x200.jpg",300,200,true],"large":["https:\/\/arantv.az\/wp-content\/uploads\/2019\/12\/15756971361561633002.olum-meyit-meyid-bicaqlanma-qeza.jpg",549,366,false],"1536x1536":["https:\/\/arantv.az\/wp-content\/uploads\/2019\/12\/15756971361561633002.olum-meyit-meyid-bicaqlanma-qeza.jpg",549,366,false],"2048x2048":["https:\/\/arantv.az\/wp-content\/uploads\/2019\/12\/15756971361561633002.olum-meyit-meyid-bicaqlanma-qeza.jpg",549,366,false],"post-thumbnail":["https:\/\/arantv.az\/wp-content\/uploads\/2019\/12\/15756971361561633002.olum-meyit-meyid-bicaqlanma-qeza-240x172.jpg",240,172,true],"advps-thumb-one":["https:\/\/arantv.az\/wp-content\/uploads\/2019\/12\/15756971361561633002.olum-meyit-meyid-bicaqlanma-qeza.jpg",549,366,false]},"rttpg_author":{"display_name":"V\u00fcsal Rafiqo\u011flu","author_link":"https:\/\/arantv.az\/?author=2"},"rttpg_comment":0,"rttpg_category":"<a href=\"https:\/\/arantv.az\/?cat=3\" rel=\"category\">Kriminal<\/a>","rttpg_excerpt":"Ab\u015feron rayonunda b\u0131\u00e7aqlanma hadis\u0259si ba\u015f verib. ARANTV.AZ\u00a0\u00a0apa-ya istinad\u0259n x\u0259b\u0259r verir ki, X\u0131rdalan \u015f\u0259h\u0259rind\u0259, 2 sayl\u0131 orta m\u0259kt\u0259bd\u0259 2002-ci il t\u0259v\u0259ll\u00fcdl\u00fc Seyidov Xalid Namiq o\u011flu nam\u0259lum \u015f\u0259xsl\u0259rl\u0259 m\u00fcbahid\u0259 z\u0259minind\u0259 b\u0131\u00e7aqlan\u0131b. Yaral\u0131 a\u011f\u0131r v\u0259ziyy\u0259td\u0259 x\u0259st\u0259xanaya yerl\u0259\u015fdirilib. Hadis\u0259 il\u0259 ba\u011fl\u0131 Ab\u015feron Rayon Polis \u0130dar\u0259sind\u0259 ara\u015fd\u0131rma apar\u0131l\u0131r.","_links":{"self":[{"href":"https:\/\/arantv.az\/index.php?rest_route=\/wp\/v2\/posts\/104656"}],"collection":[{"href":"https:\/\/arantv.az\/index.php?rest_route=\/wp\/v2\/posts"}],"about":[{"href":"https:\/\/arantv.az\/index.php?rest_route=\/wp\/v2\/types\/post"}],"author":[{"embeddable":true,"href":"https:\/\/arantv.az\/index.php?rest_route=\/wp\/v2\/users\/2"}],"replies":[{"embeddable":true,"href":"https:\/\/arantv.az\/index.php?rest_route=%2Fwp%2Fv2%2Fcomments&post=104656"}],"version-history":[{"count":0,"href":"https:\/\/arantv.az\/index.php?rest_route=\/wp\/v2\/posts\/104656\/revisions"}],"wp:featuredmedia":[{"embeddable":true,"href":"https:\/\/arantv.az\/index.php?rest_route=\/wp\/v2\/media\/104657"}],"wp:attachment":[{"href":"https:\/\/arantv.az\/index.php?rest_route=%2Fwp%2Fv2%2Fmedia&parent=104656"}],"wp:term":[{"taxonomy":"category","embeddable":true,"href":"https:\/\/arantv.az\/index.php?rest_route=%2Fwp%2Fv2%2Fcategories&post=104656"},{"taxonomy":"post_tag","embeddable":true,"href":"https:\/\/arantv.az\/index.php?rest_route=%2Fwp%2Fv2%2Ftags&post=104656"}],"curies":[{"name":"wp","href":"https:\/\/api.w.org\/{rel}","templated":true}]}}