{"id":104678,"date":"2019-12-07T09:39:57","date_gmt":"2019-12-07T06:39:57","guid":{"rendered":"http:\/\/arantv.az\/?p=104678"},"modified":"2019-12-07T09:39:57","modified_gmt":"2019-12-07T06:39:57","slug":"dun%c9%99n-v%c9%99fat-ed%c9%99n-deputat-yevda-abramov-kimdir-dosye","status":"publish","type":"post","link":"https:\/\/arantv.az\/?p=104678","title":{"rendered":"D\u00fcn\u0259n v\u0259fat ed\u0259n deputat Yevda Abramov kimdir? &#8211; DOSYE"},"content":{"rendered":"<p>X\u0259b\u0259r verdiyimiz kimi, \u00f6t\u0259n g\u00fcn Milli M\u0259clisin deputat\u0131 Yevda Abramov d\u00fcnyas\u0131n\u0131 d\u0259yi\u015fib. Deputat\u0131n d\u0259fni sabah saat 12.00-da Qubada ke\u00e7iril\u0259c\u0259k. Quba M\u0259d\u0259niyy\u0259t evind\u0259 vida m\u0259rasimi t\u0259\u015fkil olunacaq.<\/p>\n<p><b>ARANTV.AZ\u00a0<\/b> Yevda Abramovun dosyesini t\u0259qdim edir:<\/p>\n<p>Yevda Sasunovi\u00e7 Abramov 12 iyun 1948-ci ild\u0259 Quba rayonunun Q\u0131rm\u0131z\u0131 Q\u0259s\u0259b\u0259sind\u0259 anadan olub. 1970-ci il\u0259rd\u0259 Quba rayon \u0130spik k\u0259ndind\u0259 d\u0259rs deyib.<\/p>\n<p>Az\u0259rbaycan D\u00f6vl\u0259t Pedaqoji Universitetinin Tarix fak\u00fclt\u0259sini bitirib v\u0259 pedaqoji f\u0259aliyy\u0259tl\u0259 m\u0259\u015f\u011ful olma\u011fa ba\u015flay\u0131b. Az\u0259rbaycan, t\u00fcrk, rus v\u0259 fars dill\u0259rini m\u00fck\u0259mm\u0259l \u015f\u0259kild\u0259 bilir.<\/p>\n<p>Yeni Az\u0259rbaycan Partiyas\u0131n\u0131n \u00fczv\u00fc idi. 6 noyabr 2005-ci ild\u0259 53 sayl\u0131 Quba-Qusar se\u00e7ki dair\u0259sind\u0259n deputat se\u00e7ilib.<\/p>\n<p>Milliy\u0259tc\u0259 y\u0259hudidir.<\/p>\n<p>11 iyun 2018-ci ild\u0259 Az\u0259rbaycan Respublikas\u0131n\u0131n ictimai-siyasi h\u0259yat\u0131nda f\u0259al i\u015ftirak\u0131na g\u00f6r\u0259 Yevda Sasunovi\u00e7 Abramov &#8220;\u015e\u00f6hr\u0259t\u201d ordeni il\u0259 t\u0259ltif edilib.<\/p>\n<p>Ail\u0259lidir, 4 \u00f6vlad\u0131 var.BiG.AZ<\/p>\n","protected":false},"excerpt":{"rendered":"<p>X\u0259b\u0259r verdiyimiz kimi, \u00f6t\u0259n g\u00fcn Milli M\u0259clisin deputat\u0131 Yevda Abramov d\u00fcnyas\u0131n\u0131 d\u0259yi\u015fib. Deputat\u0131n d\u0259fni sabah saat 12.00-da Qubada ke\u00e7iril\u0259c\u0259k. Quba M\u0259d\u0259niyy\u0259t evind\u0259 vida m\u0259rasimi t\u0259\u015fkil olunacaq. ARANTV.AZ\u00a0 Yevda Abramovun dosyesini t\u0259qdim edir: Yevda Sasunovi\u00e7 Abramov 12 iyun 1948-ci ild\u0259 Quba rayonunun Q\u0131rm\u0131z\u0131 Q\u0259s\u0259b\u0259sind\u0259 anadan olub. 1970-ci il\u0259rd\u0259 Quba rayon \u0130spik k\u0259ndind\u0259 d\u0259rs deyib. Az\u0259rbaycan D\u00f6vl\u0259t Pedaqoji Universitetinin Tarix fak\u00fclt\u0259sini bitirib v\u0259 pedaqoji f\u0259aliyy\u0259tl\u0259 m\u0259\u015f\u011ful olma\u011fa ba\u015flay\u0131b. Az\u0259rbaycan, t\u00fcrk, rus v\u0259 fars dill\u0259rini m\u00fck\u0259mm\u0259l \u015f\u0259kild\u0259 bilir. Yeni Az\u0259rbaycan Partiyas\u0131n\u0131n \u00fczv\u00fc idi. 6 noyabr 2005-ci ild\u0259 53 sayl\u0131 Quba-Qusar se\u00e7ki dair\u0259sind\u0259n deputat&hellip;<\/p>\n","protected":false},"author":2,"featured_media":104679,"comment_status":"closed","ping_status":"closed","sticky":false,"template":"","format":"standard","meta":{"om_disable_all_campaigns":false,"_monsterinsights_skip_tracking":false,"_monsterinsights_sitenote_active":false,"_monsterinsights_sitenote_note":"","_monsterinsights_sitenote_category":0},"categories":[1],"tags":[],"aioseo_notices":[],"gutentor_comment":0,"rttpg_featured_image_url":{"full":["https:\/\/arantv.az\/wp-content\/uploads\/2019\/12\/1575696264_untitled-1.jpg",649,365,false],"landscape":["https:\/\/arantv.az\/wp-content\/uploads\/2019\/12\/1575696264_untitled-1.jpg",649,365,false],"portraits":["https:\/\/arantv.az\/wp-content\/uploads\/2019\/12\/1575696264_untitled-1.jpg",649,365,false],"thumbnail":["https:\/\/arantv.az\/wp-content\/uploads\/2019\/12\/1575696264_untitled-1-150x150.jpg",150,150,true],"medium":["https:\/\/arantv.az\/wp-content\/uploads\/2019\/12\/1575696264_untitled-1-300x169.jpg",300,169,true],"large":["https:\/\/arantv.az\/wp-content\/uploads\/2019\/12\/1575696264_untitled-1.jpg",640,360,false],"1536x1536":["https:\/\/arantv.az\/wp-content\/uploads\/2019\/12\/1575696264_untitled-1.jpg",649,365,false],"2048x2048":["https:\/\/arantv.az\/wp-content\/uploads\/2019\/12\/1575696264_untitled-1.jpg",649,365,false],"post-thumbnail":["https:\/\/arantv.az\/wp-content\/uploads\/2019\/12\/1575696264_untitled-1-240x172.jpg",240,172,true],"advps-thumb-one":["https:\/\/arantv.az\/wp-content\/uploads\/2019\/12\/1575696264_untitled-1.jpg",649,365,false]},"rttpg_author":{"display_name":"V\u00fcsal Rafiqo\u011flu","author_link":"https:\/\/arantv.az\/?author=2"},"rttpg_comment":0,"rttpg_category":"<a href=\"https:\/\/arantv.az\/?cat=1\" rel=\"category\">C\u0259miyy\u0259t<\/a>","rttpg_excerpt":"X\u0259b\u0259r verdiyimiz kimi, \u00f6t\u0259n g\u00fcn Milli M\u0259clisin deputat\u0131 Yevda Abramov d\u00fcnyas\u0131n\u0131 d\u0259yi\u015fib. Deputat\u0131n d\u0259fni sabah saat 12.00-da Qubada ke\u00e7iril\u0259c\u0259k. Quba M\u0259d\u0259niyy\u0259t evind\u0259 vida m\u0259rasimi t\u0259\u015fkil olunacaq. ARANTV.AZ\u00a0 Yevda Abramovun dosyesini t\u0259qdim edir: Yevda Sasunovi\u00e7 Abramov 12 iyun 1948-ci ild\u0259 Quba rayonunun Q\u0131rm\u0131z\u0131 Q\u0259s\u0259b\u0259sind\u0259 anadan olub. 1970-ci il\u0259rd\u0259 Quba rayon \u0130spik k\u0259ndind\u0259 d\u0259rs deyib. Az\u0259rbaycan D\u00f6vl\u0259t&hellip;","_links":{"self":[{"href":"https:\/\/arantv.az\/index.php?rest_route=\/wp\/v2\/posts\/104678"}],"collection":[{"href":"https:\/\/arantv.az\/index.php?rest_route=\/wp\/v2\/posts"}],"about":[{"href":"https:\/\/arantv.az\/index.php?rest_route=\/wp\/v2\/types\/post"}],"author":[{"embeddable":true,"href":"https:\/\/arantv.az\/index.php?rest_route=\/wp\/v2\/users\/2"}],"replies":[{"embeddable":true,"href":"https:\/\/arantv.az\/index.php?rest_route=%2Fwp%2Fv2%2Fcomments&post=104678"}],"version-history":[{"count":0,"href":"https:\/\/arantv.az\/index.php?rest_route=\/wp\/v2\/posts\/104678\/revisions"}],"wp:featuredmedia":[{"embeddable":true,"href":"https:\/\/arantv.az\/index.php?rest_route=\/wp\/v2\/media\/104679"}],"wp:attachment":[{"href":"https:\/\/arantv.az\/index.php?rest_route=%2Fwp%2Fv2%2Fmedia&parent=104678"}],"wp:term":[{"taxonomy":"category","embeddable":true,"href":"https:\/\/arantv.az\/index.php?rest_route=%2Fwp%2Fv2%2Fcategories&post=104678"},{"taxonomy":"post_tag","embeddable":true,"href":"https:\/\/arantv.az\/index.php?rest_route=%2Fwp%2Fv2%2Ftags&post=104678"}],"curies":[{"name":"wp","href":"https:\/\/api.w.org\/{rel}","templated":true}]}}