{"id":104694,"date":"2019-12-07T09:54:25","date_gmt":"2019-12-07T06:54:25","guid":{"rendered":"http:\/\/arantv.az\/?p=104694"},"modified":"2019-12-07T09:54:25","modified_gmt":"2019-12-07T06:54:25","slug":"rob-sobhani-az%c9%99rbaycanda-agac%c9%99km%c9%99-t%c9%99s%c9%99bbusu-dig%c9%99r-olk%c9%99l%c9%99r-ucun-model%c9%99-cevril%c9%99c%c9%99k","status":"publish","type":"post","link":"https:\/\/arantv.az\/?p=104694","title":{"rendered":"Rob Sobhani: &#8220;Az\u0259rbaycanda a\u011fac\u0259km\u0259 t\u0259\u015f\u0259bb\u00fcs\u00fc dig\u0259r \u00f6lk\u0259l\u0259r \u00fc\u00e7\u00fcn model\u0259 \u00e7evril\u0259c\u0259k&#8221;"},"content":{"rendered":"<p>&#8220;Az\u0259rbaycanda a\u011fac\u0259km\u0259 kampaniyas\u0131 h\u0259m lokal, h\u0259m d\u0259 qlobal \u0259h\u0259miyy\u0259t da\u015f\u0131y\u0131r&#8221;.<\/p>\n<p><strong>ARANTV.AZ\u00a0<\/strong> x\u0259b\u0259r verir ki, bunu\u00a0<a href=\"https:\/\/az.trend.az\/\" target=\"_blank\" rel=\"noopener\">Trend<\/a>-\u0259 amerikal\u0131 ekspert Rob Sobhani \u0130mad\u0259ddin N\u0259siminin 650 illik yubileyi m\u00fcnasib\u0259til\u0259 bir g\u00fcnd\u0259 650 min a\u011fac\u0131n \u0259kilm\u0259si t\u0259\u015f\u0259bb\u00fcs\u00fcn\u00fc \u015f\u0259rh ed\u0259rk\u0259n deyib.<\/p>\n<p>O bildirib ki, lokal miqyasda Az\u0259rbaycan Birinci vitse-prezidentinin bu t\u0259\u015f\u0259bb\u00fcs\u00fc \u00f6lk\u0259d\u0259 ya\u015f\u0131ll\u0131q sah\u0259l\u0259rinin geni\u015fl\u0259nm\u0259sin\u0259 y\u00f6n\u0259lib, \u0259traf m\u00fchitin sa\u011flamla\u015fd\u0131r\u0131lmas\u0131na v\u0259 Az\u0259rbaycan v\u0259t\u0259nda\u015flar\u0131n\u0131n sa\u011flaml\u0131\u011f\u0131n\u0131n qorunmas\u0131na t\u00f6hf\u0259 verir:<\/p>\n<p>&#8220;Qlobal miqyasda is\u0259 bu t\u0259\u015f\u0259bb\u00fcs b\u0259\u015f\u0259riyy\u0259t qar\u015f\u0131s\u0131nda dayanan, \u0259sas m\u0259s\u0259l\u0259l\u0259rd\u0259n biri olan iqlim d\u0259yi\u015fikliyi v\u0259 karbon tullant\u0131lar\u0131 probleminin h\u0259llin\u0259 t\u00f6hf\u0259 verir. Bildiyiniz kimi, Yerin temperaturu art\u0131r v\u0259 buzlaqlar\u0131n \u0259rim\u0259si m\u00fc\u015fahid\u0259 olunur. Planetd\u0259 istil\u0259\u015fm\u0259 acl\u0131q, yoxsulluq v\u0259 k\u00fctl\u0259vi \u00f6l\u00fcm kimi t\u0259hl\u00fck\u0259li n\u0259tic\u0259l\u0259r\u0259 g\u0259tirib \u00e7\u0131xara bil\u0259r. A\u011faclar\u0131n \u0259kilm\u0259si karbon tullant\u0131lar\u0131n\u0131n qar\u015f\u0131s\u0131n\u0131n al\u0131nmas\u0131nda \u0259n s\u0259m\u0259r\u0259li \u00fcsullardan biridir&#8221;.<\/p>\n<p>Ekspert qeyd edib ki, N\u0259siminin 650 illiyin\u0259 h\u0259sr olunmu\u015f a\u011fac\u0259km\u0259 t\u0259\u015f\u0259bb\u00fcs\u00fc dig\u0259r \u00f6lk\u0259l\u0259r \u00fc\u00e7\u00fcn model\u0259 \u00e7evril\u0259c\u0259k:<\/p>\n<p>&#8220;Az\u0259rbaycan xalq\u0131 Birinci vitse-prezidenti il\u0259 f\u0259xr etm\u0259lidir, \u00e7\u00fcnki Mehriban \u018fliyeva n\u0259inki qlobal \u0259h\u0259miyy\u0259tli m\u0259s\u0259l\u0259l\u0259rd\u0259 liderlik n\u00fcmayi\u015f etdirir, h\u0259m d\u0259 Az\u0259rbaycan iqlim d\u0259yi\u015fiklikl\u0259ri probleminin h\u0259llinin m\u0259rk\u0259zin\u0259 yerl\u0259\u015fdirir&#8221;.<\/p>\n","protected":false},"excerpt":{"rendered":"<p>&#8220;Az\u0259rbaycanda a\u011fac\u0259km\u0259 kampaniyas\u0131 h\u0259m lokal, h\u0259m d\u0259 qlobal \u0259h\u0259miyy\u0259t da\u015f\u0131y\u0131r&#8221;. ARANTV.AZ\u00a0 x\u0259b\u0259r verir ki, bunu\u00a0Trend-\u0259 amerikal\u0131 ekspert Rob Sobhani \u0130mad\u0259ddin N\u0259siminin 650 illik yubileyi m\u00fcnasib\u0259til\u0259 bir g\u00fcnd\u0259 650 min a\u011fac\u0131n \u0259kilm\u0259si t\u0259\u015f\u0259bb\u00fcs\u00fcn\u00fc \u015f\u0259rh ed\u0259rk\u0259n deyib. O bildirib ki, lokal miqyasda Az\u0259rbaycan Birinci vitse-prezidentinin bu t\u0259\u015f\u0259bb\u00fcs\u00fc \u00f6lk\u0259d\u0259 ya\u015f\u0131ll\u0131q sah\u0259l\u0259rinin geni\u015fl\u0259nm\u0259sin\u0259 y\u00f6n\u0259lib, \u0259traf m\u00fchitin sa\u011flamla\u015fd\u0131r\u0131lmas\u0131na v\u0259 Az\u0259rbaycan v\u0259t\u0259nda\u015flar\u0131n\u0131n sa\u011flaml\u0131\u011f\u0131n\u0131n qorunmas\u0131na t\u00f6hf\u0259 verir: &#8220;Qlobal miqyasda is\u0259 bu t\u0259\u015f\u0259bb\u00fcs b\u0259\u015f\u0259riyy\u0259t qar\u015f\u0131s\u0131nda dayanan, \u0259sas m\u0259s\u0259l\u0259l\u0259rd\u0259n biri olan iqlim d\u0259yi\u015fikliyi v\u0259 karbon tullant\u0131lar\u0131 probleminin h\u0259llin\u0259 t\u00f6hf\u0259 verir. Bildiyiniz kimi, Yerin temperaturu art\u0131r v\u0259 buzlaqlar\u0131n \u0259rim\u0259si m\u00fc\u015fahid\u0259&hellip;<\/p>\n","protected":false},"author":2,"featured_media":104695,"comment_status":"closed","ping_status":"closed","sticky":false,"template":"","format":"standard","meta":{"om_disable_all_campaigns":false,"_monsterinsights_skip_tracking":false,"_monsterinsights_sitenote_active":false,"_monsterinsights_sitenote_note":"","_monsterinsights_sitenote_category":0},"categories":[4],"tags":[],"aioseo_notices":[],"gutentor_comment":0,"rttpg_featured_image_url":{"full":["https:\/\/arantv.az\/wp-content\/uploads\/2019\/12\/808545.jpg",800,600,false],"landscape":["https:\/\/arantv.az\/wp-content\/uploads\/2019\/12\/808545.jpg",800,600,false],"portraits":["https:\/\/arantv.az\/wp-content\/uploads\/2019\/12\/808545.jpg",800,600,false],"thumbnail":["https:\/\/arantv.az\/wp-content\/uploads\/2019\/12\/808545-150x150.jpg",150,150,true],"medium":["https:\/\/arantv.az\/wp-content\/uploads\/2019\/12\/808545-300x225.jpg",300,225,true],"large":["https:\/\/arantv.az\/wp-content\/uploads\/2019\/12\/808545.jpg",640,480,false],"1536x1536":["https:\/\/arantv.az\/wp-content\/uploads\/2019\/12\/808545.jpg",800,600,false],"2048x2048":["https:\/\/arantv.az\/wp-content\/uploads\/2019\/12\/808545.jpg",800,600,false],"post-thumbnail":["https:\/\/arantv.az\/wp-content\/uploads\/2019\/12\/808545-240x172.jpg",240,172,true],"advps-thumb-one":["https:\/\/arantv.az\/wp-content\/uploads\/2019\/12\/808545.jpg",800,600,false]},"rttpg_author":{"display_name":"V\u00fcsal Rafiqo\u011flu","author_link":"https:\/\/arantv.az\/?author=2"},"rttpg_comment":0,"rttpg_category":"<a href=\"https:\/\/arantv.az\/?cat=4\" rel=\"category\">Siyas\u0259t<\/a>","rttpg_excerpt":"&#8220;Az\u0259rbaycanda a\u011fac\u0259km\u0259 kampaniyas\u0131 h\u0259m lokal, h\u0259m d\u0259 qlobal \u0259h\u0259miyy\u0259t da\u015f\u0131y\u0131r&#8221;. ARANTV.AZ\u00a0 x\u0259b\u0259r verir ki, bunu\u00a0Trend-\u0259 amerikal\u0131 ekspert Rob Sobhani \u0130mad\u0259ddin N\u0259siminin 650 illik yubileyi m\u00fcnasib\u0259til\u0259 bir g\u00fcnd\u0259 650 min a\u011fac\u0131n \u0259kilm\u0259si t\u0259\u015f\u0259bb\u00fcs\u00fcn\u00fc \u015f\u0259rh ed\u0259rk\u0259n deyib. O bildirib ki, lokal miqyasda Az\u0259rbaycan Birinci vitse-prezidentinin bu t\u0259\u015f\u0259bb\u00fcs\u00fc \u00f6lk\u0259d\u0259 ya\u015f\u0131ll\u0131q sah\u0259l\u0259rinin geni\u015fl\u0259nm\u0259sin\u0259 y\u00f6n\u0259lib, \u0259traf m\u00fchitin sa\u011flamla\u015fd\u0131r\u0131lmas\u0131na v\u0259 Az\u0259rbaycan&hellip;","_links":{"self":[{"href":"https:\/\/arantv.az\/index.php?rest_route=\/wp\/v2\/posts\/104694"}],"collection":[{"href":"https:\/\/arantv.az\/index.php?rest_route=\/wp\/v2\/posts"}],"about":[{"href":"https:\/\/arantv.az\/index.php?rest_route=\/wp\/v2\/types\/post"}],"author":[{"embeddable":true,"href":"https:\/\/arantv.az\/index.php?rest_route=\/wp\/v2\/users\/2"}],"replies":[{"embeddable":true,"href":"https:\/\/arantv.az\/index.php?rest_route=%2Fwp%2Fv2%2Fcomments&post=104694"}],"version-history":[{"count":0,"href":"https:\/\/arantv.az\/index.php?rest_route=\/wp\/v2\/posts\/104694\/revisions"}],"wp:featuredmedia":[{"embeddable":true,"href":"https:\/\/arantv.az\/index.php?rest_route=\/wp\/v2\/media\/104695"}],"wp:attachment":[{"href":"https:\/\/arantv.az\/index.php?rest_route=%2Fwp%2Fv2%2Fmedia&parent=104694"}],"wp:term":[{"taxonomy":"category","embeddable":true,"href":"https:\/\/arantv.az\/index.php?rest_route=%2Fwp%2Fv2%2Fcategories&post=104694"},{"taxonomy":"post_tag","embeddable":true,"href":"https:\/\/arantv.az\/index.php?rest_route=%2Fwp%2Fv2%2Ftags&post=104694"}],"curies":[{"name":"wp","href":"https:\/\/api.w.org\/{rel}","templated":true}]}}