{"id":104698,"date":"2019-12-07T10:05:22","date_gmt":"2019-12-07T07:05:22","guid":{"rendered":"http:\/\/arantv.az\/?p=104698"},"modified":"2019-12-07T10:05:22","modified_gmt":"2019-12-07T07:05:22","slug":"deputat-mikayil-cabbarovun-erm%c9%99nistan-r%c9%99smisin%c9%99-cavabini-yuks%c9%99k-qiym%c9%99tl%c9%99ndirdi","status":"publish","type":"post","link":"https:\/\/arantv.az\/?p=104698","title":{"rendered":"Deputat Mikay\u0131l Cabbarovun Erm\u0259nistan r\u0259smisin\u0259 cavab\u0131n\u0131 y\u00fcks\u0259k qiym\u0259tl\u0259ndirdi"},"content":{"rendered":"<p>Deputat Fazil Mustafa \u0130qtisadiyyat naziri Mikay\u0131l Cabbarovun Erm\u0259nistan\u0131n \u018frazi idar\u0259etm\u0259 v\u0259 infrastruktur nazirinin m\u00fcavini Armen Simonyana cavab\u0131n\u0131 \u015f\u0259rh edib.<\/p>\n<p><b>ARANTV.AZ<\/b>-\u0131n m\u0259lumat\u0131na g\u00f6r\u0259, F.Mustafa bildirib ki, Mikay\u0131l Cabbarovun cavab\u0131n\u0131 izl\u0259yib v\u0259 sonra da diqq\u0259tl\u0259 oxuyub.<\/p>\n<p>Deputat qeyd edib ki, M.Cabbarov erm\u0259ni r\u0259smisinin s\u0259rgil\u0259diyi h\u0259yas\u0131z davran\u0131\u015flara mahiyy\u0259ti \u00fczr\u0259 cavab verib.<\/p>\n<p>\u201c\u0130ki istiqam\u0259t erm\u0259nil\u0259ri p\u0259rt etm\u0259k \u00fc\u00e7\u00fcn daha m\u0259qbuldur. Birincisi, ciddi iqtisadi layih\u0259l\u0259rd\u0259n k\u0259narda qalman\u0131n g\u00fcnahkar\u0131n\u0131n \u00f6zl\u0259ri oldu\u011funu vur\u011fulamaq, ikincisi is\u0259 fa\u015fizmi Njdenin obraz\u0131nda t\u0259\u015fviq etm\u0259k ist\u0259y\u0259n c\u0259miyy\u0259t olduqlar\u0131na g\u00f6r\u0259 ittiham etm\u0259k. H\u0259r ikisi d\u0259 \u0259ks cavab verm\u0259y\u0259 imkan tan\u0131mayan ittihamlard\u0131r\u201d, &#8211; dey\u0259 F.Mustafa \u0259lav\u0259 edib.<\/p>\n<p>Deputat\u0131n fikrinc\u0259, dig\u0259r t\u0259r\u0259fd\u0259n, Yerevanla ba\u011fl\u0131 eyham da yerin\u0259 d\u00fc\u015fd\u00fc:<\/p>\n<p>\u201cMikay\u0131l Cabbarov bir d\u00f6vl\u0259t r\u0259smisinin ekstremal situasiyada nec\u0259 tutarl\u0131 cavab verm\u0259sinin laz\u0131m g\u0259ldiyini ortaya qoydu. \u018flb\u0259tt\u0259, ham\u0131m\u0131za ayd\u0131nd\u0131r ki, biz torpaqlar\u0131m\u0131z\u0131 bu c\u00fcr s\u00f6z at\u0131\u015fmalar\u0131 il\u0259 geri qaytarmayaca\u011f\u0131q, \u0259vv\u0259l-ax\u0131r m\u00fctl\u0259q sava\u015f meydan\u0131nda i\u015f\u011fal\u00e7\u0131n\u0131n d\u0259rsini verm\u0259liyik. Lakin o b\u00f6y\u00fck sava\u015fa q\u0259d\u0259r, bu c\u00fcr s\u00f6z at\u0131\u015fmalar\u0131na haz\u0131rl\u0131\u011f\u0131m\u0131z yet\u0259rli s\u0259viyy\u0259d\u0259 olmal\u0131d\u0131r ki, beyn\u0259lxalq auditoriyada psixoloji \u00fcst\u00fcnl\u00fcy\u00fcm\u00fcz\u00fc itirm\u0259y\u0259k\u201d.<\/p>\n<p>Qeyd ed\u0259k ki, Erm\u0259nistan\u0131n \u018frazi idar\u0259etm\u0259 v\u0259 infrastruktur nazirinin m\u00fcavini Armen Simonyan \u201cAvropa-Qafqaz-Asiya n\u0259qliyyat d\u0259hlizinin (TRACECA) inki\u015faf\u0131 \u00fczr\u0259 beyn\u0259lxalq n\u0259qliyyat haqq\u0131nda \u018fsas \u00c7oxt\u0259r\u0259fli Sazi\u015f\u201din imzalanmas\u0131n\u0131n 20 illiyi m\u00fcnasib\u0259til\u0259 Bak\u0131da ke\u00e7iril\u0259n beyn\u0259lxalq konfransda t\u0259xribata \u0259l at\u0131b. O, t\u0259dbirin proqram\u0131na etiraz edib, siyasi m\u0259s\u0259l\u0259l\u0259r\u0259 yol verilm\u0259m\u0259sini ist\u0259yib.<\/p>\n<p>\u201cBiz bu m\u0259s\u0259l\u0259l\u0259rd\u0259 h\u0259r hans\u0131 siyasil\u0259\u015fm\u0259d\u0259n uza\u011f\u0131q. Biz n\u0259y\u0259 g\u00f6r\u0259 F\u0259xri Xiyabana getm\u0259liyik? N\u0259y\u0259 g\u00f6r\u0259 bu proqrama daxil olunub? 13-c\u00fc g\u00f6r\u00fc\u015f Yerevanda ke\u00e7iril\u0259nd\u0259 orada h\u0259r hans\u0131 tematik siyasi m\u0259nal\u0131 t\u0259dbirl\u0259r n\u0259z\u0259rd\u0259 tutulmurdu\u201d, &#8211; dey\u0259 Erm\u0259nistan r\u0259smisi bildirib.<\/p>\n<p>\u0130qtisadiyyat naziri Mikay\u0131l Cabbarov is\u0259 cavab olaraq deyib:<\/p>\n<p>\u201cH\u0259r halda bu t\u0259rz daha anla\u015f\u0131land\u0131r. M\u0259n reaksiyan\u0131 ba\u015fa d\u00fc\u015f\u00fcr\u0259m. Hesab edir\u0259m ki, bu reaksiyan\u0131 iki hiss\u0259y\u0259 b\u00f6lm\u0259k olar. Birinci TRACECA haqq\u0131nda s\u0259sl\u0259ndiril\u0259n fikril\u0259rl\u0259 ba\u011fl\u0131. M\u0259n \u00e7\u0131x\u0131\u015f ed\u0259n h\u0259mkarlar\u0131ma t\u0259\u015f\u0259kk\u00fcr edir\u0259m.<\/p>\n<p>M\u0259n\u0259 el\u0259 g\u0259lir ki, onlar kifay\u0259t q\u0259d\u0259r \u0259minlikl\u0259, sad\u0259 \u015f\u0259kild\u0259 r\u0259q\u0259ml\u0259rl\u0259 TRACECA-n\u0131n biz\u0259 n\u0259 verdiyin\u0259 ayd\u0131nl\u0131q g\u0259tirdil\u0259r. T\u0259dbirin t\u0259\u015fkilat\u00e7\u0131s\u0131, konfransa v\u0259 m\u0259d\u0259ni proqrama cavabdeh \u00f6lk\u0259 olaraq m\u0259n \u00f6z t\u0259r\u0259fimd\u0259n bu m\u00f6vzu \u00fcz\u0259rind\u0259 dayanma\u011f\u0131 borc bilir\u0259m.<\/p>\n<p>M\u0259n oradan ba\u015flamaq ist\u0259yir\u0259m ki, qon\u015fular\u0131m\u0131z\u0131n reaksiyas\u0131n\u0131 \u00e7ox yax\u015f\u0131 ba\u015fa d\u00fc\u015f\u00fcr\u0259m. H\u0259r halda onlar \u0130r\u0259vandan Bakl\u0131ya g\u0259libl\u0259r v\u0259 Bak\u0131n\u0131 \u00f6z g\u00f6zl\u0259ri il\u0259 g\u00f6r\u00fcrl\u0259r. Anlay\u0131ram ki, onlar\u0131n g\u00f6rd\u00fckl\u0259rini q\u0259bul etm\u0259si el\u0259 d\u0259 asan deyil.<\/p>\n<p>\u0130kincisi, biz konstruktiv yana\u015fmaya \u00fcst\u00fcnl\u00fck veririk. Ancaq bilirik ki, destruktivlik daha asand\u0131r, daha da\u011f\u0131d\u0131c\u0131d\u0131r v\u0259 bu da\u011f\u0131d\u0131c\u0131l\u0131q siyas\u0259tinin n\u0259tic\u0259si, ilk n\u00f6vb\u0259d\u0259, qon\u015fu \u00f6lk\u0259d\u0259 m\u00fc\u015fahid\u0259 olunur. Hans\u0131 ki, b\u00f6y\u00fck h\u0259cmd\u0259 layih\u0259l\u0259rd\u0259n t\u0259crid olunub v\u0259 \u00f6z\u00fc-\u00f6z\u00fcn\u00fc n\u0259qliyyat dalan\u0131na, iqtisadi dalana sal\u0131b v\u0259 oradan \u00e7\u0131xmaq da ist\u0259mir.<\/p>\n<p>O ki qald\u0131 proqrama, m\u0259zmunu anlamayanlar \u00fc\u00e7\u00fcn bir daha bildirim ki, 20 il \u0259vv\u0259l bu g\u00fcn yubileyini qeyd etdiyimiz bu layih\u0259nin realla\u015fmas\u0131na imkan ver\u0259n o add\u0131m at\u0131lmasayd\u0131, o strateji bax\u0131\u015f olmadan bu g\u00fcn haqq\u0131nda dan\u0131\u015fd\u0131\u011f\u0131m\u0131z u\u011furlar m\u00fcmk\u00fcn olmazd\u0131.<\/p>\n<p>M\u0259hz b\u00f6y\u00fck Heyd\u0259r \u018fliyev beyn\u0259lxalq liderl\u0259ri, d\u00f6vl\u0259t ba\u015f\u00e7\u0131lar\u0131n\u0131 d\u0259v\u0259t etmi\u015f, arxas\u0131nca aparm\u0131\u015fd\u0131. T\u0259bii ki, Az\u0259rbaycan t\u0259r\u0259fi yubiley t\u0259dbirinin m\u0259d\u0259ni proqram\u0131n\u0131 t\u0259rtib ed\u0259rk\u0259n h\u0259r sivil c\u0259miyy\u0259td\u0259 oldu\u011fu kimi, regionun inki\u015faf\u0131na t\u00f6hf\u0259l\u0259r vermi\u015f insanlar\u0131n xatir\u0259sin\u0259 m\u00fcnasib\u0259t aspektind\u0259n yana\u015f\u0131b.<\/p>\n<p>B\u00fct\u00fcnl\u00fckd\u0259 xatir\u0259y\u0259 ehtiram m\u0259s\u0259l\u0259sin\u0259 g\u0259ldikd\u0259, d\u00fc\u015f\u00fcn\u00fcr\u0259m ki, bir daha paytaxt\u0131n\u0131z\u0131n m\u0259rk\u0259zin\u0259 diqq\u0259t yetirin. Sizd\u0259 qoyulmu\u015f o heyk\u0259l\u0259 bax\u0131n. Yad\u0131n\u0131za sal\u0131n ki, g\u0259l\u0259n il fa\u015fizm \u00fcz\u0259rind\u0259 q\u0259l\u0259b\u0259nin 75 illiyi qeyd olunacaq v\u0259 bir daha d\u00fc\u015f\u00fcn\u00fcn ki, do\u011fru insan\u0131n heyk\u0259lini qoymusunuzmu?\u201d<\/p>\n<p>Nazir Erm\u0259nistan n\u00fcmay\u0259nd\u0259 hey\u0259ti \u00fc\u00e7\u00fcn f\u0259rdi m\u0259d\u0259ni proqram t\u0259rtib olundu\u011funu da deyib:<\/p>\n<p>\u201cSizi is\u0259 m\u0259n \u015f\u0259xs\u0259n d\u0259v\u0259t edir\u0259m ki, Heyd\u0259r \u018fliyev M\u0259rk\u0259zini ziyar\u0259t ed\u0259siniz. Orada sizin do\u011fuldu\u011funuz \u015f\u0259h\u0259rin tarixin\u0259 h\u0259sr olunmu\u015f s\u0259rgi ke\u00e7irilir. O s\u0259rgi biz\u0259 g\u00fcrc\u00fc h\u0259mkarlar\u0131m\u0131z t\u0259r\u0259find\u0259n, G\u00fcrc\u00fcstan Muzeyind\u0259n t\u0259qdim olunub, harada ki, daimi \u0259saslarla n\u00fcmayi\u015f etdirilir. \u0130nan\u0131n ki, \u0130r\u0259van xanl\u0131\u011f\u0131, \u0130r\u0259van \u015f\u0259h\u0259rinin \u0259sas\u0131n\u0131n qoyulmas\u0131 haqq\u0131nda tarixd\u0259 oxuya bilm\u0259y\u0259c\u0259yin \u00e7ox yeni \u015fey \u00f6yr\u0259n\u0259c\u0259ksiniz. T\u0259bii ki, \u0259g\u0259r bu siz\u0259 maraql\u0131d\u0131rsa&#8230; O ki qald\u0131 TRACECA karvan\u0131na, b\u00fct\u00fcn \u0259ks c\u0259hdl\u0259r\u0259 baxmayaraq, o ir\u0259li ged\u0259c\u0259k\u201d.Oxu.Az<\/p>\n","protected":false},"excerpt":{"rendered":"<p>Deputat Fazil Mustafa \u0130qtisadiyyat naziri Mikay\u0131l Cabbarovun Erm\u0259nistan\u0131n \u018frazi idar\u0259etm\u0259 v\u0259 infrastruktur nazirinin m\u00fcavini Armen Simonyana cavab\u0131n\u0131 \u015f\u0259rh edib. ARANTV.AZ-\u0131n m\u0259lumat\u0131na g\u00f6r\u0259, F.Mustafa bildirib ki, Mikay\u0131l Cabbarovun cavab\u0131n\u0131 izl\u0259yib v\u0259 sonra da diqq\u0259tl\u0259 oxuyub. Deputat qeyd edib ki, M.Cabbarov erm\u0259ni r\u0259smisinin s\u0259rgil\u0259diyi h\u0259yas\u0131z davran\u0131\u015flara mahiyy\u0259ti \u00fczr\u0259 cavab verib. \u201c\u0130ki istiqam\u0259t erm\u0259nil\u0259ri p\u0259rt etm\u0259k \u00fc\u00e7\u00fcn daha m\u0259qbuldur. Birincisi, ciddi iqtisadi layih\u0259l\u0259rd\u0259n k\u0259narda qalman\u0131n g\u00fcnahkar\u0131n\u0131n \u00f6zl\u0259ri oldu\u011funu vur\u011fulamaq, ikincisi is\u0259 fa\u015fizmi Njdenin obraz\u0131nda t\u0259\u015fviq etm\u0259k ist\u0259y\u0259n c\u0259miyy\u0259t olduqlar\u0131na g\u00f6r\u0259 ittiham etm\u0259k. H\u0259r ikisi d\u0259 \u0259ks cavab verm\u0259y\u0259 imkan tan\u0131mayan ittihamlard\u0131r\u201d, &#8211; dey\u0259&hellip;<\/p>\n","protected":false},"author":2,"featured_media":104699,"comment_status":"closed","ping_status":"closed","sticky":false,"template":"","format":"standard","meta":{"om_disable_all_campaigns":false,"_monsterinsights_skip_tracking":false,"_monsterinsights_sitenote_active":false,"_monsterinsights_sitenote_note":"","_monsterinsights_sitenote_category":0},"categories":[4],"tags":[],"aioseo_notices":[],"gutentor_comment":0,"rttpg_featured_image_url":{"full":["https:\/\/arantv.az\/wp-content\/uploads\/2019\/12\/ROM9166.jpg",620,413,false],"landscape":["https:\/\/arantv.az\/wp-content\/uploads\/2019\/12\/ROM9166.jpg",620,413,false],"portraits":["https:\/\/arantv.az\/wp-content\/uploads\/2019\/12\/ROM9166.jpg",620,413,false],"thumbnail":["https:\/\/arantv.az\/wp-content\/uploads\/2019\/12\/ROM9166-150x150.jpg",150,150,true],"medium":["https:\/\/arantv.az\/wp-content\/uploads\/2019\/12\/ROM9166-300x200.jpg",300,200,true],"large":["https:\/\/arantv.az\/wp-content\/uploads\/2019\/12\/ROM9166.jpg",620,413,false],"1536x1536":["https:\/\/arantv.az\/wp-content\/uploads\/2019\/12\/ROM9166.jpg",620,413,false],"2048x2048":["https:\/\/arantv.az\/wp-content\/uploads\/2019\/12\/ROM9166.jpg",620,413,false],"post-thumbnail":["https:\/\/arantv.az\/wp-content\/uploads\/2019\/12\/ROM9166-240x172.jpg",240,172,true],"advps-thumb-one":["https:\/\/arantv.az\/wp-content\/uploads\/2019\/12\/ROM9166.jpg",620,413,false]},"rttpg_author":{"display_name":"V\u00fcsal Rafiqo\u011flu","author_link":"https:\/\/arantv.az\/?author=2"},"rttpg_comment":0,"rttpg_category":"<a href=\"https:\/\/arantv.az\/?cat=4\" rel=\"category\">Siyas\u0259t<\/a>","rttpg_excerpt":"Deputat Fazil Mustafa \u0130qtisadiyyat naziri Mikay\u0131l Cabbarovun Erm\u0259nistan\u0131n \u018frazi idar\u0259etm\u0259 v\u0259 infrastruktur nazirinin m\u00fcavini Armen Simonyana cavab\u0131n\u0131 \u015f\u0259rh edib. ARANTV.AZ-\u0131n m\u0259lumat\u0131na g\u00f6r\u0259, F.Mustafa bildirib ki, Mikay\u0131l Cabbarovun cavab\u0131n\u0131 izl\u0259yib v\u0259 sonra da diqq\u0259tl\u0259 oxuyub. Deputat qeyd edib ki, M.Cabbarov erm\u0259ni r\u0259smisinin s\u0259rgil\u0259diyi h\u0259yas\u0131z davran\u0131\u015flara mahiyy\u0259ti \u00fczr\u0259 cavab verib. \u201c\u0130ki istiqam\u0259t erm\u0259nil\u0259ri p\u0259rt etm\u0259k \u00fc\u00e7\u00fcn daha&hellip;","_links":{"self":[{"href":"https:\/\/arantv.az\/index.php?rest_route=\/wp\/v2\/posts\/104698"}],"collection":[{"href":"https:\/\/arantv.az\/index.php?rest_route=\/wp\/v2\/posts"}],"about":[{"href":"https:\/\/arantv.az\/index.php?rest_route=\/wp\/v2\/types\/post"}],"author":[{"embeddable":true,"href":"https:\/\/arantv.az\/index.php?rest_route=\/wp\/v2\/users\/2"}],"replies":[{"embeddable":true,"href":"https:\/\/arantv.az\/index.php?rest_route=%2Fwp%2Fv2%2Fcomments&post=104698"}],"version-history":[{"count":0,"href":"https:\/\/arantv.az\/index.php?rest_route=\/wp\/v2\/posts\/104698\/revisions"}],"wp:featuredmedia":[{"embeddable":true,"href":"https:\/\/arantv.az\/index.php?rest_route=\/wp\/v2\/media\/104699"}],"wp:attachment":[{"href":"https:\/\/arantv.az\/index.php?rest_route=%2Fwp%2Fv2%2Fmedia&parent=104698"}],"wp:term":[{"taxonomy":"category","embeddable":true,"href":"https:\/\/arantv.az\/index.php?rest_route=%2Fwp%2Fv2%2Fcategories&post=104698"},{"taxonomy":"post_tag","embeddable":true,"href":"https:\/\/arantv.az\/index.php?rest_route=%2Fwp%2Fv2%2Ftags&post=104698"}],"curies":[{"name":"wp","href":"https:\/\/api.w.org\/{rel}","templated":true}]}}