{"id":104702,"date":"2019-12-07T10:18:54","date_gmt":"2019-12-07T07:18:54","guid":{"rendered":"http:\/\/arantv.az\/?p=104702"},"modified":"2019-12-07T10:18:54","modified_gmt":"2019-12-07T07:18:54","slug":"deputatliga-namiz%c9%99dl%c9%99rin-ir%c9%99li-surulm%c9%99si-prosesi-basladi","status":"publish","type":"post","link":"https:\/\/arantv.az\/?p=104702","title":{"rendered":"Deputatl\u0131\u011fa namiz\u0259dl\u0259rin ir\u0259li s\u00fcr\u00fclm\u0259si prosesi ba\u015flad\u0131"},"content":{"rendered":"<p>Milli M\u0259clis\u0259 n\u00f6vb\u0259d\u0259nk\u0259nar se\u00e7kil\u0259rl\u0259 \u0259laq\u0259dar deputatl\u0131\u011fa namiz\u0259dl\u0259rin ir\u0259li s\u00fcr\u00fclm\u0259si prosesin\u0259 start verilib.<\/p>\n<p><strong>ARANTV.AZ-<\/strong>\u0131n m\u0259lumat\u0131na g\u00f6r\u0259, Se\u00e7ki M\u0259c\u0259ll\u0259sinin 146.2-ci madd\u0259sin\u0259 \u0259sas\u0259n, namiz\u0259dl\u0259r bu se\u00e7kil\u0259rin t\u0259yin edilm\u0259si haqq\u0131nda\u00a0s\u0259r\u0259ncam\u00a0r\u0259smi d\u0259rc olunduqdan sonra ir\u0259li s\u00fcr\u00fcl\u00fcr.<\/p>\n<p>Qeyd ed\u0259k ki, Se\u00e7ki M\u0259c\u0259ll\u0259sinin 147-ci madd\u0259si Milli M\u0259clis\u0259 se\u00e7kil\u0259r zaman\u0131 birmandatl\u0131 se\u00e7ki dair\u0259si \u00fczr\u0259 ir\u0259li s\u00fcr\u00fcl\u0259n namiz\u0259dl\u0259rin m\u00fcdafi\u0259si \u00fc\u00e7\u00fcn se\u00e7ici imzalar\u0131n\u0131n toplanmas\u0131 il\u0259 ba\u011fl\u0131d\u0131r.<\/p>\n<p>Bildirilir ki, namiz\u0259din m\u00fcdafi\u0259si \u00fc\u00e7\u00fcn onun ir\u0259li s\u00fcr\u00fcld\u00fcy\u00fc se\u00e7ki dair\u0259sinin \u0259razisind\u0259 se\u00e7icil\u0259rin az\u0131 450 imzas\u0131 toplanmal\u0131d\u0131r.<\/p>\n<p>Xat\u0131rladaq ki, Az\u0259rbaycan Prezidenti \u0130lham \u018fliyev dekabr\u0131n 5-d\u0259 imzalad\u0131\u011f\u0131 s\u0259r\u0259ncamla Milli M\u0259clis\u0259 n\u00f6vb\u0259d\u0259nk\u0259nar se\u00e7kil\u0259ri 2020-ci ilin fevral\u0131n 9-na t\u0259yin edib.Oxu.Az<\/p>\n","protected":false},"excerpt":{"rendered":"<p>Milli M\u0259clis\u0259 n\u00f6vb\u0259d\u0259nk\u0259nar se\u00e7kil\u0259rl\u0259 \u0259laq\u0259dar deputatl\u0131\u011fa namiz\u0259dl\u0259rin ir\u0259li s\u00fcr\u00fclm\u0259si prosesin\u0259 start verilib. ARANTV.AZ-\u0131n m\u0259lumat\u0131na g\u00f6r\u0259, Se\u00e7ki M\u0259c\u0259ll\u0259sinin 146.2-ci madd\u0259sin\u0259 \u0259sas\u0259n, namiz\u0259dl\u0259r bu se\u00e7kil\u0259rin t\u0259yin edilm\u0259si haqq\u0131nda\u00a0s\u0259r\u0259ncam\u00a0r\u0259smi d\u0259rc olunduqdan sonra ir\u0259li s\u00fcr\u00fcl\u00fcr. Qeyd ed\u0259k ki, Se\u00e7ki M\u0259c\u0259ll\u0259sinin 147-ci madd\u0259si Milli M\u0259clis\u0259 se\u00e7kil\u0259r zaman\u0131 birmandatl\u0131 se\u00e7ki dair\u0259si \u00fczr\u0259 ir\u0259li s\u00fcr\u00fcl\u0259n namiz\u0259dl\u0259rin m\u00fcdafi\u0259si \u00fc\u00e7\u00fcn se\u00e7ici imzalar\u0131n\u0131n toplanmas\u0131 il\u0259 ba\u011fl\u0131d\u0131r. Bildirilir ki, namiz\u0259din m\u00fcdafi\u0259si \u00fc\u00e7\u00fcn onun ir\u0259li s\u00fcr\u00fcld\u00fcy\u00fc se\u00e7ki dair\u0259sinin \u0259razisind\u0259 se\u00e7icil\u0259rin az\u0131 450 imzas\u0131 toplanmal\u0131d\u0131r. Xat\u0131rladaq ki, Az\u0259rbaycan Prezidenti \u0130lham \u018fliyev dekabr\u0131n 5-d\u0259 imzalad\u0131\u011f\u0131 s\u0259r\u0259ncamla Milli M\u0259clis\u0259 n\u00f6vb\u0259d\u0259nk\u0259nar se\u00e7kil\u0259ri 2020-ci ilin fevral\u0131n 9-na&hellip;<\/p>\n","protected":false},"author":2,"featured_media":104703,"comment_status":"closed","ping_status":"closed","sticky":false,"template":"","format":"standard","meta":{"om_disable_all_campaigns":false,"_monsterinsights_skip_tracking":false,"_monsterinsights_sitenote_active":false,"_monsterinsights_sitenote_note":"","_monsterinsights_sitenote_category":0},"categories":[4],"tags":[],"aioseo_notices":[],"gutentor_comment":0,"rttpg_featured_image_url":{"full":["https:\/\/arantv.az\/wp-content\/uploads\/2019\/12\/secki_0213.jpg",620,465,false],"landscape":["https:\/\/arantv.az\/wp-content\/uploads\/2019\/12\/secki_0213.jpg",620,465,false],"portraits":["https:\/\/arantv.az\/wp-content\/uploads\/2019\/12\/secki_0213.jpg",620,465,false],"thumbnail":["https:\/\/arantv.az\/wp-content\/uploads\/2019\/12\/secki_0213-150x150.jpg",150,150,true],"medium":["https:\/\/arantv.az\/wp-content\/uploads\/2019\/12\/secki_0213-300x225.jpg",300,225,true],"large":["https:\/\/arantv.az\/wp-content\/uploads\/2019\/12\/secki_0213.jpg",620,465,false],"1536x1536":["https:\/\/arantv.az\/wp-content\/uploads\/2019\/12\/secki_0213.jpg",620,465,false],"2048x2048":["https:\/\/arantv.az\/wp-content\/uploads\/2019\/12\/secki_0213.jpg",620,465,false],"post-thumbnail":["https:\/\/arantv.az\/wp-content\/uploads\/2019\/12\/secki_0213-240x172.jpg",240,172,true],"advps-thumb-one":["https:\/\/arantv.az\/wp-content\/uploads\/2019\/12\/secki_0213.jpg",620,465,false]},"rttpg_author":{"display_name":"V\u00fcsal Rafiqo\u011flu","author_link":"https:\/\/arantv.az\/?author=2"},"rttpg_comment":0,"rttpg_category":"<a href=\"https:\/\/arantv.az\/?cat=4\" rel=\"category\">Siyas\u0259t<\/a>","rttpg_excerpt":"Milli M\u0259clis\u0259 n\u00f6vb\u0259d\u0259nk\u0259nar se\u00e7kil\u0259rl\u0259 \u0259laq\u0259dar deputatl\u0131\u011fa namiz\u0259dl\u0259rin ir\u0259li s\u00fcr\u00fclm\u0259si prosesin\u0259 start verilib. ARANTV.AZ-\u0131n m\u0259lumat\u0131na g\u00f6r\u0259, Se\u00e7ki M\u0259c\u0259ll\u0259sinin 146.2-ci madd\u0259sin\u0259 \u0259sas\u0259n, namiz\u0259dl\u0259r bu se\u00e7kil\u0259rin t\u0259yin edilm\u0259si haqq\u0131nda\u00a0s\u0259r\u0259ncam\u00a0r\u0259smi d\u0259rc olunduqdan sonra ir\u0259li s\u00fcr\u00fcl\u00fcr. Qeyd ed\u0259k ki, Se\u00e7ki M\u0259c\u0259ll\u0259sinin 147-ci madd\u0259si Milli M\u0259clis\u0259 se\u00e7kil\u0259r zaman\u0131 birmandatl\u0131 se\u00e7ki dair\u0259si \u00fczr\u0259 ir\u0259li s\u00fcr\u00fcl\u0259n namiz\u0259dl\u0259rin m\u00fcdafi\u0259si \u00fc\u00e7\u00fcn se\u00e7ici imzalar\u0131n\u0131n toplanmas\u0131 il\u0259&hellip;","_links":{"self":[{"href":"https:\/\/arantv.az\/index.php?rest_route=\/wp\/v2\/posts\/104702"}],"collection":[{"href":"https:\/\/arantv.az\/index.php?rest_route=\/wp\/v2\/posts"}],"about":[{"href":"https:\/\/arantv.az\/index.php?rest_route=\/wp\/v2\/types\/post"}],"author":[{"embeddable":true,"href":"https:\/\/arantv.az\/index.php?rest_route=\/wp\/v2\/users\/2"}],"replies":[{"embeddable":true,"href":"https:\/\/arantv.az\/index.php?rest_route=%2Fwp%2Fv2%2Fcomments&post=104702"}],"version-history":[{"count":0,"href":"https:\/\/arantv.az\/index.php?rest_route=\/wp\/v2\/posts\/104702\/revisions"}],"wp:featuredmedia":[{"embeddable":true,"href":"https:\/\/arantv.az\/index.php?rest_route=\/wp\/v2\/media\/104703"}],"wp:attachment":[{"href":"https:\/\/arantv.az\/index.php?rest_route=%2Fwp%2Fv2%2Fmedia&parent=104702"}],"wp:term":[{"taxonomy":"category","embeddable":true,"href":"https:\/\/arantv.az\/index.php?rest_route=%2Fwp%2Fv2%2Fcategories&post=104702"},{"taxonomy":"post_tag","embeddable":true,"href":"https:\/\/arantv.az\/index.php?rest_route=%2Fwp%2Fv2%2Ftags&post=104702"}],"curies":[{"name":"wp","href":"https:\/\/api.w.org\/{rel}","templated":true}]}}