{"id":104707,"date":"2019-12-07T10:27:54","date_gmt":"2019-12-07T07:27:54","guid":{"rendered":"http:\/\/arantv.az\/?p=104707"},"modified":"2019-12-07T10:27:54","modified_gmt":"2019-12-07T07:27:54","slug":"msk-bu-gun-toplanir-parlament-seckil%c9%99rin%c9%99-hazirliq-baslandi","status":"publish","type":"post","link":"https:\/\/arantv.az\/?p=104707","title":{"rendered":"MSK BU G\u00dcN toplan\u0131r: Parlament se\u00e7kil\u0259rin\u0259 HAZIRLIQ BA\u015eLANDI"},"content":{"rendered":"<p><strong>Bu g\u00fcn M\u0259rk\u0259zi Se\u00e7ki Komissiyas\u0131n\u0131n iclas\u0131 ke\u00e7iril\u0259c\u0259k.<\/strong><\/p>\n<p><b>ARANTV.AZ\u00a0<\/b>x\u0259b\u0259r verir ki, \u0130clasda Milli M\u0259clis\u0259 n\u00f6vb\u0259d\u0259nk\u0259nar se\u00e7kil\u0259rl\u0259 \u0259laq\u0259dar q\u0259rar veril\u0259c\u0259k.<\/p>\n<p>Toplant\u0131 saat 14:00-da ba\u015flayacaq.<\/p>\n<p>Qeyd ed\u0259k ki, noyabr\u0131n 28-d\u0259 hakim Yeni Az\u0259rbaycan Partiyas\u0131 Siyasi \u015euras\u0131n\u0131n iclas\u0131 ke\u00e7irilib. \u0130clasda partiyan\u0131 t\u0259msil ed\u0259n deputatlara Milli M\u0259clisin burax\u0131lmas\u0131 il\u0259 ba\u011fl\u0131 t\u0259\u015f\u0259bb\u00fcsl\u0259 \u00e7\u0131x\u0131\u015f etm\u0259k t\u00f6vsiy\u0259 olunub.<\/p>\n<p>Milli M\u0259clisin dekabr\u0131n 2-d\u0259 ke\u00e7iril\u0259n plenar iclas\u0131nda YAP deputatlar\u0131n\u0131n t\u0259\u015f\u0259bb\u00fcs\u00fc m\u00fczakir\u0259 olunub, q\u0259rar q\u0259bul edilib. Deputatlar parlamentin burax\u0131lmas\u0131 v\u0259 n\u00f6vb\u0259d\u0259nk\u0259nar se\u00e7kil\u0259rin t\u0259yin edilm\u0259si haqq\u0131nda Az\u0259rbaycan Prezidentin\u0259 m\u00fcraci\u0259t edibl\u0259r.<\/p>\n<p>H\u0259min g\u00fcn Az\u0259rbaycan Prezidenti \u201cAz\u0259rbaycan Respublikas\u0131n\u0131n Milli M\u0259clisin\u0259 n\u00f6vb\u0259d\u0259nk\u0259nar se\u00e7kil\u0259rin t\u0259yin edilm\u0259si haqq\u0131nda\u201d Milli M\u0259clisin m\u00fcraci\u0259tind\u0259 g\u00f6st\u0259ril\u0259n parlamentin burax\u0131lmas\u0131 m\u0259s\u0259l\u0259sinin Konstitusiyaya uy\u011funlu\u011fu il\u0259 ba\u011fl\u0131 Konstitusiya M\u0259hk\u0259m\u0259sin\u0259 sor\u011fu g\u00f6nd\u0259rib.<\/p>\n<p>Dekabr\u0131n 4-d\u0259 Konstitusiya M\u0259hk\u0259m\u0259sinin Plenumunun iclas\u0131 ke\u00e7irilib v\u0259 iclas\u0131n yekununda Milli M\u0259clisin burax\u0131lmas\u0131n\u0131n Konstitusiyaya uy\u011fun olmas\u0131 bar\u0259d\u0259 q\u0259rar q\u0259bul edilib.<\/p>\n<p>Prezident \u0130lham \u018fliyevin dekabr\u0131n 5-d\u0259 \u201cAz\u0259rbaycan Respublikas\u0131 Milli M\u0259clisinin be\u015finci \u00e7a\u011f\u0131r\u0131\u015f\u0131n\u0131n burax\u0131lmas\u0131 v\u0259 Az\u0259rbaycan Respublikas\u0131n\u0131n Milli M\u0259clisin\u0259 n\u00f6vb\u0259d\u0259nk\u0259nar se\u00e7kil\u0259rin t\u0259yin edilm\u0259si haqq\u0131nda\u201d s\u0259r\u0259ncam imzalay\u0131b. S\u0259r\u0259ncama \u0259sas\u0259n, Az\u0259rbaycan Respublikas\u0131n\u0131n Milli M\u0259clisin\u0259 n\u00f6vb\u0259d\u0259nk\u0259nar se\u00e7kil\u0259r 2020-ci il fevral\u0131n 9-na t\u0259yin edilib.Publika.az<\/p>\n","protected":false},"excerpt":{"rendered":"<p>Bu g\u00fcn M\u0259rk\u0259zi Se\u00e7ki Komissiyas\u0131n\u0131n iclas\u0131 ke\u00e7iril\u0259c\u0259k. ARANTV.AZ\u00a0x\u0259b\u0259r verir ki, \u0130clasda Milli M\u0259clis\u0259 n\u00f6vb\u0259d\u0259nk\u0259nar se\u00e7kil\u0259rl\u0259 \u0259laq\u0259dar q\u0259rar veril\u0259c\u0259k. Toplant\u0131 saat 14:00-da ba\u015flayacaq. Qeyd ed\u0259k ki, noyabr\u0131n 28-d\u0259 hakim Yeni Az\u0259rbaycan Partiyas\u0131 Siyasi \u015euras\u0131n\u0131n iclas\u0131 ke\u00e7irilib. \u0130clasda partiyan\u0131 t\u0259msil ed\u0259n deputatlara Milli M\u0259clisin burax\u0131lmas\u0131 il\u0259 ba\u011fl\u0131 t\u0259\u015f\u0259bb\u00fcsl\u0259 \u00e7\u0131x\u0131\u015f etm\u0259k t\u00f6vsiy\u0259 olunub. Milli M\u0259clisin dekabr\u0131n 2-d\u0259 ke\u00e7iril\u0259n plenar iclas\u0131nda YAP deputatlar\u0131n\u0131n t\u0259\u015f\u0259bb\u00fcs\u00fc m\u00fczakir\u0259 olunub, q\u0259rar q\u0259bul edilib. Deputatlar parlamentin burax\u0131lmas\u0131 v\u0259 n\u00f6vb\u0259d\u0259nk\u0259nar se\u00e7kil\u0259rin t\u0259yin edilm\u0259si haqq\u0131nda Az\u0259rbaycan Prezidentin\u0259 m\u00fcraci\u0259t edibl\u0259r. H\u0259min g\u00fcn Az\u0259rbaycan Prezidenti \u201cAz\u0259rbaycan Respublikas\u0131n\u0131n Milli M\u0259clisin\u0259 n\u00f6vb\u0259d\u0259nk\u0259nar se\u00e7kil\u0259rin t\u0259yin edilm\u0259si&hellip;<\/p>\n","protected":false},"author":2,"featured_media":104708,"comment_status":"closed","ping_status":"closed","sticky":false,"template":"","format":"standard","meta":{"om_disable_all_campaigns":false,"_monsterinsights_skip_tracking":false,"_monsterinsights_sitenote_active":false,"_monsterinsights_sitenote_note":"","_monsterinsights_sitenote_category":0},"categories":[19],"tags":[],"aioseo_notices":[],"gutentor_comment":0,"rttpg_featured_image_url":{"full":["https:\/\/arantv.az\/wp-content\/uploads\/2019\/12\/msk.jpg",800,450,false],"landscape":["https:\/\/arantv.az\/wp-content\/uploads\/2019\/12\/msk.jpg",800,450,false],"portraits":["https:\/\/arantv.az\/wp-content\/uploads\/2019\/12\/msk.jpg",800,450,false],"thumbnail":["https:\/\/arantv.az\/wp-content\/uploads\/2019\/12\/msk-150x150.jpg",150,150,true],"medium":["https:\/\/arantv.az\/wp-content\/uploads\/2019\/12\/msk-300x169.jpg",300,169,true],"large":["https:\/\/arantv.az\/wp-content\/uploads\/2019\/12\/msk.jpg",640,360,false],"1536x1536":["https:\/\/arantv.az\/wp-content\/uploads\/2019\/12\/msk.jpg",800,450,false],"2048x2048":["https:\/\/arantv.az\/wp-content\/uploads\/2019\/12\/msk.jpg",800,450,false],"post-thumbnail":["https:\/\/arantv.az\/wp-content\/uploads\/2019\/12\/msk-240x172.jpg",240,172,true],"advps-thumb-one":["https:\/\/arantv.az\/wp-content\/uploads\/2019\/12\/msk.jpg",800,450,false]},"rttpg_author":{"display_name":"V\u00fcsal Rafiqo\u011flu","author_link":"https:\/\/arantv.az\/?author=2"},"rttpg_comment":0,"rttpg_category":"<a href=\"https:\/\/arantv.az\/?cat=19\" rel=\"category\">G\u00fcnd\u0259m<\/a>","rttpg_excerpt":"Bu g\u00fcn M\u0259rk\u0259zi Se\u00e7ki Komissiyas\u0131n\u0131n iclas\u0131 ke\u00e7iril\u0259c\u0259k. ARANTV.AZ\u00a0x\u0259b\u0259r verir ki, \u0130clasda Milli M\u0259clis\u0259 n\u00f6vb\u0259d\u0259nk\u0259nar se\u00e7kil\u0259rl\u0259 \u0259laq\u0259dar q\u0259rar veril\u0259c\u0259k. Toplant\u0131 saat 14:00-da ba\u015flayacaq. Qeyd ed\u0259k ki, noyabr\u0131n 28-d\u0259 hakim Yeni Az\u0259rbaycan Partiyas\u0131 Siyasi \u015euras\u0131n\u0131n iclas\u0131 ke\u00e7irilib. \u0130clasda partiyan\u0131 t\u0259msil ed\u0259n deputatlara Milli M\u0259clisin burax\u0131lmas\u0131 il\u0259 ba\u011fl\u0131 t\u0259\u015f\u0259bb\u00fcsl\u0259 \u00e7\u0131x\u0131\u015f etm\u0259k t\u00f6vsiy\u0259 olunub. Milli M\u0259clisin dekabr\u0131n 2-d\u0259 ke\u00e7iril\u0259n&hellip;","_links":{"self":[{"href":"https:\/\/arantv.az\/index.php?rest_route=\/wp\/v2\/posts\/104707"}],"collection":[{"href":"https:\/\/arantv.az\/index.php?rest_route=\/wp\/v2\/posts"}],"about":[{"href":"https:\/\/arantv.az\/index.php?rest_route=\/wp\/v2\/types\/post"}],"author":[{"embeddable":true,"href":"https:\/\/arantv.az\/index.php?rest_route=\/wp\/v2\/users\/2"}],"replies":[{"embeddable":true,"href":"https:\/\/arantv.az\/index.php?rest_route=%2Fwp%2Fv2%2Fcomments&post=104707"}],"version-history":[{"count":0,"href":"https:\/\/arantv.az\/index.php?rest_route=\/wp\/v2\/posts\/104707\/revisions"}],"wp:featuredmedia":[{"embeddable":true,"href":"https:\/\/arantv.az\/index.php?rest_route=\/wp\/v2\/media\/104708"}],"wp:attachment":[{"href":"https:\/\/arantv.az\/index.php?rest_route=%2Fwp%2Fv2%2Fmedia&parent=104707"}],"wp:term":[{"taxonomy":"category","embeddable":true,"href":"https:\/\/arantv.az\/index.php?rest_route=%2Fwp%2Fv2%2Fcategories&post=104707"},{"taxonomy":"post_tag","embeddable":true,"href":"https:\/\/arantv.az\/index.php?rest_route=%2Fwp%2Fv2%2Ftags&post=104707"}],"curies":[{"name":"wp","href":"https:\/\/api.w.org\/{rel}","templated":true}]}}