{"id":104711,"date":"2019-12-07T10:36:12","date_gmt":"2019-12-07T07:36:12","guid":{"rendered":"http:\/\/arantv.az\/?p=104711"},"modified":"2019-12-07T10:36:12","modified_gmt":"2019-12-07T07:36:12","slug":"turkiy%c9%99-abs-v%c9%99-rusiyani-razilasmaya-%c9%99m%c9%99l-etm%c9%99y%c9%99-d%c9%99v%c9%99t-edib","status":"publish","type":"post","link":"https:\/\/arantv.az\/?p=104711","title":{"rendered":"T\u00fcrkiy\u0259 AB\u015e v\u0259 Rusiyan\u0131 raz\u0131la\u015fmaya \u0259m\u0259l etm\u0259y\u0259 d\u0259v\u0259t edib"},"content":{"rendered":"<p>T\u00fcrkiy\u0259nin Xarici \u0130\u015fl\u0259r naziri Hami Aksoy b\u0259yan edib ki, Rusiya il\u0259 AB\u015e raz\u0131la\u015fmalara \u0259m\u0259l etm\u0259y\u0259c\u0259yi t\u0259qdird\u0259 Suriyadak\u0131 h\u0259rbi \u0259m\u0259liyyatlar b\u0259rpa edil\u0259 bil\u0259r.<\/p>\n<p><b>ARANTV.AZ\u00a0<\/b>x\u0259b\u0259r verir ki, X\u0130N ba\u015f\u00e7\u0131s\u0131 bu bar\u0259d\u0259\u00a0jurnalistl\u0259rin suallar\u0131na cavab ver\u0259rk\u0259n bildirib.<\/p>\n<p>\u201cTerror\u00e7ular\u0131 t\u0259hl\u00fck\u0259sizlik zonas\u0131ndan t\u0259mizl\u0259m\u0259y\u0259n\u0259 q\u0259d\u0259r Suriyan\u0131 t\u0259rk etm\u0259y\u0259c\u0259yik\u201d, &#8211; t\u00fcrkiy\u0259li diplomat deyib.<\/p>\n<p>H.Aksoy T\u00fcrkiy\u0259 ordusunun apard\u0131\u011f\u0131 h\u0259rbi \u0259m\u0259liyyatlar n\u0259tic\u0259sind\u0259 370 min m\u0259cburi k\u00f6\u00e7k\u00fcn\u00fcn \u00f6z \u00f6lk\u0259sin\u0259 qay\u0131td\u0131\u011f\u0131n\u0131 bildir\u0259r\u0259k,\u00a0yanvar\u0131n 8-d\u0259 \u0130stanbulda T\u00fcrkiy\u0259 Prezidenti R\u0259c\u0259b Tayyip \u018frdo\u011fanla Rusiya Federasiyas\u0131n\u0131n ba\u015f\u00e7\u0131s\u0131 Vladimir Putinin Suriya \u0259traf\u0131nda ba\u015f ver\u0259n hadis\u0259l\u0259ri m\u00fczakir\u0259 ed\u0259c\u0259kl\u0259rini d\u0259 xat\u0131rlad\u0131b.\u00a0Oxu.Az<\/p>\n","protected":false},"excerpt":{"rendered":"<p>T\u00fcrkiy\u0259nin Xarici \u0130\u015fl\u0259r naziri Hami Aksoy b\u0259yan edib ki, Rusiya il\u0259 AB\u015e raz\u0131la\u015fmalara \u0259m\u0259l etm\u0259y\u0259c\u0259yi t\u0259qdird\u0259 Suriyadak\u0131 h\u0259rbi \u0259m\u0259liyyatlar b\u0259rpa edil\u0259 bil\u0259r. ARANTV.AZ\u00a0x\u0259b\u0259r verir ki, X\u0130N ba\u015f\u00e7\u0131s\u0131 bu bar\u0259d\u0259\u00a0jurnalistl\u0259rin suallar\u0131na cavab ver\u0259rk\u0259n bildirib. \u201cTerror\u00e7ular\u0131 t\u0259hl\u00fck\u0259sizlik zonas\u0131ndan t\u0259mizl\u0259m\u0259y\u0259n\u0259 q\u0259d\u0259r Suriyan\u0131 t\u0259rk etm\u0259y\u0259c\u0259yik\u201d, &#8211; t\u00fcrkiy\u0259li diplomat deyib. H.Aksoy T\u00fcrkiy\u0259 ordusunun apard\u0131\u011f\u0131 h\u0259rbi \u0259m\u0259liyyatlar n\u0259tic\u0259sind\u0259 370 min m\u0259cburi k\u00f6\u00e7k\u00fcn\u00fcn \u00f6z \u00f6lk\u0259sin\u0259 qay\u0131td\u0131\u011f\u0131n\u0131 bildir\u0259r\u0259k,\u00a0yanvar\u0131n 8-d\u0259 \u0130stanbulda T\u00fcrkiy\u0259 Prezidenti R\u0259c\u0259b Tayyip \u018frdo\u011fanla Rusiya Federasiyas\u0131n\u0131n ba\u015f\u00e7\u0131s\u0131 Vladimir Putinin Suriya \u0259traf\u0131nda ba\u015f ver\u0259n hadis\u0259l\u0259ri m\u00fczakir\u0259 ed\u0259c\u0259kl\u0259rini d\u0259 xat\u0131rlad\u0131b.\u00a0Oxu.Az<\/p>\n","protected":false},"author":2,"featured_media":104712,"comment_status":"closed","ping_status":"closed","sticky":false,"template":"","format":"standard","meta":{"om_disable_all_campaigns":false,"_monsterinsights_skip_tracking":false,"_monsterinsights_sitenote_active":false,"_monsterinsights_sitenote_note":"","_monsterinsights_sitenote_category":0},"categories":[7],"tags":[],"aioseo_notices":[],"gutentor_comment":0,"rttpg_featured_image_url":{"full":["https:\/\/arantv.az\/wp-content\/uploads\/2019\/12\/5b07e0d55379ff2fd8742143.jpg",620,413,false],"landscape":["https:\/\/arantv.az\/wp-content\/uploads\/2019\/12\/5b07e0d55379ff2fd8742143.jpg",620,413,false],"portraits":["https:\/\/arantv.az\/wp-content\/uploads\/2019\/12\/5b07e0d55379ff2fd8742143.jpg",620,413,false],"thumbnail":["https:\/\/arantv.az\/wp-content\/uploads\/2019\/12\/5b07e0d55379ff2fd8742143-150x150.jpg",150,150,true],"medium":["https:\/\/arantv.az\/wp-content\/uploads\/2019\/12\/5b07e0d55379ff2fd8742143-300x200.jpg",300,200,true],"large":["https:\/\/arantv.az\/wp-content\/uploads\/2019\/12\/5b07e0d55379ff2fd8742143.jpg",620,413,false],"1536x1536":["https:\/\/arantv.az\/wp-content\/uploads\/2019\/12\/5b07e0d55379ff2fd8742143.jpg",620,413,false],"2048x2048":["https:\/\/arantv.az\/wp-content\/uploads\/2019\/12\/5b07e0d55379ff2fd8742143.jpg",620,413,false],"post-thumbnail":["https:\/\/arantv.az\/wp-content\/uploads\/2019\/12\/5b07e0d55379ff2fd8742143-240x172.jpg",240,172,true],"advps-thumb-one":["https:\/\/arantv.az\/wp-content\/uploads\/2019\/12\/5b07e0d55379ff2fd8742143.jpg",620,413,false]},"rttpg_author":{"display_name":"V\u00fcsal Rafiqo\u011flu","author_link":"https:\/\/arantv.az\/?author=2"},"rttpg_comment":0,"rttpg_category":"<a href=\"https:\/\/arantv.az\/?cat=7\" rel=\"category\">D\u00fcnya<\/a>","rttpg_excerpt":"T\u00fcrkiy\u0259nin Xarici \u0130\u015fl\u0259r naziri Hami Aksoy b\u0259yan edib ki, Rusiya il\u0259 AB\u015e raz\u0131la\u015fmalara \u0259m\u0259l etm\u0259y\u0259c\u0259yi t\u0259qdird\u0259 Suriyadak\u0131 h\u0259rbi \u0259m\u0259liyyatlar b\u0259rpa edil\u0259 bil\u0259r. ARANTV.AZ\u00a0x\u0259b\u0259r verir ki, X\u0130N ba\u015f\u00e7\u0131s\u0131 bu bar\u0259d\u0259\u00a0jurnalistl\u0259rin suallar\u0131na cavab ver\u0259rk\u0259n bildirib. \u201cTerror\u00e7ular\u0131 t\u0259hl\u00fck\u0259sizlik zonas\u0131ndan t\u0259mizl\u0259m\u0259y\u0259n\u0259 q\u0259d\u0259r Suriyan\u0131 t\u0259rk etm\u0259y\u0259c\u0259yik\u201d, &#8211; t\u00fcrkiy\u0259li diplomat deyib. H.Aksoy T\u00fcrkiy\u0259 ordusunun apard\u0131\u011f\u0131 h\u0259rbi \u0259m\u0259liyyatlar n\u0259tic\u0259sind\u0259 370 min m\u0259cburi&hellip;","_links":{"self":[{"href":"https:\/\/arantv.az\/index.php?rest_route=\/wp\/v2\/posts\/104711"}],"collection":[{"href":"https:\/\/arantv.az\/index.php?rest_route=\/wp\/v2\/posts"}],"about":[{"href":"https:\/\/arantv.az\/index.php?rest_route=\/wp\/v2\/types\/post"}],"author":[{"embeddable":true,"href":"https:\/\/arantv.az\/index.php?rest_route=\/wp\/v2\/users\/2"}],"replies":[{"embeddable":true,"href":"https:\/\/arantv.az\/index.php?rest_route=%2Fwp%2Fv2%2Fcomments&post=104711"}],"version-history":[{"count":0,"href":"https:\/\/arantv.az\/index.php?rest_route=\/wp\/v2\/posts\/104711\/revisions"}],"wp:featuredmedia":[{"embeddable":true,"href":"https:\/\/arantv.az\/index.php?rest_route=\/wp\/v2\/media\/104712"}],"wp:attachment":[{"href":"https:\/\/arantv.az\/index.php?rest_route=%2Fwp%2Fv2%2Fmedia&parent=104711"}],"wp:term":[{"taxonomy":"category","embeddable":true,"href":"https:\/\/arantv.az\/index.php?rest_route=%2Fwp%2Fv2%2Fcategories&post=104711"},{"taxonomy":"post_tag","embeddable":true,"href":"https:\/\/arantv.az\/index.php?rest_route=%2Fwp%2Fv2%2Ftags&post=104711"}],"curies":[{"name":"wp","href":"https:\/\/api.w.org\/{rel}","templated":true}]}}