{"id":104723,"date":"2019-12-07T10:56:04","date_gmt":"2019-12-07T07:56:04","guid":{"rendered":"http:\/\/arantv.az\/?p=104723"},"modified":"2019-12-07T10:56:04","modified_gmt":"2019-12-07T07:56:04","slug":"rusiya-federasiya-surasi-s%c9%99drinin-muavini-biz-fasist-%c9%99laltilarina-b%c9%99ra%c9%99t-qazandirmaga-calisanlara-q%c9%99tiyy%c9%99tl%c9%99-qarsi-cixiriq","status":"publish","type":"post","link":"https:\/\/arantv.az\/?p=104723","title":{"rendered":"Rusiya Federasiya \u015euras\u0131 s\u0259drinin m\u00fcavini: Biz fa\u015fist \u0259lalt\u0131lar\u0131na b\u0259ra\u0259t qazand\u0131rma\u011fa \u00e7al\u0131\u015fanlara q\u0259tiyy\u0259tl\u0259 qar\u015f\u0131 \u00e7\u0131x\u0131r\u0131q"},"content":{"rendered":"<p>&#8220;Biz fa\u015fist \u0259lalt\u0131lar\u0131na b\u0259ra\u0259t qazand\u0131rma\u011fa \u00e7al\u0131\u015fanlara, el\u0259c\u0259 d\u0259 tarixi yenid\u0259n yazmaq ist\u0259y\u0259nl\u0259r\u0259 q\u0259tiyy\u0259tl\u0259 qar\u015f\u0131 \u00e7\u0131x\u0131r\u0131q&#8221;.<\/p>\n<p><strong>ARANTV.AZ<\/strong>\u00a0\u00a0<a href=\"https:\/\/az.trend.az\/\" target=\"_blank\" rel=\"noopener\">Trend<\/a>-\u0259 istinad\u0259n x\u0259b\u0259r verir ki, bunu Rusiya Federasiya \u015euras\u0131 s\u0259drinin birinci m\u00fcavini Vladimir Cabarov Armavir \u015f\u0259h\u0259rind\u0259 Qaregin Njdenin xatir\u0259 l\u00f6vh\u0259sinin s\u00f6k\u00fclm\u0259sini \u015f\u0259rh ed\u0259rk\u0259n deyib.<\/p>\n<p>O, Njde il\u0259 ba\u011fl\u0131 m\u00f6vqeyini \u0259vv\u0259ld\u0259n a\u00e7\u0131qlad\u0131\u011f\u0131n\u0131 deyib:<\/p>\n<p>&#8220;O, SS general\u0131 formas\u0131 da\u015f\u0131y\u0131b, SS erm\u0259ni legionunun yarad\u0131c\u0131lar\u0131ndan biri olub. M\u0259nim \u00fc\u00e7\u00fcn onun tarixd\u0259ki rolu \u015f\u00fcbh\u0259 do\u011furmur. M\u0259n ist\u0259m\u0259zdim ki, Qaregin Njdenin \u015f\u0259xsiyy\u0259ti Rusiya il\u0259 Erm\u0259nistan aras\u0131ndak\u0131 m\u00fcnasib\u0259tl\u0259r\u0259 ziyan vursun. Amma t\u0259sdiq etm\u0259k laz\u0131md\u0131r ki, \u0130kinci D\u00fcnya M\u00fcharib\u0259si ill\u0259rind\u0259 o, nasist Almaniyas\u0131 il\u0259 \u0259m\u0259kda\u015fl\u0131q edib. M\u0259nim \u00fc\u00e7\u00fcn onun rolu birm\u0259nal\u0131d\u0131r&#8221;.<\/p>\n","protected":false},"excerpt":{"rendered":"<p>&#8220;Biz fa\u015fist \u0259lalt\u0131lar\u0131na b\u0259ra\u0259t qazand\u0131rma\u011fa \u00e7al\u0131\u015fanlara, el\u0259c\u0259 d\u0259 tarixi yenid\u0259n yazmaq ist\u0259y\u0259nl\u0259r\u0259 q\u0259tiyy\u0259tl\u0259 qar\u015f\u0131 \u00e7\u0131x\u0131r\u0131q&#8221;. ARANTV.AZ\u00a0\u00a0Trend-\u0259 istinad\u0259n x\u0259b\u0259r verir ki, bunu Rusiya Federasiya \u015euras\u0131 s\u0259drinin birinci m\u00fcavini Vladimir Cabarov Armavir \u015f\u0259h\u0259rind\u0259 Qaregin Njdenin xatir\u0259 l\u00f6vh\u0259sinin s\u00f6k\u00fclm\u0259sini \u015f\u0259rh ed\u0259rk\u0259n deyib. O, Njde il\u0259 ba\u011fl\u0131 m\u00f6vqeyini \u0259vv\u0259ld\u0259n a\u00e7\u0131qlad\u0131\u011f\u0131n\u0131 deyib: &#8220;O, SS general\u0131 formas\u0131 da\u015f\u0131y\u0131b, SS erm\u0259ni legionunun yarad\u0131c\u0131lar\u0131ndan biri olub. M\u0259nim \u00fc\u00e7\u00fcn onun tarixd\u0259ki rolu \u015f\u00fcbh\u0259 do\u011furmur. M\u0259n ist\u0259m\u0259zdim ki, Qaregin Njdenin \u015f\u0259xsiyy\u0259ti Rusiya il\u0259 Erm\u0259nistan aras\u0131ndak\u0131 m\u00fcnasib\u0259tl\u0259r\u0259 ziyan vursun. Amma t\u0259sdiq etm\u0259k laz\u0131md\u0131r ki, \u0130kinci D\u00fcnya M\u00fcharib\u0259si ill\u0259rind\u0259 o, nasist Almaniyas\u0131&hellip;<\/p>\n","protected":false},"author":2,"featured_media":104724,"comment_status":"closed","ping_status":"closed","sticky":false,"template":"","format":"standard","meta":{"om_disable_all_campaigns":false,"_monsterinsights_skip_tracking":false,"_monsterinsights_sitenote_active":false,"_monsterinsights_sitenote_note":"","_monsterinsights_sitenote_category":0},"categories":[4],"tags":[],"aioseo_notices":[],"gutentor_comment":0,"rttpg_featured_image_url":{"full":["https:\/\/arantv.az\/wp-content\/uploads\/2019\/12\/808562.jpg",800,600,false],"landscape":["https:\/\/arantv.az\/wp-content\/uploads\/2019\/12\/808562.jpg",800,600,false],"portraits":["https:\/\/arantv.az\/wp-content\/uploads\/2019\/12\/808562.jpg",800,600,false],"thumbnail":["https:\/\/arantv.az\/wp-content\/uploads\/2019\/12\/808562-150x150.jpg",150,150,true],"medium":["https:\/\/arantv.az\/wp-content\/uploads\/2019\/12\/808562-300x225.jpg",300,225,true],"large":["https:\/\/arantv.az\/wp-content\/uploads\/2019\/12\/808562.jpg",640,480,false],"1536x1536":["https:\/\/arantv.az\/wp-content\/uploads\/2019\/12\/808562.jpg",800,600,false],"2048x2048":["https:\/\/arantv.az\/wp-content\/uploads\/2019\/12\/808562.jpg",800,600,false],"post-thumbnail":["https:\/\/arantv.az\/wp-content\/uploads\/2019\/12\/808562-240x172.jpg",240,172,true],"advps-thumb-one":["https:\/\/arantv.az\/wp-content\/uploads\/2019\/12\/808562.jpg",800,600,false]},"rttpg_author":{"display_name":"V\u00fcsal Rafiqo\u011flu","author_link":"https:\/\/arantv.az\/?author=2"},"rttpg_comment":0,"rttpg_category":"<a href=\"https:\/\/arantv.az\/?cat=4\" rel=\"category\">Siyas\u0259t<\/a>","rttpg_excerpt":"&#8220;Biz fa\u015fist \u0259lalt\u0131lar\u0131na b\u0259ra\u0259t qazand\u0131rma\u011fa \u00e7al\u0131\u015fanlara, el\u0259c\u0259 d\u0259 tarixi yenid\u0259n yazmaq ist\u0259y\u0259nl\u0259r\u0259 q\u0259tiyy\u0259tl\u0259 qar\u015f\u0131 \u00e7\u0131x\u0131r\u0131q&#8221;. ARANTV.AZ\u00a0\u00a0Trend-\u0259 istinad\u0259n x\u0259b\u0259r verir ki, bunu Rusiya Federasiya \u015euras\u0131 s\u0259drinin birinci m\u00fcavini Vladimir Cabarov Armavir \u015f\u0259h\u0259rind\u0259 Qaregin Njdenin xatir\u0259 l\u00f6vh\u0259sinin s\u00f6k\u00fclm\u0259sini \u015f\u0259rh ed\u0259rk\u0259n deyib. O, Njde il\u0259 ba\u011fl\u0131 m\u00f6vqeyini \u0259vv\u0259ld\u0259n a\u00e7\u0131qlad\u0131\u011f\u0131n\u0131 deyib: &#8220;O, SS general\u0131 formas\u0131 da\u015f\u0131y\u0131b, SS erm\u0259ni legionunun&hellip;","_links":{"self":[{"href":"https:\/\/arantv.az\/index.php?rest_route=\/wp\/v2\/posts\/104723"}],"collection":[{"href":"https:\/\/arantv.az\/index.php?rest_route=\/wp\/v2\/posts"}],"about":[{"href":"https:\/\/arantv.az\/index.php?rest_route=\/wp\/v2\/types\/post"}],"author":[{"embeddable":true,"href":"https:\/\/arantv.az\/index.php?rest_route=\/wp\/v2\/users\/2"}],"replies":[{"embeddable":true,"href":"https:\/\/arantv.az\/index.php?rest_route=%2Fwp%2Fv2%2Fcomments&post=104723"}],"version-history":[{"count":0,"href":"https:\/\/arantv.az\/index.php?rest_route=\/wp\/v2\/posts\/104723\/revisions"}],"wp:featuredmedia":[{"embeddable":true,"href":"https:\/\/arantv.az\/index.php?rest_route=\/wp\/v2\/media\/104724"}],"wp:attachment":[{"href":"https:\/\/arantv.az\/index.php?rest_route=%2Fwp%2Fv2%2Fmedia&parent=104723"}],"wp:term":[{"taxonomy":"category","embeddable":true,"href":"https:\/\/arantv.az\/index.php?rest_route=%2Fwp%2Fv2%2Fcategories&post=104723"},{"taxonomy":"post_tag","embeddable":true,"href":"https:\/\/arantv.az\/index.php?rest_route=%2Fwp%2Fv2%2Ftags&post=104723"}],"curies":[{"name":"wp","href":"https:\/\/api.w.org\/{rel}","templated":true}]}}