{"id":104745,"date":"2019-12-07T11:17:13","date_gmt":"2019-12-07T08:17:13","guid":{"rendered":"http:\/\/arantv.az\/?p=104745"},"modified":"2019-12-07T11:17:13","modified_gmt":"2019-12-07T08:17:13","slug":"v%c9%99zif%c9%99d%c9%99n-azad-edil%c9%99n-m%c9%99mur-m%c9%99sul-katib-oldu","status":"publish","type":"post","link":"https:\/\/arantv.az\/?p=104745","title":{"rendered":"V\u0259zif\u0259d\u0259n azad edil\u0259n m\u0259mur m\u0259sul katib oldu"},"content":{"rendered":"<p><strong>Goranboy rayon \u0130cra Hakimiyy\u0259tind\u0259 n\u00f6vb\u0259ti t\u0259yinat olub.\u00a0<\/strong><\/p>\n<p><strong>ARANTV.AZ<\/strong> qafqazinfo-ya istinad\u0259n\u00a0x\u0259b\u0259r verir ki, \u0130cra ba\u015f\u00e7\u0131s\u0131n\u0131n \u0259mrin\u0259 \u0259sas\u0259n, El\u00e7in Xanlar o\u011flu Cahangirov Yetkinlik ya\u015f\u0131na \u00e7atmayanlar\u0131n i\u015fl\u0259ri v\u0259 h\u00fcquqlar\u0131n\u0131n m\u00fcdafi\u0259si \u00fczr\u0259 komissiyan\u0131n m\u0259sul katibi t\u0259yin edilib.<\/p>\n<p>Qeyd ed\u0259k ki, E.Cahangirov may ay\u0131nda Goranboy rayon \u0130cra Hakimiyy\u0259tinin birinci m\u00fcavini v\u0259zif\u0259sind\u0259n azad edilmi\u015fdi.<\/p>\n","protected":false},"excerpt":{"rendered":"<p>Goranboy rayon \u0130cra Hakimiyy\u0259tind\u0259 n\u00f6vb\u0259ti t\u0259yinat olub.\u00a0 ARANTV.AZ qafqazinfo-ya istinad\u0259n\u00a0x\u0259b\u0259r verir ki, \u0130cra ba\u015f\u00e7\u0131s\u0131n\u0131n \u0259mrin\u0259 \u0259sas\u0259n, El\u00e7in Xanlar o\u011flu Cahangirov Yetkinlik ya\u015f\u0131na \u00e7atmayanlar\u0131n i\u015fl\u0259ri v\u0259 h\u00fcquqlar\u0131n\u0131n m\u00fcdafi\u0259si \u00fczr\u0259 komissiyan\u0131n m\u0259sul katibi t\u0259yin edilib. Qeyd ed\u0259k ki, E.Cahangirov may ay\u0131nda Goranboy rayon \u0130cra Hakimiyy\u0259tinin birinci m\u00fcavini v\u0259zif\u0259sind\u0259n azad edilmi\u015fdi.<\/p>\n","protected":false},"author":2,"featured_media":104746,"comment_status":"closed","ping_status":"closed","sticky":false,"template":"","format":"standard","meta":{"om_disable_all_campaigns":false,"_monsterinsights_skip_tracking":false,"_monsterinsights_sitenote_active":false,"_monsterinsights_sitenote_note":"","_monsterinsights_sitenote_category":0},"categories":[1],"tags":[],"aioseo_notices":[],"gutentor_comment":0,"rttpg_featured_image_url":{"full":["https:\/\/arantv.az\/wp-content\/uploads\/2019\/12\/808531.jpg",800,600,false],"landscape":["https:\/\/arantv.az\/wp-content\/uploads\/2019\/12\/808531.jpg",800,600,false],"portraits":["https:\/\/arantv.az\/wp-content\/uploads\/2019\/12\/808531.jpg",800,600,false],"thumbnail":["https:\/\/arantv.az\/wp-content\/uploads\/2019\/12\/808531-150x150.jpg",150,150,true],"medium":["https:\/\/arantv.az\/wp-content\/uploads\/2019\/12\/808531-300x225.jpg",300,225,true],"large":["https:\/\/arantv.az\/wp-content\/uploads\/2019\/12\/808531.jpg",640,480,false],"1536x1536":["https:\/\/arantv.az\/wp-content\/uploads\/2019\/12\/808531.jpg",800,600,false],"2048x2048":["https:\/\/arantv.az\/wp-content\/uploads\/2019\/12\/808531.jpg",800,600,false],"post-thumbnail":["https:\/\/arantv.az\/wp-content\/uploads\/2019\/12\/808531-240x172.jpg",240,172,true],"advps-thumb-one":["https:\/\/arantv.az\/wp-content\/uploads\/2019\/12\/808531.jpg",800,600,false]},"rttpg_author":{"display_name":"V\u00fcsal Rafiqo\u011flu","author_link":"https:\/\/arantv.az\/?author=2"},"rttpg_comment":0,"rttpg_category":"<a href=\"https:\/\/arantv.az\/?cat=1\" rel=\"category\">C\u0259miyy\u0259t<\/a>","rttpg_excerpt":"Goranboy rayon \u0130cra Hakimiyy\u0259tind\u0259 n\u00f6vb\u0259ti t\u0259yinat olub.\u00a0 ARANTV.AZ qafqazinfo-ya istinad\u0259n\u00a0x\u0259b\u0259r verir ki, \u0130cra ba\u015f\u00e7\u0131s\u0131n\u0131n \u0259mrin\u0259 \u0259sas\u0259n, El\u00e7in Xanlar o\u011flu Cahangirov Yetkinlik ya\u015f\u0131na \u00e7atmayanlar\u0131n i\u015fl\u0259ri v\u0259 h\u00fcquqlar\u0131n\u0131n m\u00fcdafi\u0259si \u00fczr\u0259 komissiyan\u0131n m\u0259sul katibi t\u0259yin edilib. Qeyd ed\u0259k ki, E.Cahangirov may ay\u0131nda Goranboy rayon \u0130cra Hakimiyy\u0259tinin birinci m\u00fcavini v\u0259zif\u0259sind\u0259n azad edilmi\u015fdi.","_links":{"self":[{"href":"https:\/\/arantv.az\/index.php?rest_route=\/wp\/v2\/posts\/104745"}],"collection":[{"href":"https:\/\/arantv.az\/index.php?rest_route=\/wp\/v2\/posts"}],"about":[{"href":"https:\/\/arantv.az\/index.php?rest_route=\/wp\/v2\/types\/post"}],"author":[{"embeddable":true,"href":"https:\/\/arantv.az\/index.php?rest_route=\/wp\/v2\/users\/2"}],"replies":[{"embeddable":true,"href":"https:\/\/arantv.az\/index.php?rest_route=%2Fwp%2Fv2%2Fcomments&post=104745"}],"version-history":[{"count":0,"href":"https:\/\/arantv.az\/index.php?rest_route=\/wp\/v2\/posts\/104745\/revisions"}],"wp:featuredmedia":[{"embeddable":true,"href":"https:\/\/arantv.az\/index.php?rest_route=\/wp\/v2\/media\/104746"}],"wp:attachment":[{"href":"https:\/\/arantv.az\/index.php?rest_route=%2Fwp%2Fv2%2Fmedia&parent=104745"}],"wp:term":[{"taxonomy":"category","embeddable":true,"href":"https:\/\/arantv.az\/index.php?rest_route=%2Fwp%2Fv2%2Fcategories&post=104745"},{"taxonomy":"post_tag","embeddable":true,"href":"https:\/\/arantv.az\/index.php?rest_route=%2Fwp%2Fv2%2Ftags&post=104745"}],"curies":[{"name":"wp","href":"https:\/\/api.w.org\/{rel}","templated":true}]}}