{"id":104753,"date":"2019-12-07T11:41:22","date_gmt":"2019-12-07T08:41:22","guid":{"rendered":"http:\/\/arantv.az\/?p=104753"},"modified":"2019-12-07T11:41:22","modified_gmt":"2019-12-07T08:41:22","slug":"m%c9%99zahir-p%c9%99nahov-secilm%c9%99k-arzusunda-olan-v%c9%99t%c9%99ndaslarimiz-muraci%c9%99t-ed%c9%99-bil%c9%99rl%c9%99r","status":"publish","type":"post","link":"https:\/\/arantv.az\/?p=104753","title":{"rendered":"M\u0259zahir P\u0259nahov: &#8220;Se\u00e7ilm\u0259k arzusunda olan v\u0259t\u0259nda\u015flar\u0131m\u0131z m\u00fcraci\u0259t ed\u0259 bil\u0259rl\u0259r&#8221;"},"content":{"rendered":"<p><strong>Prezident \u0130lham \u018fliyevin n\u00f6vb\u0259d\u0259nk\u0259nar parlament se\u00e7kil\u0259rinin ke\u00e7irilm\u0259si il\u0259 ba\u011fl\u0131 s\u0259r\u0259ncam\u0131 r\u0259smi \u015f\u0259kild\u0259 ictimaiyy\u0259t\u0259 \u00e7atd\u0131r\u0131l\u0131b v\u0259 se\u00e7ilm\u0259k arzusunda olan v\u0259t\u0259nda\u015flar namiz\u0259dlikl\u0259rini ir\u0259li s\u00fcr\u0259 bil\u0259rl\u0259r.<\/strong><\/p>\n<p><strong>ARANTV.AZ<\/strong>\u00a0<a href=\"https:\/\/az.trend.az\/\" target=\"_blank\" rel=\"noopener\">Trend<\/a>-\u0259 istinad\u0259n x\u0259b\u0259r verir ki, bu bar\u0259d\u0259 M\u0259rk\u0259zi Se\u00e7ki Komissiyas\u0131n\u0131n (MSK) s\u0259dri M\u0259zahir P\u0259nahov Az\u0259rbaycan Televiziyas\u0131na m\u0259lumat verib.<\/p>\n<p>MSK s\u0259dri qeyd edib: &#8220;Se\u00e7ilm\u0259k arzusunda olan v\u0259t\u0259nda\u015flar\u0131m\u0131z m\u00fcraci\u0259t edib m\u00fcvafiq s\u0259n\u0259dl\u0259ri g\u00f6t\u00fcr\u00fcb \u00f6z f\u0259aliyy\u0259tl\u0259rin\u0259 ba\u015flaya bil\u0259rl\u0259r&#8221;.<\/p>\n<p>M.P\u0259nahov bildirib ki, MSK-n\u0131n iclas\u0131nda n\u00f6vb\u0259d\u0259nk\u0259nar parlament se\u00e7kil\u0259ri il\u0259 ba\u011fl\u0131 m\u0259s\u0259l\u0259l\u0259r\u0259 bax\u0131lacaq, m\u00fcvafiq i\u015f\u00e7i qruplar\u0131 yarad\u0131lacaq v\u0259 se\u00e7kil\u0259rl\u0259 ba\u011fl\u0131 T\u0259qvim plan\u0131 t\u0259sdiq olunacaq.<\/p>\n<p>Qeyd ed\u0259k ki, Az\u0259rbaycanda n\u00f6vb\u0259d\u0259nk\u0259nar parlament se\u00e7kil\u0259ri 2020-ci il fevral\u0131n 9-da ke\u00e7iril\u0259c\u0259k.<\/p>\n","protected":false},"excerpt":{"rendered":"<p>Prezident \u0130lham \u018fliyevin n\u00f6vb\u0259d\u0259nk\u0259nar parlament se\u00e7kil\u0259rinin ke\u00e7irilm\u0259si il\u0259 ba\u011fl\u0131 s\u0259r\u0259ncam\u0131 r\u0259smi \u015f\u0259kild\u0259 ictimaiyy\u0259t\u0259 \u00e7atd\u0131r\u0131l\u0131b v\u0259 se\u00e7ilm\u0259k arzusunda olan v\u0259t\u0259nda\u015flar namiz\u0259dlikl\u0259rini ir\u0259li s\u00fcr\u0259 bil\u0259rl\u0259r. ARANTV.AZ\u00a0Trend-\u0259 istinad\u0259n x\u0259b\u0259r verir ki, bu bar\u0259d\u0259 M\u0259rk\u0259zi Se\u00e7ki Komissiyas\u0131n\u0131n (MSK) s\u0259dri M\u0259zahir P\u0259nahov Az\u0259rbaycan Televiziyas\u0131na m\u0259lumat verib. MSK s\u0259dri qeyd edib: &#8220;Se\u00e7ilm\u0259k arzusunda olan v\u0259t\u0259nda\u015flar\u0131m\u0131z m\u00fcraci\u0259t edib m\u00fcvafiq s\u0259n\u0259dl\u0259ri g\u00f6t\u00fcr\u00fcb \u00f6z f\u0259aliyy\u0259tl\u0259rin\u0259 ba\u015flaya bil\u0259rl\u0259r&#8221;. M.P\u0259nahov bildirib ki, MSK-n\u0131n iclas\u0131nda n\u00f6vb\u0259d\u0259nk\u0259nar parlament se\u00e7kil\u0259ri il\u0259 ba\u011fl\u0131 m\u0259s\u0259l\u0259l\u0259r\u0259 bax\u0131lacaq, m\u00fcvafiq i\u015f\u00e7i qruplar\u0131 yarad\u0131lacaq v\u0259 se\u00e7kil\u0259rl\u0259 ba\u011fl\u0131 T\u0259qvim plan\u0131 t\u0259sdiq olunacaq. Qeyd ed\u0259k ki, Az\u0259rbaycanda n\u00f6vb\u0259d\u0259nk\u0259nar parlament se\u00e7kil\u0259ri 2020-ci il&hellip;<\/p>\n","protected":false},"author":2,"featured_media":104754,"comment_status":"closed","ping_status":"closed","sticky":false,"template":"","format":"standard","meta":{"om_disable_all_campaigns":false,"_monsterinsights_skip_tracking":false,"_monsterinsights_sitenote_active":false,"_monsterinsights_sitenote_note":"","_monsterinsights_sitenote_category":0},"categories":[4],"tags":[],"aioseo_notices":[],"gutentor_comment":0,"rttpg_featured_image_url":{"full":["https:\/\/arantv.az\/wp-content\/uploads\/2019\/12\/mezahir_penahov_012.jpg",800,600,false],"landscape":["https:\/\/arantv.az\/wp-content\/uploads\/2019\/12\/mezahir_penahov_012.jpg",800,600,false],"portraits":["https:\/\/arantv.az\/wp-content\/uploads\/2019\/12\/mezahir_penahov_012.jpg",800,600,false],"thumbnail":["https:\/\/arantv.az\/wp-content\/uploads\/2019\/12\/mezahir_penahov_012-150x150.jpg",150,150,true],"medium":["https:\/\/arantv.az\/wp-content\/uploads\/2019\/12\/mezahir_penahov_012-300x225.jpg",300,225,true],"large":["https:\/\/arantv.az\/wp-content\/uploads\/2019\/12\/mezahir_penahov_012.jpg",640,480,false],"1536x1536":["https:\/\/arantv.az\/wp-content\/uploads\/2019\/12\/mezahir_penahov_012.jpg",800,600,false],"2048x2048":["https:\/\/arantv.az\/wp-content\/uploads\/2019\/12\/mezahir_penahov_012.jpg",800,600,false],"post-thumbnail":["https:\/\/arantv.az\/wp-content\/uploads\/2019\/12\/mezahir_penahov_012-240x172.jpg",240,172,true],"advps-thumb-one":["https:\/\/arantv.az\/wp-content\/uploads\/2019\/12\/mezahir_penahov_012.jpg",800,600,false]},"rttpg_author":{"display_name":"V\u00fcsal Rafiqo\u011flu","author_link":"https:\/\/arantv.az\/?author=2"},"rttpg_comment":0,"rttpg_category":"<a href=\"https:\/\/arantv.az\/?cat=4\" rel=\"category\">Siyas\u0259t<\/a>","rttpg_excerpt":"Prezident \u0130lham \u018fliyevin n\u00f6vb\u0259d\u0259nk\u0259nar parlament se\u00e7kil\u0259rinin ke\u00e7irilm\u0259si il\u0259 ba\u011fl\u0131 s\u0259r\u0259ncam\u0131 r\u0259smi \u015f\u0259kild\u0259 ictimaiyy\u0259t\u0259 \u00e7atd\u0131r\u0131l\u0131b v\u0259 se\u00e7ilm\u0259k arzusunda olan v\u0259t\u0259nda\u015flar namiz\u0259dlikl\u0259rini ir\u0259li s\u00fcr\u0259 bil\u0259rl\u0259r. ARANTV.AZ\u00a0Trend-\u0259 istinad\u0259n x\u0259b\u0259r verir ki, bu bar\u0259d\u0259 M\u0259rk\u0259zi Se\u00e7ki Komissiyas\u0131n\u0131n (MSK) s\u0259dri M\u0259zahir P\u0259nahov Az\u0259rbaycan Televiziyas\u0131na m\u0259lumat verib. MSK s\u0259dri qeyd edib: &#8220;Se\u00e7ilm\u0259k arzusunda olan v\u0259t\u0259nda\u015flar\u0131m\u0131z m\u00fcraci\u0259t edib m\u00fcvafiq s\u0259n\u0259dl\u0259ri g\u00f6t\u00fcr\u00fcb \u00f6z&hellip;","_links":{"self":[{"href":"https:\/\/arantv.az\/index.php?rest_route=\/wp\/v2\/posts\/104753"}],"collection":[{"href":"https:\/\/arantv.az\/index.php?rest_route=\/wp\/v2\/posts"}],"about":[{"href":"https:\/\/arantv.az\/index.php?rest_route=\/wp\/v2\/types\/post"}],"author":[{"embeddable":true,"href":"https:\/\/arantv.az\/index.php?rest_route=\/wp\/v2\/users\/2"}],"replies":[{"embeddable":true,"href":"https:\/\/arantv.az\/index.php?rest_route=%2Fwp%2Fv2%2Fcomments&post=104753"}],"version-history":[{"count":0,"href":"https:\/\/arantv.az\/index.php?rest_route=\/wp\/v2\/posts\/104753\/revisions"}],"wp:featuredmedia":[{"embeddable":true,"href":"https:\/\/arantv.az\/index.php?rest_route=\/wp\/v2\/media\/104754"}],"wp:attachment":[{"href":"https:\/\/arantv.az\/index.php?rest_route=%2Fwp%2Fv2%2Fmedia&parent=104753"}],"wp:term":[{"taxonomy":"category","embeddable":true,"href":"https:\/\/arantv.az\/index.php?rest_route=%2Fwp%2Fv2%2Fcategories&post=104753"},{"taxonomy":"post_tag","embeddable":true,"href":"https:\/\/arantv.az\/index.php?rest_route=%2Fwp%2Fv2%2Ftags&post=104753"}],"curies":[{"name":"wp","href":"https:\/\/api.w.org\/{rel}","templated":true}]}}