{"id":104757,"date":"2019-12-07T11:44:43","date_gmt":"2019-12-07T08:44:43","guid":{"rendered":"http:\/\/arantv.az\/?p=104757"},"modified":"2019-12-07T11:44:43","modified_gmt":"2019-12-07T08:44:43","slug":"az%c9%99rbaycanda-qeyri-adi-q%c9%99za-foto","status":"publish","type":"post","link":"https:\/\/arantv.az\/?p=104757","title":{"rendered":"Az\u0259rbaycanda qeyri-adi q\u0259za &#8211; FOTO"},"content":{"rendered":"<p>Bu g\u00fcn s\u0259h\u0259r saatlar\u0131nda Bak\u0131-\u015eamax\u0131-Yevlax avtomobil yolunun 36-c\u0131 km-d\u0259 yol-n\u0259qliyyat hadis\u0259si ba\u015f verib.<\/p>\n<p>Az\u0259rbaycan Avtomobil Yollar\u0131 D\u00f6vl\u0259t Agentliyinin m\u0259tbuat xidm\u0259tinin r\u0259hb\u0259ri Anar N\u0259c\u0259fli bildirib ki, Bak\u0131 \u015f\u0259h\u0259ri istiqam\u0259tind\u0259 h\u0259r\u0259k\u0259td\u0259 olan Q\u0259b\u0259l\u0259 rayon sakini Maqsud \u018fliyevin idar\u0259 etdiyi, 45 BL 581 d\u00f6vl\u0259t n\u00f6mr\u0259 ni\u015fanl\u0131, \u201cVAZ 21043\u201d markal\u0131 minik ma\u015f\u0131n\u0131 nam\u0259lum s\u0259b\u0259bd\u0259n idar\u0259etm\u0259nin itirilm\u0259si n\u0259tic\u0259sind\u0259 k\u0259narlar\u0131 d\u0259mir-beton mane\u0259l\u0259rl\u0259 ba\u011flanm\u0131\u015f yol ayr\u0131c\u0131na daxil olub.<\/p>\n<p>Xo\u015fb\u0259xtlikd\u0259n x\u0259sar\u0259t alan olmasa da, avtomobil\u0259 v\u0259 yol t\u0259s\u0259rr\u00fcfat\u0131na ziyan d\u0259yib. Q\u0259za zaman\u0131 yol ayr\u0131c\u0131nda olan i\u015f\u0131q dir\u0259kl\u0259rinin ikisi yarars\u0131z hala d\u00fc\u015f\u00fcb.<\/p>\n<div class=\"gallery\">\n<div class=\"gallery-i\"><img src=\"https:\/\/assets.oxu.az\/uploads\/W1siZiIsIjIwMTkvMTIvMDcvMTIvMjYvMDgvOGVhMDU4ZTEtNjY1NC00NTFlLTg5MjMtOGZlY2QzNWE3NzI5Lzc4NjAyMDgwXzExNzUzNDMyMzkzMjU2MTJfMjAxOTYxNDQ1Mjg5NDEzODM2OF9uLmpwZyJdLFsicCIsImVuY29kZSIsImpwZyIsIi1xdWFsaXR5IDgwIl0sWyJwIiwidGh1bWIiLCI1OTB4NTkwXHUwMDNlIl1d?sha=6040cf9996ebcbb9\" alt=\"\" \/><\/p>\n<div class=\"gallery-i-caption\"><\/div>\n<\/div>\n<div class=\"gallery-i\"><img src=\"https:\/\/assets.oxu.az\/uploads\/W1siZiIsIjIwMTkvMTIvMDcvMTIvMjYvMDgvZGFkNmY5ODgtNDc5ZC00NGQ3LThiMTQtNTYwYzkxNDUwZjUwLzc4NTI3NTcyXzExNzUzNDMzNDI2NTg5MzVfNDg4NjQ5MDM2OTc2MTQ3NjYwOF9uLmpwZyJdLFsicCIsImVuY29kZSIsImpwZyIsIi1xdWFsaXR5IDgwIl0sWyJwIiwidGh1bWIiLCI1OTB4NTkwXHUwMDNlIl1d?sha=dd13c769a21fda92\" alt=\"\" \/><\/p>\n<div class=\"gallery-i-caption\"><\/div>\n<\/div>\n<div class=\"gallery-i\"><img src=\"https:\/\/assets.oxu.az\/uploads\/W1siZiIsIjIwMTkvMTIvMDcvMTIvMjYvMDkvZTc3YzNhNDAtN2M4NS00NmUwLWIxOWMtYWZlMDRlYzQwYWUyLzc4ODE4OTk3XzExNzUzNDMzMTI2NTg5MzhfMzU3MjU1MjU4OTkyNjk4OTgyNF9uLmpwZyJdLFsicCIsImVuY29kZSIsImpwZyIsIi1xdWFsaXR5IDgwIl0sWyJwIiwidGh1bWIiLCI1OTB4NTkwXHUwMDNlIl1d?sha=51969a5f988b590e\" alt=\"\" \/><\/p>\n<div class=\"gallery-i-caption\"><\/div>\n<\/div>\n<div class=\"gallery-i\"><img src=\"https:\/\/assets.oxu.az\/uploads\/W1siZiIsIjIwMTkvMTIvMDcvMTIvMjYvMDkvMjNkM2M0YmEtNzAxYS00NjBiLTg0ZjItNmFiNWM2MDU2NTUzLzc5MTM2ODU2XzExNzUzNDMyOTU5OTIyNzNfNzcyNjQyMjYyMTA0NjE3Nzc5Ml9uLmpwZyJdLFsicCIsImVuY29kZSIsImpwZyIsIi1xdWFsaXR5IDgwIl0sWyJwIiwidGh1bWIiLCI1OTB4NTkwXHUwMDNlIl1d?sha=a6d4409d27c63f37\" alt=\"\" \/><\/p>\n<div class=\"gallery-i-caption\"><\/div>\n<\/div>\n<div class=\"gallery-i\"><img src=\"https:\/\/assets.oxu.az\/uploads\/W1siZiIsIjIwMTkvMTIvMDcvMTIvMjYvMDkvYzhmMmM2MzAtMzNjNS00ODcxLTg5MzQtZDNmNThlOGY0MzY2Lzc4MzUwMTc5XzExNzUzNDMyNjI2NTg5NDNfMjY4MTk3MDE1NzM2NjAxODA0OF9uLmpwZyJdLFsicCIsImVuY29kZSIsImpwZyIsIi1xdWFsaXR5IDgwIl0sWyJwIiwidGh1bWIiLCI1OTB4NTkwXHUwMDNlIl1d?sha=c91bd8ab6d0ec583\" alt=\"\" \/><\/div>\n<\/div>\n","protected":false},"excerpt":{"rendered":"<p>Bu g\u00fcn s\u0259h\u0259r saatlar\u0131nda Bak\u0131-\u015eamax\u0131-Yevlax avtomobil yolunun 36-c\u0131 km-d\u0259 yol-n\u0259qliyyat hadis\u0259si ba\u015f verib. Az\u0259rbaycan Avtomobil Yollar\u0131 D\u00f6vl\u0259t Agentliyinin m\u0259tbuat xidm\u0259tinin r\u0259hb\u0259ri Anar N\u0259c\u0259fli bildirib ki, Bak\u0131 \u015f\u0259h\u0259ri istiqam\u0259tind\u0259 h\u0259r\u0259k\u0259td\u0259 olan Q\u0259b\u0259l\u0259 rayon sakini Maqsud \u018fliyevin idar\u0259 etdiyi, 45 BL 581 d\u00f6vl\u0259t n\u00f6mr\u0259 ni\u015fanl\u0131, \u201cVAZ 21043\u201d markal\u0131 minik ma\u015f\u0131n\u0131 nam\u0259lum s\u0259b\u0259bd\u0259n idar\u0259etm\u0259nin itirilm\u0259si n\u0259tic\u0259sind\u0259 k\u0259narlar\u0131 d\u0259mir-beton mane\u0259l\u0259rl\u0259 ba\u011flanm\u0131\u015f yol ayr\u0131c\u0131na daxil olub. Xo\u015fb\u0259xtlikd\u0259n x\u0259sar\u0259t alan olmasa da, avtomobil\u0259 v\u0259 yol t\u0259s\u0259rr\u00fcfat\u0131na ziyan d\u0259yib. Q\u0259za zaman\u0131 yol ayr\u0131c\u0131nda olan i\u015f\u0131q dir\u0259kl\u0259rinin ikisi yarars\u0131z hala d\u00fc\u015f\u00fcb.<\/p>\n","protected":false},"author":2,"featured_media":104758,"comment_status":"closed","ping_status":"closed","sticky":false,"template":"","format":"standard","meta":{"om_disable_all_campaigns":false,"_monsterinsights_skip_tracking":false,"_monsterinsights_sitenote_active":false,"_monsterinsights_sitenote_note":"","_monsterinsights_sitenote_category":0},"categories":[5],"tags":[],"aioseo_notices":[],"gutentor_comment":0,"rttpg_featured_image_url":{"full":["https:\/\/arantv.az\/wp-content\/uploads\/2019\/12\/FotoJet-2.jpg",620,426,false],"landscape":["https:\/\/arantv.az\/wp-content\/uploads\/2019\/12\/FotoJet-2.jpg",620,426,false],"portraits":["https:\/\/arantv.az\/wp-content\/uploads\/2019\/12\/FotoJet-2.jpg",620,426,false],"thumbnail":["https:\/\/arantv.az\/wp-content\/uploads\/2019\/12\/FotoJet-2-150x150.jpg",150,150,true],"medium":["https:\/\/arantv.az\/wp-content\/uploads\/2019\/12\/FotoJet-2-300x206.jpg",300,206,true],"large":["https:\/\/arantv.az\/wp-content\/uploads\/2019\/12\/FotoJet-2.jpg",620,426,false],"1536x1536":["https:\/\/arantv.az\/wp-content\/uploads\/2019\/12\/FotoJet-2.jpg",620,426,false],"2048x2048":["https:\/\/arantv.az\/wp-content\/uploads\/2019\/12\/FotoJet-2.jpg",620,426,false],"post-thumbnail":["https:\/\/arantv.az\/wp-content\/uploads\/2019\/12\/FotoJet-2-240x172.jpg",240,172,true],"advps-thumb-one":["https:\/\/arantv.az\/wp-content\/uploads\/2019\/12\/FotoJet-2.jpg",620,426,false]},"rttpg_author":{"display_name":"V\u00fcsal Rafiqo\u011flu","author_link":"https:\/\/arantv.az\/?author=2"},"rttpg_comment":0,"rttpg_category":"<a href=\"https:\/\/arantv.az\/?cat=5\" rel=\"category\">Hadis\u0259<\/a>","rttpg_excerpt":"Bu g\u00fcn s\u0259h\u0259r saatlar\u0131nda Bak\u0131-\u015eamax\u0131-Yevlax avtomobil yolunun 36-c\u0131 km-d\u0259 yol-n\u0259qliyyat hadis\u0259si ba\u015f verib. Az\u0259rbaycan Avtomobil Yollar\u0131 D\u00f6vl\u0259t Agentliyinin m\u0259tbuat xidm\u0259tinin r\u0259hb\u0259ri Anar N\u0259c\u0259fli bildirib ki, Bak\u0131 \u015f\u0259h\u0259ri istiqam\u0259tind\u0259 h\u0259r\u0259k\u0259td\u0259 olan Q\u0259b\u0259l\u0259 rayon sakini Maqsud \u018fliyevin idar\u0259 etdiyi, 45 BL 581 d\u00f6vl\u0259t n\u00f6mr\u0259 ni\u015fanl\u0131, \u201cVAZ 21043\u201d markal\u0131 minik ma\u015f\u0131n\u0131 nam\u0259lum s\u0259b\u0259bd\u0259n idar\u0259etm\u0259nin itirilm\u0259si n\u0259tic\u0259sind\u0259 k\u0259narlar\u0131 d\u0259mir-beton&hellip;","_links":{"self":[{"href":"https:\/\/arantv.az\/index.php?rest_route=\/wp\/v2\/posts\/104757"}],"collection":[{"href":"https:\/\/arantv.az\/index.php?rest_route=\/wp\/v2\/posts"}],"about":[{"href":"https:\/\/arantv.az\/index.php?rest_route=\/wp\/v2\/types\/post"}],"author":[{"embeddable":true,"href":"https:\/\/arantv.az\/index.php?rest_route=\/wp\/v2\/users\/2"}],"replies":[{"embeddable":true,"href":"https:\/\/arantv.az\/index.php?rest_route=%2Fwp%2Fv2%2Fcomments&post=104757"}],"version-history":[{"count":0,"href":"https:\/\/arantv.az\/index.php?rest_route=\/wp\/v2\/posts\/104757\/revisions"}],"wp:featuredmedia":[{"embeddable":true,"href":"https:\/\/arantv.az\/index.php?rest_route=\/wp\/v2\/media\/104758"}],"wp:attachment":[{"href":"https:\/\/arantv.az\/index.php?rest_route=%2Fwp%2Fv2%2Fmedia&parent=104757"}],"wp:term":[{"taxonomy":"category","embeddable":true,"href":"https:\/\/arantv.az\/index.php?rest_route=%2Fwp%2Fv2%2Fcategories&post=104757"},{"taxonomy":"post_tag","embeddable":true,"href":"https:\/\/arantv.az\/index.php?rest_route=%2Fwp%2Fv2%2Ftags&post=104757"}],"curies":[{"name":"wp","href":"https:\/\/api.w.org\/{rel}","templated":true}]}}