{"id":104849,"date":"2019-12-07T13:57:57","date_gmt":"2019-12-07T10:57:57","guid":{"rendered":"http:\/\/arantv.az\/?p=104849"},"modified":"2019-12-07T13:57:57","modified_gmt":"2019-12-07T10:57:57","slug":"m%c9%99rd%c9%99kan-sosesind%c9%99-oluml%c9%99-uz-uz%c9%99-reportaj","status":"publish","type":"post","link":"https:\/\/arantv.az\/?p=104849","title":{"rendered":"M\u0259rd\u0259kan \u015fosesind\u0259 \u00f6l\u00fcml\u0259 \u00fcz-\u00fcz\u0259 &#8211; REPORTAJ"},"content":{"rendered":"<p>Bura \u00e7oxlar\u0131m\u0131za tan\u0131\u015f olan tez-tez piyada\u00a0 vurulmas\u0131 hallar\u0131n\u0131n ba\u015f verdiyi M\u0259rd\u0259kan \u015fosesi il\u0259 Qala-Pirallah\u0131 yolunun k\u0259si\u015fm\u0259sidir.<\/p>\n<p>10 ild\u0259n art\u0131qd\u0131r bu stareji \u0259h\u0259miyy\u0259tli magistral yol sal\u0131nanda \u0259traf \u0259razil\u0259rd\u0259 dem\u0259k olar ki, ya\u015fay\u0131\u015f yerl\u0259ri yox idi. Lakin \u0259halinin s\u00fcr\u0259tli art\u0131m tempi v\u0259 urbanizas\u0131ya n\u0259tic\u0259sind\u0259 az\u0131 son be\u015f ild\u0259 yolun k\u0259nar\u0131nda yeni ya\u015fay\u0131\u015f yerl\u0259ri sal\u0131n\u0131b, \u0259hali \u00e7oxal\u0131b.<\/p>\n<p>Baku.Tv-nin \u201cX\u0259b\u0259r\u201d burax\u0131l\u0131\u015f\u0131nda yay\u0131mlanan sujetd\u0259 qeyd olunub ki, yol boyunca bir ne\u00e7\u0259 n\u00f6qt\u0259d\u0259 avtobus dayanacaqlar\u0131 olsa da, sakinl\u0259rin bir t\u0259r\u0259fd\u0259n qar\u015f\u0131 t\u0259r\u0259f\u0259 ke\u00e7m\u0259si n\u0259z\u0259r\u0259 al\u0131nmay\u0131b. M\u0259rd\u0259kan \u015fosesinin Qala-Pirallah\u0131 yolu il\u0259 k\u0259si\u015fm\u0259sind\u0259ki bu ac\u0131nacaql\u0131 m\u0259nz\u0259r\u0259 problemi tam \u015f\u0259kild\u0259 ortaya qoyur. \u015e\u0259h\u0259r\u0259 getm\u0259k ist\u0259y\u0259n sakinl\u0259r s\u00fcr\u0259t h\u0259ddi 120 kilometr m\u00fc\u0259yy\u0259n edilmi\u015f bu s\u0259kkiz zolaql\u0131 yolu h\u0259yatlar\u0131 bahas\u0131na ke\u00e7m\u0259k m\u0259cburiyy\u0259tind\u0259 qal\u0131rlar.<\/p>\n<p>Sakinl\u0259rin s\u00f6zl\u0259rin\u0259 g\u00f6r\u0259, h\u0259r il bu yolda piyadalar\u0131n \u00f6l\u00fcm\u00fc il\u0259 n\u0259tic\u0259l\u0259n onlarla q\u0259za hadis\u0259si ya\u015fan\u0131r:<\/p>\n<div id=\"AdviadNativeVideo0\" class=\"AdviadNativeVideo\"><\/div>\n<p>\u201cLakin 5 ildir ki, aidiyyat\u0131 qurumlar burada yer\u00fcst\u00fc v\u0259 ya yeralt\u0131 piyada ke\u00e7idinin in\u015fas\u0131 il\u0259 ba\u011fl\u0131 q\u0259rar ver\u0259 bilmirl\u0259r.<\/p>\n<p>H\u0259r ay bir ne\u00e7\u0259 piyadan\u0131 ma\u015f\u0131n vurur burda, qorxu i\u00e7ind\u0259 ke\u00e7irik yolu. Yolu ke\u00e7m\u0259k \u00fc\u00e7\u00fcn ya h\u0259yat\u0131m\u0131z\u0131 risq\u0259 atmal\u0131y\u0131q ya da \u0259lav\u0259 pul verib gedib iki kilometr yol f\u0131rlan\u0131b g\u0259lm\u0259liyik\u201d.<\/p>\n<p>Sakinl\u0259r h\u0259r an t\u0259hl\u00fck\u0259 alt\u0131nda qald\u0131qlar\u0131n\u0131 bildiribl\u0259r: \u201cD\u00f6vl\u0259t ba\u015f\u00e7\u0131s\u0131 h\u0259r g\u00fcn v\u0259sait ay\u0131r\u0131r, amma pulu yeyirl\u0259r\u201d.<\/p>\n<p>\u015e\u0259h\u0259rd\u0259 yol h\u0259r\u0259k\u0259tinin t\u0259\u015fkili v\u0259 t\u0259hl\u00fck\u0259sizliyin\u0259 cavabdeh olan qurum &#8211; Bak\u0131 N\u0259qliyyat Agentliyi, habel\u0259 ke\u00e7idl\u0259rin tikintisi h\u0259yaya ke\u00e7ir\u0259n qurum &#8211; Az\u0259rbaycan Avtomobil Yollar\u0131 D\u00f6vl\u0259t Agentliyind\u0259n bildiril\u0259r ki, bununla ba\u011fl\u0131 Nazirl\u0259r Kabineti Yol H\u0259r\u0259k\u0259ti T\u0259hl\u00fck\u0259sizliyi komissiyas\u0131 t\u0259klif haz\u0131rlay\u0131b v\u0259 h\u00f6kum\u0259t\u0259 t\u0259qdim edilib.<\/p>\n<p>BNA s\u00f6z\u00e7\u00fcs\u00fc Mais A\u011fayevin s\u00f6zl\u0259rin\u0259 g\u00f6r\u0259, Yol t\u0259hl\u00fck\u0259sizliyi komissiyas\u0131na s\u00f6z\u00fcged\u0259n \u0259razi d\u0259 daxil olmaqla 41 yerd\u0259 piyada ke\u00e7idinin in\u015fas\u0131 il\u0259 ba\u011fl\u0131 g\u00f6nd\u0259ril\u0259n t\u0259klifl\u0259r q\u0259bul olunub.<\/p>\n<p>Lakin \u0259sas sual ondan ibar\u0259tdir ki, ke\u00e7idi salmaq \u00fc\u00e7\u00fcn niy\u0259 ill\u0259rl\u0259 g\u00f6zl\u0259m\u0259k laz\u0131md\u0131r? D\u00f6vl\u0259t v\u0259t\u0259nda\u015flar\u0131n t\u0259hl\u00fck\u0259sizliyi \u00fc\u00e7\u00fcn k\u00fclli miqdarda v\u0259sait ay\u0131r\u0131rsa, niy\u0259 i\u015f icra olunmur? Piyada ke\u00e7idl\u0259rinin in\u015fas\u0131n\u0131 h\u0259yata ke\u00e7ir\u0259n Avtomobil Yollar\u0131 \u00dczr\u0259 D\u00f6vl\u0259t Agentiyi d\u0259 bildirir ki, yax\u0131n g\u0259l\u0259c\u0259kd\u0259 bu \u0259razid\u0259 ke\u00e7id qura\u015fd\u0131r\u0131lacaq\u2026.<\/p>\n<p>AAYDA-n\u0131n s\u00f6z\u00e7\u00fcs\u00fc Anar N\u0259c\u0259fli is\u0259 qeyd edib ki,\u00a0 s\u00f6z\u00fcged\u0259n \u0259razi v\u0259 ba\u015fqa bir ne\u00e7\u0259 yerd\u0259 piyada ke\u00e7idl\u0259rinin in\u015fas\u0131 il\u0259 ba\u011fl\u0131 t\u0259klifl\u0259r yollan\u0131l\u0131b:<\/p>\n<p>\u201cYax\u0131n g\u0259l\u0259c\u0259kd\u0259 \u0259razid\u0259 piyada ke\u00e7idi qura\u015fd\u0131ralacaq\u201d.<\/p>\n<p>\u0130kinci sual ortaya \u00e7\u0131x\u0131r. Hans\u0131 yax\u0131n g\u0259l\u0259c\u0259k? Bir ay sonra, bir il sonra, yoxsa 10 il sonra? V\u0259 \u0259n vacib sual \u2013 bu ba\u015f\u0131b\u0259lal\u0131 yolda daha n\u0259 q\u0259d\u0259r piyada qar\u015f\u0131 t\u0259r\u0259f\u0259 ke\u00e7\u0259rk\u0259n ma\u015f\u0131n alt\u0131nda qalacaq? Aidiyyat\u0131 qurumlar bu suala cavab tapmaqdansa, vaxt itirm\u0259d\u0259n i\u015f\u0259 ba\u015flasalar yax\u015f\u0131 olar.<\/p>\n<div><iframe loading=\"lazy\" src=\"https:\/\/baku.tv\/embed\/11676?\" width=\"560\" height=\"315\" frameborder=\"0\" allowfullscreen=\"allowfullscreen\" data-mce-fragment=\"1\"><\/iframe><\/div>\n<p>&nbsp;<\/p>\n","protected":false},"excerpt":{"rendered":"<p>Bura \u00e7oxlar\u0131m\u0131za tan\u0131\u015f olan tez-tez piyada\u00a0 vurulmas\u0131 hallar\u0131n\u0131n ba\u015f verdiyi M\u0259rd\u0259kan \u015fosesi il\u0259 Qala-Pirallah\u0131 yolunun k\u0259si\u015fm\u0259sidir. 10 ild\u0259n art\u0131qd\u0131r bu stareji \u0259h\u0259miyy\u0259tli magistral yol sal\u0131nanda \u0259traf \u0259razil\u0259rd\u0259 dem\u0259k olar ki, ya\u015fay\u0131\u015f yerl\u0259ri yox idi. Lakin \u0259halinin s\u00fcr\u0259tli art\u0131m tempi v\u0259 urbanizas\u0131ya n\u0259tic\u0259sind\u0259 az\u0131 son be\u015f ild\u0259 yolun k\u0259nar\u0131nda yeni ya\u015fay\u0131\u015f yerl\u0259ri sal\u0131n\u0131b, \u0259hali \u00e7oxal\u0131b. Baku.Tv-nin \u201cX\u0259b\u0259r\u201d burax\u0131l\u0131\u015f\u0131nda yay\u0131mlanan sujetd\u0259 qeyd olunub ki, yol boyunca bir ne\u00e7\u0259 n\u00f6qt\u0259d\u0259 avtobus dayanacaqlar\u0131 olsa da, sakinl\u0259rin bir t\u0259r\u0259fd\u0259n qar\u015f\u0131 t\u0259r\u0259f\u0259 ke\u00e7m\u0259si n\u0259z\u0259r\u0259 al\u0131nmay\u0131b. M\u0259rd\u0259kan \u015fosesinin Qala-Pirallah\u0131 yolu il\u0259 k\u0259si\u015fm\u0259sind\u0259ki bu ac\u0131nacaql\u0131 m\u0259nz\u0259r\u0259 problemi tam&hellip;<\/p>\n","protected":false},"author":2,"featured_media":104850,"comment_status":"closed","ping_status":"closed","sticky":false,"template":"","format":"standard","meta":{"om_disable_all_campaigns":false,"_monsterinsights_skip_tracking":false,"_monsterinsights_sitenote_active":false,"_monsterinsights_sitenote_note":"","_monsterinsights_sitenote_category":0},"categories":[1],"tags":[],"aioseo_notices":[],"gutentor_comment":0,"rttpg_featured_image_url":{"full":["https:\/\/arantv.az\/wp-content\/uploads\/2019\/12\/79013470_2651149621639437_4850496301848068096_n.jpg",620,349,false],"landscape":["https:\/\/arantv.az\/wp-content\/uploads\/2019\/12\/79013470_2651149621639437_4850496301848068096_n.jpg",620,349,false],"portraits":["https:\/\/arantv.az\/wp-content\/uploads\/2019\/12\/79013470_2651149621639437_4850496301848068096_n.jpg",620,349,false],"thumbnail":["https:\/\/arantv.az\/wp-content\/uploads\/2019\/12\/79013470_2651149621639437_4850496301848068096_n-150x150.jpg",150,150,true],"medium":["https:\/\/arantv.az\/wp-content\/uploads\/2019\/12\/79013470_2651149621639437_4850496301848068096_n-300x169.jpg",300,169,true],"large":["https:\/\/arantv.az\/wp-content\/uploads\/2019\/12\/79013470_2651149621639437_4850496301848068096_n.jpg",620,349,false],"1536x1536":["https:\/\/arantv.az\/wp-content\/uploads\/2019\/12\/79013470_2651149621639437_4850496301848068096_n.jpg",620,349,false],"2048x2048":["https:\/\/arantv.az\/wp-content\/uploads\/2019\/12\/79013470_2651149621639437_4850496301848068096_n.jpg",620,349,false],"post-thumbnail":["https:\/\/arantv.az\/wp-content\/uploads\/2019\/12\/79013470_2651149621639437_4850496301848068096_n-240x172.jpg",240,172,true],"advps-thumb-one":["https:\/\/arantv.az\/wp-content\/uploads\/2019\/12\/79013470_2651149621639437_4850496301848068096_n.jpg",620,349,false]},"rttpg_author":{"display_name":"V\u00fcsal Rafiqo\u011flu","author_link":"https:\/\/arantv.az\/?author=2"},"rttpg_comment":0,"rttpg_category":"<a href=\"https:\/\/arantv.az\/?cat=1\" rel=\"category\">C\u0259miyy\u0259t<\/a>","rttpg_excerpt":"Bura \u00e7oxlar\u0131m\u0131za tan\u0131\u015f olan tez-tez piyada\u00a0 vurulmas\u0131 hallar\u0131n\u0131n ba\u015f verdiyi M\u0259rd\u0259kan \u015fosesi il\u0259 Qala-Pirallah\u0131 yolunun k\u0259si\u015fm\u0259sidir. 10 ild\u0259n art\u0131qd\u0131r bu stareji \u0259h\u0259miyy\u0259tli magistral yol sal\u0131nanda \u0259traf \u0259razil\u0259rd\u0259 dem\u0259k olar ki, ya\u015fay\u0131\u015f yerl\u0259ri yox idi. Lakin \u0259halinin s\u00fcr\u0259tli art\u0131m tempi v\u0259 urbanizas\u0131ya n\u0259tic\u0259sind\u0259 az\u0131 son be\u015f ild\u0259 yolun k\u0259nar\u0131nda yeni ya\u015fay\u0131\u015f yerl\u0259ri sal\u0131n\u0131b, \u0259hali \u00e7oxal\u0131b. Baku.Tv-nin&hellip;","_links":{"self":[{"href":"https:\/\/arantv.az\/index.php?rest_route=\/wp\/v2\/posts\/104849"}],"collection":[{"href":"https:\/\/arantv.az\/index.php?rest_route=\/wp\/v2\/posts"}],"about":[{"href":"https:\/\/arantv.az\/index.php?rest_route=\/wp\/v2\/types\/post"}],"author":[{"embeddable":true,"href":"https:\/\/arantv.az\/index.php?rest_route=\/wp\/v2\/users\/2"}],"replies":[{"embeddable":true,"href":"https:\/\/arantv.az\/index.php?rest_route=%2Fwp%2Fv2%2Fcomments&post=104849"}],"version-history":[{"count":0,"href":"https:\/\/arantv.az\/index.php?rest_route=\/wp\/v2\/posts\/104849\/revisions"}],"wp:featuredmedia":[{"embeddable":true,"href":"https:\/\/arantv.az\/index.php?rest_route=\/wp\/v2\/media\/104850"}],"wp:attachment":[{"href":"https:\/\/arantv.az\/index.php?rest_route=%2Fwp%2Fv2%2Fmedia&parent=104849"}],"wp:term":[{"taxonomy":"category","embeddable":true,"href":"https:\/\/arantv.az\/index.php?rest_route=%2Fwp%2Fv2%2Fcategories&post=104849"},{"taxonomy":"post_tag","embeddable":true,"href":"https:\/\/arantv.az\/index.php?rest_route=%2Fwp%2Fv2%2Ftags&post=104849"}],"curies":[{"name":"wp","href":"https:\/\/api.w.org\/{rel}","templated":true}]}}