{"id":104853,"date":"2019-12-07T14:01:41","date_gmt":"2019-12-07T11:01:41","guid":{"rendered":"http:\/\/arantv.az\/?p=104853"},"modified":"2019-12-07T14:01:41","modified_gmt":"2019-12-07T11:01:41","slug":"novb%c9%99d%c9%99nk%c9%99nar-parlament-seckil%c9%99ri-il%c9%99-%c9%99laq%c9%99dar-msk-n%c9%99zdind%c9%99-ekspert-v%c9%99-isci-qruplari-yaradilib","status":"publish","type":"post","link":"https:\/\/arantv.az\/?p=104853","title":{"rendered":"N\u00f6vb\u0259d\u0259nk\u0259nar parlament se\u00e7kil\u0259ri il\u0259 \u0259laq\u0259dar MSK n\u0259zdind\u0259 ekspert v\u0259 i\u015f\u00e7i qruplar\u0131 yarad\u0131l\u0131b"},"content":{"rendered":"<p><strong>Az\u0259rbaycanda 2020-ci il fevral\u0131n 9-da ke\u00e7iril\u0259c\u0259k n\u00f6vb\u0259d\u0259nk\u0259nar parlament se\u00e7kil\u0259ri il\u0259 \u0259laq\u0259dar olaraq M\u0259rk\u0259zi Se\u00e7ki Komissiyas\u0131n\u0131n (MSK) n\u0259zdind\u0259 yeni ekspert v\u0259 i\u015f\u00e7i qruplar\u0131 yarad\u0131l\u0131b.<\/strong><\/p>\n<p><strong>ARANTV.AZ<\/strong>\u00a0<a href=\"http:\/\/az.trend.az\/\" target=\"_blank\" rel=\"noopener\">Trend<\/a>-\u0259 istinad\u0259n bildirir ki,\u00a0bununla ba\u011fl\u0131 m\u0259s\u0259l\u0259 MSK-n\u0131n bu g\u00fcn ke\u00e7iril\u0259n iclas\u0131nda m\u00fczakir\u0259 edilib.<\/p>\n<p>\u0130clasda ilk olaraq v\u0259t\u0259nda\u015flar\u0131n se\u00e7ki h\u00fcquqlar\u0131n\u0131 pozan h\u0259r\u0259k\u0259tl\u0259rd\u0259n (h\u0259r\u0259k\u0259tsizlikd\u0259n) v\u0259 q\u0259rarlardan \u015fikay\u0259tl\u0259rin ara\u015fd\u0131r\u0131lmas\u0131 m\u0259qs\u0259dil\u0259 MSK n\u0259zdind\u0259 ekspert qrupu yarad\u0131lmas\u0131 m\u0259s\u0259l\u0259sin\u0259 bax\u0131l\u0131b.<\/p>\n<p>M\u0259s\u0259l\u0259 m\u00fczakir\u0259 edildikd\u0259n sonra s\u0259s\u0259 qoyularaq t\u0259sdiq edilib.<\/p>\n<p>Daha sonra is\u0259 imza v\u0259r\u0259q\u0259l\u0259rind\u0259, habel\u0259 namiz\u0259dl\u0259rin, siyasi partiyalar\u0131n, siyasi partiya bloklar\u0131n\u0131n t\u0259qdim etdikl\u0259ri s\u0259n\u0259dl\u0259rd\u0259 olan m\u0259lumatlar\u0131n d\u00fczg\u00fcnl\u00fcy\u00fcn\u00fc v\u0259 m\u00fcvafiq m\u0259lumatlar\u0131 yoxlamaq \u00fc\u00e7\u00fcn i\u015f\u00e7i qrupunun yarad\u0131lmas\u0131 v\u0259 t\u0259rkibinin m\u00fc\u0259yy\u0259n edilm\u0259si m\u0259s\u0259l\u0259si m\u00fczakir\u0259 olunub.<\/p>\n<p>M\u00fczakir\u0259l\u0259rd\u0259n sonra s\u0259n\u0259d s\u0259sverm\u0259y\u0259 \u00e7\u0131xar\u0131laraq q\u0259bul edilib.<\/p>\n<p>Qeyd ed\u0259k ki, M\u0259rk\u0259zi Se\u00e7ki Komissiyas\u0131 bu g\u00fcnd\u0259n n\u00f6vb\u0259d\u0259nk\u0259nar parlament se\u00e7kisi prosesin\u0259 start verib.<\/p>\n<p>Az\u0259rbaycanda n\u00f6vb\u0259d\u0259nk\u0259nar parlament se\u00e7kil\u0259ri 2020-ci il fevral\u0131n 9-da ke\u00e7iril\u0259c\u0259k.<\/p>\n","protected":false},"excerpt":{"rendered":"<p>Az\u0259rbaycanda 2020-ci il fevral\u0131n 9-da ke\u00e7iril\u0259c\u0259k n\u00f6vb\u0259d\u0259nk\u0259nar parlament se\u00e7kil\u0259ri il\u0259 \u0259laq\u0259dar olaraq M\u0259rk\u0259zi Se\u00e7ki Komissiyas\u0131n\u0131n (MSK) n\u0259zdind\u0259 yeni ekspert v\u0259 i\u015f\u00e7i qruplar\u0131 yarad\u0131l\u0131b. ARANTV.AZ\u00a0Trend-\u0259 istinad\u0259n bildirir ki,\u00a0bununla ba\u011fl\u0131 m\u0259s\u0259l\u0259 MSK-n\u0131n bu g\u00fcn ke\u00e7iril\u0259n iclas\u0131nda m\u00fczakir\u0259 edilib. \u0130clasda ilk olaraq v\u0259t\u0259nda\u015flar\u0131n se\u00e7ki h\u00fcquqlar\u0131n\u0131 pozan h\u0259r\u0259k\u0259tl\u0259rd\u0259n (h\u0259r\u0259k\u0259tsizlikd\u0259n) v\u0259 q\u0259rarlardan \u015fikay\u0259tl\u0259rin ara\u015fd\u0131r\u0131lmas\u0131 m\u0259qs\u0259dil\u0259 MSK n\u0259zdind\u0259 ekspert qrupu yarad\u0131lmas\u0131 m\u0259s\u0259l\u0259sin\u0259 bax\u0131l\u0131b. M\u0259s\u0259l\u0259 m\u00fczakir\u0259 edildikd\u0259n sonra s\u0259s\u0259 qoyularaq t\u0259sdiq edilib. Daha sonra is\u0259 imza v\u0259r\u0259q\u0259l\u0259rind\u0259, habel\u0259 namiz\u0259dl\u0259rin, siyasi partiyalar\u0131n, siyasi partiya bloklar\u0131n\u0131n t\u0259qdim etdikl\u0259ri s\u0259n\u0259dl\u0259rd\u0259 olan m\u0259lumatlar\u0131n d\u00fczg\u00fcnl\u00fcy\u00fcn\u00fc v\u0259 m\u00fcvafiq m\u0259lumatlar\u0131 yoxlamaq \u00fc\u00e7\u00fcn i\u015f\u00e7i qrupunun&hellip;<\/p>\n","protected":false},"author":2,"featured_media":104854,"comment_status":"closed","ping_status":"closed","sticky":false,"template":"","format":"standard","meta":{"om_disable_all_campaigns":false,"_monsterinsights_skip_tracking":false,"_monsterinsights_sitenote_active":false,"_monsterinsights_sitenote_note":"","_monsterinsights_sitenote_category":0},"categories":[4],"tags":[],"aioseo_notices":[],"gutentor_comment":0,"rttpg_featured_image_url":{"full":["https:\/\/arantv.az\/wp-content\/uploads\/2019\/12\/808621.jpg",1200,900,false],"landscape":["https:\/\/arantv.az\/wp-content\/uploads\/2019\/12\/808621.jpg",1200,900,false],"portraits":["https:\/\/arantv.az\/wp-content\/uploads\/2019\/12\/808621.jpg",1200,900,false],"thumbnail":["https:\/\/arantv.az\/wp-content\/uploads\/2019\/12\/808621-150x150.jpg",150,150,true],"medium":["https:\/\/arantv.az\/wp-content\/uploads\/2019\/12\/808621-300x225.jpg",300,225,true],"large":["https:\/\/arantv.az\/wp-content\/uploads\/2019\/12\/808621-1024x768.jpg",640,480,true],"1536x1536":["https:\/\/arantv.az\/wp-content\/uploads\/2019\/12\/808621.jpg",1200,900,false],"2048x2048":["https:\/\/arantv.az\/wp-content\/uploads\/2019\/12\/808621.jpg",1200,900,false],"post-thumbnail":["https:\/\/arantv.az\/wp-content\/uploads\/2019\/12\/808621-240x172.jpg",240,172,true],"advps-thumb-one":["https:\/\/arantv.az\/wp-content\/uploads\/2019\/12\/808621-1200x620.jpg",1200,620,true]},"rttpg_author":{"display_name":"V\u00fcsal Rafiqo\u011flu","author_link":"https:\/\/arantv.az\/?author=2"},"rttpg_comment":0,"rttpg_category":"<a href=\"https:\/\/arantv.az\/?cat=4\" rel=\"category\">Siyas\u0259t<\/a>","rttpg_excerpt":"Az\u0259rbaycanda 2020-ci il fevral\u0131n 9-da ke\u00e7iril\u0259c\u0259k n\u00f6vb\u0259d\u0259nk\u0259nar parlament se\u00e7kil\u0259ri il\u0259 \u0259laq\u0259dar olaraq M\u0259rk\u0259zi Se\u00e7ki Komissiyas\u0131n\u0131n (MSK) n\u0259zdind\u0259 yeni ekspert v\u0259 i\u015f\u00e7i qruplar\u0131 yarad\u0131l\u0131b. ARANTV.AZ\u00a0Trend-\u0259 istinad\u0259n bildirir ki,\u00a0bununla ba\u011fl\u0131 m\u0259s\u0259l\u0259 MSK-n\u0131n bu g\u00fcn ke\u00e7iril\u0259n iclas\u0131nda m\u00fczakir\u0259 edilib. \u0130clasda ilk olaraq v\u0259t\u0259nda\u015flar\u0131n se\u00e7ki h\u00fcquqlar\u0131n\u0131 pozan h\u0259r\u0259k\u0259tl\u0259rd\u0259n (h\u0259r\u0259k\u0259tsizlikd\u0259n) v\u0259 q\u0259rarlardan \u015fikay\u0259tl\u0259rin ara\u015fd\u0131r\u0131lmas\u0131 m\u0259qs\u0259dil\u0259 MSK n\u0259zdind\u0259 ekspert qrupu yarad\u0131lmas\u0131&hellip;","_links":{"self":[{"href":"https:\/\/arantv.az\/index.php?rest_route=\/wp\/v2\/posts\/104853"}],"collection":[{"href":"https:\/\/arantv.az\/index.php?rest_route=\/wp\/v2\/posts"}],"about":[{"href":"https:\/\/arantv.az\/index.php?rest_route=\/wp\/v2\/types\/post"}],"author":[{"embeddable":true,"href":"https:\/\/arantv.az\/index.php?rest_route=\/wp\/v2\/users\/2"}],"replies":[{"embeddable":true,"href":"https:\/\/arantv.az\/index.php?rest_route=%2Fwp%2Fv2%2Fcomments&post=104853"}],"version-history":[{"count":0,"href":"https:\/\/arantv.az\/index.php?rest_route=\/wp\/v2\/posts\/104853\/revisions"}],"wp:featuredmedia":[{"embeddable":true,"href":"https:\/\/arantv.az\/index.php?rest_route=\/wp\/v2\/media\/104854"}],"wp:attachment":[{"href":"https:\/\/arantv.az\/index.php?rest_route=%2Fwp%2Fv2%2Fmedia&parent=104853"}],"wp:term":[{"taxonomy":"category","embeddable":true,"href":"https:\/\/arantv.az\/index.php?rest_route=%2Fwp%2Fv2%2Fcategories&post=104853"},{"taxonomy":"post_tag","embeddable":true,"href":"https:\/\/arantv.az\/index.php?rest_route=%2Fwp%2Fv2%2Ftags&post=104853"}],"curies":[{"name":"wp","href":"https:\/\/api.w.org\/{rel}","templated":true}]}}