{"id":104857,"date":"2019-12-07T14:30:30","date_gmt":"2019-12-07T11:30:30","guid":{"rendered":"http:\/\/arantv.az\/?p=104857"},"modified":"2019-12-07T14:30:30","modified_gmt":"2019-12-07T11:30:30","slug":"milli-m%c9%99clis%c9%99-novb%c9%99d%c9%99nk%c9%99nar-seckil%c9%99rin-t%c9%99qvim-plani","status":"publish","type":"post","link":"https:\/\/arantv.az\/?p=104857","title":{"rendered":"Milli M\u0259clis\u0259 n\u00f6vb\u0259d\u0259nk\u0259nar se\u00e7kil\u0259rin &#8211; T\u018fQV\u0130M PLANI"},"content":{"rendered":"<p>Dekabr\u0131n 7-d\u0259 M\u0259rk\u0259zi Se\u00e7ki Komissiyas\u0131n\u0131n (MSK) n\u00f6vb\u0259ti iclas\u0131nda \u201cAz\u0259rbaycan Respublikas\u0131nda 2020-ci ilin fevral\u0131n 9-da n\u00f6vb\u0259d\u0259nk\u0259nar parlament se\u00e7kil\u0259rinin haz\u0131rlan\u0131b ke\u00e7irilm\u0259si \u00fczr\u0259 \u0259sas h\u0259r\u0259k\u0259t v\u0259 t\u0259dbirl\u0259rin T\u0259qvim Plan\u0131\u201d il\u0259 \u0259laq\u0259dar m\u00fczakir\u0259l\u0259r apar\u0131l\u0131b.<\/p>\n<p><strong>ARANTV.AZ<\/strong> x\u0259b\u0259r verir ki, MSK-n\u0131n katibi Arif\u0259 Muxtarova g\u00fcnd\u0259likd\u0259ki m\u0259s\u0259l\u0259 il\u0259 ba\u011fl\u0131 \u00e7\u0131x\u0131\u015f\u0131nda n\u00f6vb\u0259d\u0259nk\u0259nar parlament se\u00e7kil\u0259rind\u0259 namiz\u0259din qeyd\u0259 al\u0131nmas\u0131 \u00fc\u00e7\u00fcn z\u0259ruri olan se\u00e7ki s\u0259n\u0259dl\u0259rinin dekabr\u0131n 21-d\u0259n ba\u015flayaraq yanvar\u0131n 10-u saat 18:00-d\u0259k dair\u0259 se\u00e7ki komissiyalar\u0131na t\u0259qdim edilm\u0259li oldu\u011funu bildirib. Bu bar\u0259d\u0259 m\u0259s\u0259l\u0259 \u201cAz\u0259rbaycan Respublikas\u0131n\u0131n Milli M\u0259clisin\u0259 n\u00f6vb\u0259d\u0259nk\u0259nar se\u00e7kil\u0259rin haz\u0131rlan\u0131b ke\u00e7irilm\u0259si \u00fczr\u0259 \u0259sas h\u0259r\u0259k\u0259t v\u0259 t\u0259dbirl\u0259rin T\u0259qvim Plan\u0131\u201dnda \u00f6z \u0259ksini tap\u0131b.<\/p>\n<p>Se\u00e7kiqaba\u011f\u0131 t\u0259\u015fviqat\u0131n apar\u0131lmas\u0131na is\u0259 yanvar\u0131n 17-d\u0259 ba\u015flanacaq v\u0259 t\u0259\u015fviqat 8 fevral saat 08:00-da dayand\u0131r\u0131lacaq. Az\u0259rbaycanda parlament se\u00e7kil\u0259rind\u0259 \u201cexit-poll\u201d ke\u00e7irm\u0259k niyy\u0259tind\u0259 olan t\u0259\u015fkilatlar akkreditasiya \u00fc\u00e7\u00fcn s\u0259n\u0259dl\u0259rini yanvar\u0131n 20-d\u0259k M\u0259rk\u0259zi Se\u00e7ki Komissiyas\u0131na t\u0259qdim etm\u0259lidirl\u0259r. Yanvar\u0131n 30-d\u0259k is\u0259 onlar\u0131n qeydiyyata al\u0131nmas\u0131 ba\u015fa \u00e7atmal\u0131d\u0131r.<\/p>\n<p>\u0130clasda v\u0259t\u0259nda\u015flar\u0131n se\u00e7ki h\u00fcquqlar\u0131n\u0131 pozan h\u0259r\u0259k\u0259tl\u0259rd\u0259n (h\u0259r\u0259k\u0259tsizlikd\u0259n) v\u0259 q\u0259rarlardan \u015fikay\u0259tl\u0259rin ara\u015fd\u0131r\u0131lmas\u0131 m\u0259qs\u0259dil\u0259 MSK n\u0259zdind\u0259 ekspert qrupu yarad\u0131lmas\u0131 m\u0259s\u0259l\u0259sin\u0259 bax\u0131l\u0131b. M\u0259s\u0259l\u0259 m\u00fczakir\u0259 olunduqdan sonra s\u0259s\u0259 qoyularaq t\u0259sdiq edilib.<\/p>\n<p>Daha sonra is\u0259 imza v\u0259r\u0259q\u0259l\u0259rind\u0259, habel\u0259 namiz\u0259dl\u0259rin, siyasi partiyalar\u0131n, siyasi partiya bloklar\u0131n\u0131n t\u0259qdim etdikl\u0259ri s\u0259n\u0259dl\u0259rd\u0259 olan m\u0259lumatlar\u0131n d\u00fczg\u00fcnl\u00fcy\u00fcn\u00fc v\u0259 m\u00fcvafiq m\u0259lumatlar\u0131 yoxlamaq \u00fc\u00e7\u00fcn i\u015f\u00e7i qrupunun yarad\u0131lmas\u0131 v\u0259 t\u0259rkibinin m\u00fc\u0259yy\u0259n edilm\u0259si m\u0259s\u0259l\u0259si m\u00fczakir\u0259 olunub. M\u00fczakir\u0259l\u0259rd\u0259n sonra s\u0259n\u0259d s\u0259sverm\u0259y\u0259 \u00e7\u0131xar\u0131laraq q\u0259bul edilib.<\/p>\n<p>\u0130clasda, h\u0259m\u00e7inin MSK-n\u0131n b\u0259zi normativ xarakterli aktlar\u0131na dair m\u00fczakir\u0259l\u0259r apar\u0131l\u0131b.AZ\u018fRTAC<\/p>\n","protected":false},"excerpt":{"rendered":"<p>Dekabr\u0131n 7-d\u0259 M\u0259rk\u0259zi Se\u00e7ki Komissiyas\u0131n\u0131n (MSK) n\u00f6vb\u0259ti iclas\u0131nda \u201cAz\u0259rbaycan Respublikas\u0131nda 2020-ci ilin fevral\u0131n 9-da n\u00f6vb\u0259d\u0259nk\u0259nar parlament se\u00e7kil\u0259rinin haz\u0131rlan\u0131b ke\u00e7irilm\u0259si \u00fczr\u0259 \u0259sas h\u0259r\u0259k\u0259t v\u0259 t\u0259dbirl\u0259rin T\u0259qvim Plan\u0131\u201d il\u0259 \u0259laq\u0259dar m\u00fczakir\u0259l\u0259r apar\u0131l\u0131b. ARANTV.AZ x\u0259b\u0259r verir ki, MSK-n\u0131n katibi Arif\u0259 Muxtarova g\u00fcnd\u0259likd\u0259ki m\u0259s\u0259l\u0259 il\u0259 ba\u011fl\u0131 \u00e7\u0131x\u0131\u015f\u0131nda n\u00f6vb\u0259d\u0259nk\u0259nar parlament se\u00e7kil\u0259rind\u0259 namiz\u0259din qeyd\u0259 al\u0131nmas\u0131 \u00fc\u00e7\u00fcn z\u0259ruri olan se\u00e7ki s\u0259n\u0259dl\u0259rinin dekabr\u0131n 21-d\u0259n ba\u015flayaraq yanvar\u0131n 10-u saat 18:00-d\u0259k dair\u0259 se\u00e7ki komissiyalar\u0131na t\u0259qdim edilm\u0259li oldu\u011funu bildirib. Bu bar\u0259d\u0259 m\u0259s\u0259l\u0259 \u201cAz\u0259rbaycan Respublikas\u0131n\u0131n Milli M\u0259clisin\u0259 n\u00f6vb\u0259d\u0259nk\u0259nar se\u00e7kil\u0259rin haz\u0131rlan\u0131b ke\u00e7irilm\u0259si \u00fczr\u0259 \u0259sas h\u0259r\u0259k\u0259t v\u0259 t\u0259dbirl\u0259rin T\u0259qvim Plan\u0131\u201dnda \u00f6z \u0259ksini tap\u0131b. Se\u00e7kiqaba\u011f\u0131&hellip;<\/p>\n","protected":false},"author":2,"featured_media":104858,"comment_status":"closed","ping_status":"closed","sticky":false,"template":"","format":"standard","meta":{"om_disable_all_campaigns":false,"_monsterinsights_skip_tracking":false,"_monsterinsights_sitenote_active":false,"_monsterinsights_sitenote_note":"","_monsterinsights_sitenote_category":0},"categories":[4],"tags":[],"aioseo_notices":[],"gutentor_comment":0,"rttpg_featured_image_url":{"full":["https:\/\/arantv.az\/wp-content\/uploads\/2019\/12\/milli-meclis_700x390_17_700x390.jpg",620,345,false],"landscape":["https:\/\/arantv.az\/wp-content\/uploads\/2019\/12\/milli-meclis_700x390_17_700x390.jpg",620,345,false],"portraits":["https:\/\/arantv.az\/wp-content\/uploads\/2019\/12\/milli-meclis_700x390_17_700x390.jpg",620,345,false],"thumbnail":["https:\/\/arantv.az\/wp-content\/uploads\/2019\/12\/milli-meclis_700x390_17_700x390-150x150.jpg",150,150,true],"medium":["https:\/\/arantv.az\/wp-content\/uploads\/2019\/12\/milli-meclis_700x390_17_700x390-300x167.jpg",300,167,true],"large":["https:\/\/arantv.az\/wp-content\/uploads\/2019\/12\/milli-meclis_700x390_17_700x390.jpg",620,345,false],"1536x1536":["https:\/\/arantv.az\/wp-content\/uploads\/2019\/12\/milli-meclis_700x390_17_700x390.jpg",620,345,false],"2048x2048":["https:\/\/arantv.az\/wp-content\/uploads\/2019\/12\/milli-meclis_700x390_17_700x390.jpg",620,345,false],"post-thumbnail":["https:\/\/arantv.az\/wp-content\/uploads\/2019\/12\/milli-meclis_700x390_17_700x390-240x172.jpg",240,172,true],"advps-thumb-one":["https:\/\/arantv.az\/wp-content\/uploads\/2019\/12\/milli-meclis_700x390_17_700x390.jpg",620,345,false]},"rttpg_author":{"display_name":"V\u00fcsal Rafiqo\u011flu","author_link":"https:\/\/arantv.az\/?author=2"},"rttpg_comment":0,"rttpg_category":"<a href=\"https:\/\/arantv.az\/?cat=4\" rel=\"category\">Siyas\u0259t<\/a>","rttpg_excerpt":"Dekabr\u0131n 7-d\u0259 M\u0259rk\u0259zi Se\u00e7ki Komissiyas\u0131n\u0131n (MSK) n\u00f6vb\u0259ti iclas\u0131nda \u201cAz\u0259rbaycan Respublikas\u0131nda 2020-ci ilin fevral\u0131n 9-da n\u00f6vb\u0259d\u0259nk\u0259nar parlament se\u00e7kil\u0259rinin haz\u0131rlan\u0131b ke\u00e7irilm\u0259si \u00fczr\u0259 \u0259sas h\u0259r\u0259k\u0259t v\u0259 t\u0259dbirl\u0259rin T\u0259qvim Plan\u0131\u201d il\u0259 \u0259laq\u0259dar m\u00fczakir\u0259l\u0259r apar\u0131l\u0131b. ARANTV.AZ x\u0259b\u0259r verir ki, MSK-n\u0131n katibi Arif\u0259 Muxtarova g\u00fcnd\u0259likd\u0259ki m\u0259s\u0259l\u0259 il\u0259 ba\u011fl\u0131 \u00e7\u0131x\u0131\u015f\u0131nda n\u00f6vb\u0259d\u0259nk\u0259nar parlament se\u00e7kil\u0259rind\u0259 namiz\u0259din qeyd\u0259 al\u0131nmas\u0131 \u00fc\u00e7\u00fcn z\u0259ruri olan se\u00e7ki s\u0259n\u0259dl\u0259rinin dekabr\u0131n&hellip;","_links":{"self":[{"href":"https:\/\/arantv.az\/index.php?rest_route=\/wp\/v2\/posts\/104857"}],"collection":[{"href":"https:\/\/arantv.az\/index.php?rest_route=\/wp\/v2\/posts"}],"about":[{"href":"https:\/\/arantv.az\/index.php?rest_route=\/wp\/v2\/types\/post"}],"author":[{"embeddable":true,"href":"https:\/\/arantv.az\/index.php?rest_route=\/wp\/v2\/users\/2"}],"replies":[{"embeddable":true,"href":"https:\/\/arantv.az\/index.php?rest_route=%2Fwp%2Fv2%2Fcomments&post=104857"}],"version-history":[{"count":0,"href":"https:\/\/arantv.az\/index.php?rest_route=\/wp\/v2\/posts\/104857\/revisions"}],"wp:featuredmedia":[{"embeddable":true,"href":"https:\/\/arantv.az\/index.php?rest_route=\/wp\/v2\/media\/104858"}],"wp:attachment":[{"href":"https:\/\/arantv.az\/index.php?rest_route=%2Fwp%2Fv2%2Fmedia&parent=104857"}],"wp:term":[{"taxonomy":"category","embeddable":true,"href":"https:\/\/arantv.az\/index.php?rest_route=%2Fwp%2Fv2%2Fcategories&post=104857"},{"taxonomy":"post_tag","embeddable":true,"href":"https:\/\/arantv.az\/index.php?rest_route=%2Fwp%2Fv2%2Ftags&post=104857"}],"curies":[{"name":"wp","href":"https:\/\/api.w.org\/{rel}","templated":true}]}}