{"id":104873,"date":"2019-12-07T15:06:45","date_gmt":"2019-12-07T12:06:45","guid":{"rendered":"http:\/\/arantv.az\/?p=104873"},"modified":"2019-12-07T15:06:45","modified_gmt":"2019-12-07T12:06:45","slug":"turkm%c9%99nistan-prezidenti-528-n%c9%99f%c9%99ri-%c9%99fv-edib","status":"publish","type":"post","link":"https:\/\/arantv.az\/?p=104873","title":{"rendered":"T\u00fcrkm\u0259nistan prezidenti 528 n\u0259f\u0259ri \u0259fv edib"},"content":{"rendered":"<p>T\u00fcrkm\u0259nistan Prezidenti Qurbanqulu Berdim\u0259h\u0259mm\u0259dov 528 n\u0259f\u0259r m\u0259hbusu \u0259fv edib.<\/p>\n<p><b>ARANTV.AZ\u00a0<\/b>x\u0259b\u0259r verir ki, m\u0259lumat\u0131 T\u00fcrkm\u0259nistan\u0131n D\u00f6vl\u0259t \u0130nformasiya Agentliyi yay\u0131b.<\/p>\n<p>Prezident \u0259fv haqda f\u0259rman\u0131 \u00f6t\u0259n g\u00fcn h\u00f6k\u00fcm\u0259tin geni\u015fl\u0259ndirilmi\u015f iclas\u0131nda imzalay\u0131b.<\/p>\n<p>F\u0259rmana \u0259sas\u0259n, 528 \u015f\u0259xs azadl\u0131\u011fa burax\u0131l\u0131b. Cinay\u0259ti t\u00f6r\u0259tmi\u015f v\u0259 m\u0259hk\u0259m\u0259nin q\u0259rar\u0131 il\u0259 m\u00fc\u0259yy\u0259n edilmi\u015f \u0259razid\u0259 ya\u015famaq q\u0259rar\u0131 veril\u0259n \u015f\u0259xsl\u0259r\u0259 d\u0259 \u0259fv f\u0259rman\u0131 \u015famil edilir.Oxu.Az<\/p>\n","protected":false},"excerpt":{"rendered":"<p>T\u00fcrkm\u0259nistan Prezidenti Qurbanqulu Berdim\u0259h\u0259mm\u0259dov 528 n\u0259f\u0259r m\u0259hbusu \u0259fv edib. ARANTV.AZ\u00a0x\u0259b\u0259r verir ki, m\u0259lumat\u0131 T\u00fcrkm\u0259nistan\u0131n D\u00f6vl\u0259t \u0130nformasiya Agentliyi yay\u0131b. Prezident \u0259fv haqda f\u0259rman\u0131 \u00f6t\u0259n g\u00fcn h\u00f6k\u00fcm\u0259tin geni\u015fl\u0259ndirilmi\u015f iclas\u0131nda imzalay\u0131b. F\u0259rmana \u0259sas\u0259n, 528 \u015f\u0259xs azadl\u0131\u011fa burax\u0131l\u0131b. Cinay\u0259ti t\u00f6r\u0259tmi\u015f v\u0259 m\u0259hk\u0259m\u0259nin q\u0259rar\u0131 il\u0259 m\u00fc\u0259yy\u0259n edilmi\u015f \u0259razid\u0259 ya\u015famaq q\u0259rar\u0131 veril\u0259n \u015f\u0259xsl\u0259r\u0259 d\u0259 \u0259fv f\u0259rman\u0131 \u015famil edilir.Oxu.Az<\/p>\n","protected":false},"author":2,"featured_media":104874,"comment_status":"closed","ping_status":"closed","sticky":false,"template":"","format":"standard","meta":{"om_disable_all_campaigns":false,"_monsterinsights_skip_tracking":false,"_monsterinsights_sitenote_active":false,"_monsterinsights_sitenote_note":"","_monsterinsights_sitenote_category":0},"categories":[7],"tags":[],"aioseo_notices":[],"gutentor_comment":0,"rttpg_featured_image_url":{"full":["https:\/\/arantv.az\/wp-content\/uploads\/2019\/12\/20160829_gaf_u55_300.jpg",620,349,false],"landscape":["https:\/\/arantv.az\/wp-content\/uploads\/2019\/12\/20160829_gaf_u55_300.jpg",620,349,false],"portraits":["https:\/\/arantv.az\/wp-content\/uploads\/2019\/12\/20160829_gaf_u55_300.jpg",620,349,false],"thumbnail":["https:\/\/arantv.az\/wp-content\/uploads\/2019\/12\/20160829_gaf_u55_300-150x150.jpg",150,150,true],"medium":["https:\/\/arantv.az\/wp-content\/uploads\/2019\/12\/20160829_gaf_u55_300-300x169.jpg",300,169,true],"large":["https:\/\/arantv.az\/wp-content\/uploads\/2019\/12\/20160829_gaf_u55_300.jpg",620,349,false],"1536x1536":["https:\/\/arantv.az\/wp-content\/uploads\/2019\/12\/20160829_gaf_u55_300.jpg",620,349,false],"2048x2048":["https:\/\/arantv.az\/wp-content\/uploads\/2019\/12\/20160829_gaf_u55_300.jpg",620,349,false],"post-thumbnail":["https:\/\/arantv.az\/wp-content\/uploads\/2019\/12\/20160829_gaf_u55_300-240x172.jpg",240,172,true],"advps-thumb-one":["https:\/\/arantv.az\/wp-content\/uploads\/2019\/12\/20160829_gaf_u55_300.jpg",620,349,false]},"rttpg_author":{"display_name":"V\u00fcsal Rafiqo\u011flu","author_link":"https:\/\/arantv.az\/?author=2"},"rttpg_comment":0,"rttpg_category":"<a href=\"https:\/\/arantv.az\/?cat=7\" rel=\"category\">D\u00fcnya<\/a>","rttpg_excerpt":"T\u00fcrkm\u0259nistan Prezidenti Qurbanqulu Berdim\u0259h\u0259mm\u0259dov 528 n\u0259f\u0259r m\u0259hbusu \u0259fv edib. ARANTV.AZ\u00a0x\u0259b\u0259r verir ki, m\u0259lumat\u0131 T\u00fcrkm\u0259nistan\u0131n D\u00f6vl\u0259t \u0130nformasiya Agentliyi yay\u0131b. Prezident \u0259fv haqda f\u0259rman\u0131 \u00f6t\u0259n g\u00fcn h\u00f6k\u00fcm\u0259tin geni\u015fl\u0259ndirilmi\u015f iclas\u0131nda imzalay\u0131b. F\u0259rmana \u0259sas\u0259n, 528 \u015f\u0259xs azadl\u0131\u011fa burax\u0131l\u0131b. Cinay\u0259ti t\u00f6r\u0259tmi\u015f v\u0259 m\u0259hk\u0259m\u0259nin q\u0259rar\u0131 il\u0259 m\u00fc\u0259yy\u0259n edilmi\u015f \u0259razid\u0259 ya\u015famaq q\u0259rar\u0131 veril\u0259n \u015f\u0259xsl\u0259r\u0259 d\u0259 \u0259fv f\u0259rman\u0131 \u015famil edilir.Oxu.Az","_links":{"self":[{"href":"https:\/\/arantv.az\/index.php?rest_route=\/wp\/v2\/posts\/104873"}],"collection":[{"href":"https:\/\/arantv.az\/index.php?rest_route=\/wp\/v2\/posts"}],"about":[{"href":"https:\/\/arantv.az\/index.php?rest_route=\/wp\/v2\/types\/post"}],"author":[{"embeddable":true,"href":"https:\/\/arantv.az\/index.php?rest_route=\/wp\/v2\/users\/2"}],"replies":[{"embeddable":true,"href":"https:\/\/arantv.az\/index.php?rest_route=%2Fwp%2Fv2%2Fcomments&post=104873"}],"version-history":[{"count":0,"href":"https:\/\/arantv.az\/index.php?rest_route=\/wp\/v2\/posts\/104873\/revisions"}],"wp:featuredmedia":[{"embeddable":true,"href":"https:\/\/arantv.az\/index.php?rest_route=\/wp\/v2\/media\/104874"}],"wp:attachment":[{"href":"https:\/\/arantv.az\/index.php?rest_route=%2Fwp%2Fv2%2Fmedia&parent=104873"}],"wp:term":[{"taxonomy":"category","embeddable":true,"href":"https:\/\/arantv.az\/index.php?rest_route=%2Fwp%2Fv2%2Fcategories&post=104873"},{"taxonomy":"post_tag","embeddable":true,"href":"https:\/\/arantv.az\/index.php?rest_route=%2Fwp%2Fv2%2Ftags&post=104873"}],"curies":[{"name":"wp","href":"https:\/\/api.w.org\/{rel}","templated":true}]}}