{"id":104877,"date":"2019-12-07T15:08:59","date_gmt":"2019-12-07T12:08:59","guid":{"rendered":"http:\/\/arantv.az\/?p=104877"},"modified":"2019-12-07T15:08:59","modified_gmt":"2019-12-07T12:08:59","slug":"putin-yen%c9%99-alman-dilind%c9%99-danisdi-video","status":"publish","type":"post","link":"https:\/\/arantv.az\/?p=104877","title":{"rendered":"Putin yen\u0259 alman dilind\u0259 dan\u0131\u015fd\u0131 &#8211; V\u0130DEO"},"content":{"rendered":"<p>Rusiya prezidenti Vladimir Putin So\u00e7id\u0259 Almaniya biznesinin n\u00fcmay\u0259nd\u0259l\u0259ri il\u0259 g\u00f6r\u00fc\u015f\u00fcnd\u0259 alman dilind\u0259 dan\u0131\u015f\u0131b.<\/p>\n<p><b>ARANTV.AZ\u00a0<\/b>\u00a0unikal.org-a istinad\u0259n x\u0259b\u0259r verir ki, bu bar\u0259d\u0259 &#8220;Pul \u21163&#8221; teleqram kanal\u0131 x\u0259b\u0259r verib.<\/p>\n<div><\/div>\n<p>Bel\u0259 ki, s\u00f6hb\u0259t \u0259snas\u0131nda rus dilind\u0259n alman dilin\u0259 sinxron t\u0259rc\u00fcm\u0259d\u0259 problem ya\u015fan\u0131b. Bu zaman d\u00f6vl\u0259t ba\u015f\u00e7\u0131s\u0131 \u00fcz\u00fcn\u00fc onlara tutaraq deyib: &#8220;Was ist los?&#8221; (&#8220;N\u0259 ba\u015f verib?&#8221;)<\/p>\n<p>Qeyd ed\u0259k ki, Putin bundan \u0259vv\u0259l d\u0259 ictimai \u00e7\u0131x\u0131\u015flar zaman\u0131 alman dilind\u0259 dan\u0131\u015f\u0131b. Bundan \u0259vv\u0259l bel\u0259 hadis\u0259 may ay\u0131nda ya\u015fanm\u0131\u015fd\u0131. H\u0259min vaxt Putin Avstriya lideri Aleksandr van der Bellenin Zalsburq festival\u0131n\u0131 ziyar\u0259t etm\u0259 bar\u0259d\u0259 t\u0259klifin\u0259 alman dilind\u0259 cavab vermi\u015fdi.<\/p>\n<div class=\"embed-responsive embed-responsive-16by9\"><iframe loading=\"lazy\" id=\"nmqembedid\" class=\"embed-responsive-item\" title=\"video player\" src=\"https:\/\/izle.az\/embed\/BcEBCoAgDAXQGzlnI_vH0fkHQiIEdf7eE-HqHOmewfS88s3BLTkuIxs8t4CV6lapCpzewXLoDw~~\" width=\"600\" height=\"340\" frameborder=\"0\" scrolling=\"no\" allowfullscreen=\"allowfullscreen\" data-mce-fragment=\"1\"><\/iframe><\/div>\n<div class=\"datespan clearfix\"><\/div>\n","protected":false},"excerpt":{"rendered":"<p>Rusiya prezidenti Vladimir Putin So\u00e7id\u0259 Almaniya biznesinin n\u00fcmay\u0259nd\u0259l\u0259ri il\u0259 g\u00f6r\u00fc\u015f\u00fcnd\u0259 alman dilind\u0259 dan\u0131\u015f\u0131b. ARANTV.AZ\u00a0\u00a0unikal.org-a istinad\u0259n x\u0259b\u0259r verir ki, bu bar\u0259d\u0259 &#8220;Pul \u21163&#8221; teleqram kanal\u0131 x\u0259b\u0259r verib. Bel\u0259 ki, s\u00f6hb\u0259t \u0259snas\u0131nda rus dilind\u0259n alman dilin\u0259 sinxron t\u0259rc\u00fcm\u0259d\u0259 problem ya\u015fan\u0131b. Bu zaman d\u00f6vl\u0259t ba\u015f\u00e7\u0131s\u0131 \u00fcz\u00fcn\u00fc onlara tutaraq deyib: &#8220;Was ist los?&#8221; (&#8220;N\u0259 ba\u015f verib?&#8221;) Qeyd ed\u0259k ki, Putin bundan \u0259vv\u0259l d\u0259 ictimai \u00e7\u0131x\u0131\u015flar zaman\u0131 alman dilind\u0259 dan\u0131\u015f\u0131b. Bundan \u0259vv\u0259l bel\u0259 hadis\u0259 may ay\u0131nda ya\u015fanm\u0131\u015fd\u0131. H\u0259min vaxt Putin Avstriya lideri Aleksandr van der Bellenin Zalsburq festival\u0131n\u0131 ziyar\u0259t etm\u0259 bar\u0259d\u0259 t\u0259klifin\u0259 alman dilind\u0259 cavab&hellip;<\/p>\n","protected":false},"author":2,"featured_media":104878,"comment_status":"closed","ping_status":"closed","sticky":false,"template":"","format":"standard","meta":{"om_disable_all_campaigns":false,"_monsterinsights_skip_tracking":false,"_monsterinsights_sitenote_active":false,"_monsterinsights_sitenote_note":"","_monsterinsights_sitenote_category":0},"categories":[7],"tags":[],"aioseo_notices":[],"gutentor_comment":0,"rttpg_featured_image_url":{"full":["https:\/\/arantv.az\/wp-content\/uploads\/2019\/12\/1575658320.putin_.jpg",549,366,false],"landscape":["https:\/\/arantv.az\/wp-content\/uploads\/2019\/12\/1575658320.putin_.jpg",549,366,false],"portraits":["https:\/\/arantv.az\/wp-content\/uploads\/2019\/12\/1575658320.putin_.jpg",549,366,false],"thumbnail":["https:\/\/arantv.az\/wp-content\/uploads\/2019\/12\/1575658320.putin_-150x150.jpg",150,150,true],"medium":["https:\/\/arantv.az\/wp-content\/uploads\/2019\/12\/1575658320.putin_-300x200.jpg",300,200,true],"large":["https:\/\/arantv.az\/wp-content\/uploads\/2019\/12\/1575658320.putin_.jpg",549,366,false],"1536x1536":["https:\/\/arantv.az\/wp-content\/uploads\/2019\/12\/1575658320.putin_.jpg",549,366,false],"2048x2048":["https:\/\/arantv.az\/wp-content\/uploads\/2019\/12\/1575658320.putin_.jpg",549,366,false],"post-thumbnail":["https:\/\/arantv.az\/wp-content\/uploads\/2019\/12\/1575658320.putin_-240x172.jpg",240,172,true],"advps-thumb-one":["https:\/\/arantv.az\/wp-content\/uploads\/2019\/12\/1575658320.putin_.jpg",549,366,false]},"rttpg_author":{"display_name":"V\u00fcsal Rafiqo\u011flu","author_link":"https:\/\/arantv.az\/?author=2"},"rttpg_comment":0,"rttpg_category":"<a href=\"https:\/\/arantv.az\/?cat=7\" rel=\"category\">D\u00fcnya<\/a>","rttpg_excerpt":"Rusiya prezidenti Vladimir Putin So\u00e7id\u0259 Almaniya biznesinin n\u00fcmay\u0259nd\u0259l\u0259ri il\u0259 g\u00f6r\u00fc\u015f\u00fcnd\u0259 alman dilind\u0259 dan\u0131\u015f\u0131b. ARANTV.AZ\u00a0\u00a0unikal.org-a istinad\u0259n x\u0259b\u0259r verir ki, bu bar\u0259d\u0259 &#8220;Pul \u21163&#8221; teleqram kanal\u0131 x\u0259b\u0259r verib. Bel\u0259 ki, s\u00f6hb\u0259t \u0259snas\u0131nda rus dilind\u0259n alman dilin\u0259 sinxron t\u0259rc\u00fcm\u0259d\u0259 problem ya\u015fan\u0131b. Bu zaman d\u00f6vl\u0259t ba\u015f\u00e7\u0131s\u0131 \u00fcz\u00fcn\u00fc onlara tutaraq deyib: &#8220;Was ist los?&#8221; (&#8220;N\u0259 ba\u015f verib?&#8221;) Qeyd ed\u0259k ki,&hellip;","_links":{"self":[{"href":"https:\/\/arantv.az\/index.php?rest_route=\/wp\/v2\/posts\/104877"}],"collection":[{"href":"https:\/\/arantv.az\/index.php?rest_route=\/wp\/v2\/posts"}],"about":[{"href":"https:\/\/arantv.az\/index.php?rest_route=\/wp\/v2\/types\/post"}],"author":[{"embeddable":true,"href":"https:\/\/arantv.az\/index.php?rest_route=\/wp\/v2\/users\/2"}],"replies":[{"embeddable":true,"href":"https:\/\/arantv.az\/index.php?rest_route=%2Fwp%2Fv2%2Fcomments&post=104877"}],"version-history":[{"count":0,"href":"https:\/\/arantv.az\/index.php?rest_route=\/wp\/v2\/posts\/104877\/revisions"}],"wp:featuredmedia":[{"embeddable":true,"href":"https:\/\/arantv.az\/index.php?rest_route=\/wp\/v2\/media\/104878"}],"wp:attachment":[{"href":"https:\/\/arantv.az\/index.php?rest_route=%2Fwp%2Fv2%2Fmedia&parent=104877"}],"wp:term":[{"taxonomy":"category","embeddable":true,"href":"https:\/\/arantv.az\/index.php?rest_route=%2Fwp%2Fv2%2Fcategories&post=104877"},{"taxonomy":"post_tag","embeddable":true,"href":"https:\/\/arantv.az\/index.php?rest_route=%2Fwp%2Fv2%2Ftags&post=104877"}],"curies":[{"name":"wp","href":"https:\/\/api.w.org\/{rel}","templated":true}]}}