{"id":104885,"date":"2019-12-07T15:14:22","date_gmt":"2019-12-07T12:14:22","guid":{"rendered":"http:\/\/arantv.az\/?p=104885"},"modified":"2019-12-07T15:14:22","modified_gmt":"2019-12-07T12:14:22","slug":"qazaxistanda-donma-t%c9%99hluk%c9%99si-il%c9%99-uzl%c9%99smis-idmancilarla-bagli-aciqlama","status":"publish","type":"post","link":"https:\/\/arantv.az\/?p=104885","title":{"rendered":"Qazax\u0131standa donma t\u0259hl\u00fck\u0259si il\u0259 \u00fczl\u0259\u015fmi\u015f idman\u00e7\u0131larla ba\u011fl\u0131 &#8211; A\u00c7IQLAMA"},"content":{"rendered":"<p>X\u0259b\u0259r verdiyimiz kimi, Qazax\u0131stan\u0131n At\u0131rau-Astraxan trass\u0131nda, \u0130satay k\u0259ndi yax\u0131nl\u0131\u011f\u0131nda az\u0259rbaycanl\u0131 yeniyetm\u0259 c\u00fcdo\u00e7ular\u0131 da\u015f\u0131yan \u201cMercedes-Benz Sprinter\u201d markal\u0131 mikroavtobusda nasazl\u0131q yaran\u0131b.<\/p>\n<p><b>ARANTV.AZ\u00a0<\/b>x\u0259b\u0259r verir ki, hadis\u0259 dekabr\u0131n 6-s\u0131 gec\u0259 ba\u015f verib.<\/p>\n<p>Qazax\u0131stan m\u0259tbuat\u0131nda yay\u0131lan x\u0259b\u0259r\u0259 g\u00f6r\u0259, mikroavtobusda 16 u\u015faq v\u0259 \u00fc\u00e7 b\u00f6y\u00fck (m\u0259\u015fq\u00e7i, h\u0259kim, s\u00fcr\u00fcc\u00fc) olub. Murad S\u0259fiyevin idar\u0259 etdiyi n\u0259qliyyat vasit\u0259sind\u0259 nasazl\u0131\u011f\u0131n yaranmas\u0131\u00a0n\u0259tic\u0259sind\u0259 idman\u00e7\u0131lar donma t\u0259hl\u00fck\u0259si il\u0259 \u00fczl\u0259\u015fib. Lakin Qazax\u0131stan polisinin vaxt\u0131nda m\u00fcdaxil\u0259si il\u0259 idman\u00e7\u0131lar donmaqdan qurtulub.<\/p>\n<p>M\u0259s\u0259l\u0259 il\u0259 ba\u011fl\u0131 Az\u0259rbaycan C\u00fcdo Federasiyas\u0131n\u0131n ba\u015f katibinin m\u00fcavini Elnur \u018f\u015fr\u0259fo\u011flu\u00a0Oxu.Az-a a\u00e7\u0131qlamas\u0131nda h\u0259min komandan\u0131n federasiyan\u0131n x\u0259tti il\u0259 Qazax\u0131stana getm\u0259diyini bildirib:<\/p>\n<p>\u201cAz\u0259rbaycan C\u00fcdo Federasiyas\u0131 t\u0259r\u0259find\u0259n Qazax\u0131stan\u0131n At\u0131rau \u015f\u0259h\u0259rind\u0259 ke\u00e7iril\u0259n yar\u0131\u015fa he\u00e7 bir komanda, c\u00fcdo\u00e7u v\u0259 m\u0259\u015fq\u00e7i g\u00f6nd\u0259rilm\u0259yib. Ola bil\u0259r ki, hans\u0131sa klub v\u0259 ya zalda \u00e7al\u0131\u015fan m\u0259\u015fq\u00e7i ora komanda apars\u0131n. Amma b\u0259yan edirik ki, bunun Az\u0259rbaycan C\u00fcdo Federasiyas\u0131na he\u00e7 bir aidiyyat\u0131 yoxdur. Bel\u0259 m\u0259\u015fq\u00e7i-m\u00fc\u0259lliml\u0259r\u0259, klublara da t\u00f6vsiy\u0259miz odur ki, \u00f6lk\u0259 xaricind\u0259 ke\u00e7iril\u0259n yar\u0131\u015flara getdikd\u0259 \u00f6nc\u0259d\u0259n bizi m\u0259lumatland\u0131rs\u0131nlar ki, bu c\u00fcr fors-major hadis\u0259l\u0259r ba\u015f verdikd\u0259 federasiya olaraq biz d\u0259 k\u00f6m\u0259kliyimizi ed\u0259 bil\u0259k\u201d.<\/p>\n<p>Yeri g\u0259lmi\u015fk\u0259n, m\u0259s\u0259l\u0259 il\u0259 ba\u011fl\u0131 Astanadak\u0131 Az\u0259rbaycan s\u0259firliyi d\u0259 haqq\u0131n.az-a a\u00e7\u0131qlama verib. Onlar\u0131n s\u00f6zl\u0259rin\u0259 g\u00f6r\u0259, Qazax\u0131stan m\u0259tbuat\u0131nda ad\u0131 \u00e7\u0259kil\u0259n idman\u00e7\u0131lar c\u00fcdo\u00e7u olmay\u0131blar. Onlar D\u0259rb\u0259nd az\u0259rbaycanl\u0131lar\u0131 imi\u015fl\u0259r:<\/p>\n<p>\u201c2006-2008-ci il t\u0259v\u0259ll\u00fcdl\u00fc az\u0259rbaycanl\u0131 idman\u00e7\u0131lar\u0131n Qazax\u0131stan\u0131n At\u0131rau \u015f\u0259h\u0259rind\u0259 beyn\u0259lxalq turnird\u0259 i\u015ftirak etm\u0259si haqda x\u0259b\u0259r h\u0259qiq\u0259ti \u0259ks etdirmir. Beyn\u0259lxalq yar\u0131\u015fda i\u015ftirak ed\u0259n v\u0259 yolda \u00e7\u0259tin v\u0259ziyy\u0259tl\u0259 \u00fczl\u0259\u015f\u0259n komanda rusiyal\u0131 s\u0259rb\u0259st g\u00fcl\u0259\u015f\u00e7il\u0259rdir. \u0130lkin informasiyaya g\u00f6r\u0259, onlar Da\u011f\u0131stan Respublikas\u0131n\u0131n D\u0259rb\u0259nd \u015f\u0259h\u0259rinin sakinl\u0259ridir\u201d.<\/p>\n<p>Qeyd ed\u0259k ki, Bak\u0131dan g\u0259lmi\u015f h\u0259min komanda dekabr\u0131n 10-d\u0259k At\u0131rauda ke\u00e7iril\u0259n beyn\u0259lxalq yar\u0131\u015fda \u00e7\u0131x\u0131\u015f etm\u0259lidir.<\/p>\n","protected":false},"excerpt":{"rendered":"<p>X\u0259b\u0259r verdiyimiz kimi, Qazax\u0131stan\u0131n At\u0131rau-Astraxan trass\u0131nda, \u0130satay k\u0259ndi yax\u0131nl\u0131\u011f\u0131nda az\u0259rbaycanl\u0131 yeniyetm\u0259 c\u00fcdo\u00e7ular\u0131 da\u015f\u0131yan \u201cMercedes-Benz Sprinter\u201d markal\u0131 mikroavtobusda nasazl\u0131q yaran\u0131b. ARANTV.AZ\u00a0x\u0259b\u0259r verir ki, hadis\u0259 dekabr\u0131n 6-s\u0131 gec\u0259 ba\u015f verib. Qazax\u0131stan m\u0259tbuat\u0131nda yay\u0131lan x\u0259b\u0259r\u0259 g\u00f6r\u0259, mikroavtobusda 16 u\u015faq v\u0259 \u00fc\u00e7 b\u00f6y\u00fck (m\u0259\u015fq\u00e7i, h\u0259kim, s\u00fcr\u00fcc\u00fc) olub. Murad S\u0259fiyevin idar\u0259 etdiyi n\u0259qliyyat vasit\u0259sind\u0259 nasazl\u0131\u011f\u0131n yaranmas\u0131\u00a0n\u0259tic\u0259sind\u0259 idman\u00e7\u0131lar donma t\u0259hl\u00fck\u0259si il\u0259 \u00fczl\u0259\u015fib. Lakin Qazax\u0131stan polisinin vaxt\u0131nda m\u00fcdaxil\u0259si il\u0259 idman\u00e7\u0131lar donmaqdan qurtulub. M\u0259s\u0259l\u0259 il\u0259 ba\u011fl\u0131 Az\u0259rbaycan C\u00fcdo Federasiyas\u0131n\u0131n ba\u015f katibinin m\u00fcavini Elnur \u018f\u015fr\u0259fo\u011flu\u00a0Oxu.Az-a a\u00e7\u0131qlamas\u0131nda h\u0259min komandan\u0131n federasiyan\u0131n x\u0259tti il\u0259 Qazax\u0131stana getm\u0259diyini bildirib: \u201cAz\u0259rbaycan C\u00fcdo Federasiyas\u0131 t\u0259r\u0259find\u0259n Qazax\u0131stan\u0131n&hellip;<\/p>\n","protected":false},"author":2,"featured_media":104886,"comment_status":"closed","ping_status":"closed","sticky":false,"template":"","format":"standard","meta":{"om_disable_all_campaigns":false,"_monsterinsights_skip_tracking":false,"_monsterinsights_sitenote_active":false,"_monsterinsights_sitenote_note":"","_monsterinsights_sitenote_category":0},"categories":[6],"tags":[],"aioseo_notices":[],"gutentor_comment":0,"rttpg_featured_image_url":{"full":["https:\/\/arantv.az\/wp-content\/uploads\/2019\/12\/1515691078399215470_1000x669.jpg",620,350,false],"landscape":["https:\/\/arantv.az\/wp-content\/uploads\/2019\/12\/1515691078399215470_1000x669.jpg",620,350,false],"portraits":["https:\/\/arantv.az\/wp-content\/uploads\/2019\/12\/1515691078399215470_1000x669.jpg",620,350,false],"thumbnail":["https:\/\/arantv.az\/wp-content\/uploads\/2019\/12\/1515691078399215470_1000x669-150x150.jpg",150,150,true],"medium":["https:\/\/arantv.az\/wp-content\/uploads\/2019\/12\/1515691078399215470_1000x669-300x169.jpg",300,169,true],"large":["https:\/\/arantv.az\/wp-content\/uploads\/2019\/12\/1515691078399215470_1000x669.jpg",620,350,false],"1536x1536":["https:\/\/arantv.az\/wp-content\/uploads\/2019\/12\/1515691078399215470_1000x669.jpg",620,350,false],"2048x2048":["https:\/\/arantv.az\/wp-content\/uploads\/2019\/12\/1515691078399215470_1000x669.jpg",620,350,false],"post-thumbnail":["https:\/\/arantv.az\/wp-content\/uploads\/2019\/12\/1515691078399215470_1000x669-240x172.jpg",240,172,true],"advps-thumb-one":["https:\/\/arantv.az\/wp-content\/uploads\/2019\/12\/1515691078399215470_1000x669.jpg",620,350,false]},"rttpg_author":{"display_name":"V\u00fcsal Rafiqo\u011flu","author_link":"https:\/\/arantv.az\/?author=2"},"rttpg_comment":0,"rttpg_category":"<a href=\"https:\/\/arantv.az\/?cat=6\" rel=\"category\">\u0130dman<\/a>","rttpg_excerpt":"X\u0259b\u0259r verdiyimiz kimi, Qazax\u0131stan\u0131n At\u0131rau-Astraxan trass\u0131nda, \u0130satay k\u0259ndi yax\u0131nl\u0131\u011f\u0131nda az\u0259rbaycanl\u0131 yeniyetm\u0259 c\u00fcdo\u00e7ular\u0131 da\u015f\u0131yan \u201cMercedes-Benz Sprinter\u201d markal\u0131 mikroavtobusda nasazl\u0131q yaran\u0131b. ARANTV.AZ\u00a0x\u0259b\u0259r verir ki, hadis\u0259 dekabr\u0131n 6-s\u0131 gec\u0259 ba\u015f verib. Qazax\u0131stan m\u0259tbuat\u0131nda yay\u0131lan x\u0259b\u0259r\u0259 g\u00f6r\u0259, mikroavtobusda 16 u\u015faq v\u0259 \u00fc\u00e7 b\u00f6y\u00fck (m\u0259\u015fq\u00e7i, h\u0259kim, s\u00fcr\u00fcc\u00fc) olub. Murad S\u0259fiyevin idar\u0259 etdiyi n\u0259qliyyat vasit\u0259sind\u0259 nasazl\u0131\u011f\u0131n yaranmas\u0131\u00a0n\u0259tic\u0259sind\u0259 idman\u00e7\u0131lar donma t\u0259hl\u00fck\u0259si il\u0259&hellip;","_links":{"self":[{"href":"https:\/\/arantv.az\/index.php?rest_route=\/wp\/v2\/posts\/104885"}],"collection":[{"href":"https:\/\/arantv.az\/index.php?rest_route=\/wp\/v2\/posts"}],"about":[{"href":"https:\/\/arantv.az\/index.php?rest_route=\/wp\/v2\/types\/post"}],"author":[{"embeddable":true,"href":"https:\/\/arantv.az\/index.php?rest_route=\/wp\/v2\/users\/2"}],"replies":[{"embeddable":true,"href":"https:\/\/arantv.az\/index.php?rest_route=%2Fwp%2Fv2%2Fcomments&post=104885"}],"version-history":[{"count":0,"href":"https:\/\/arantv.az\/index.php?rest_route=\/wp\/v2\/posts\/104885\/revisions"}],"wp:featuredmedia":[{"embeddable":true,"href":"https:\/\/arantv.az\/index.php?rest_route=\/wp\/v2\/media\/104886"}],"wp:attachment":[{"href":"https:\/\/arantv.az\/index.php?rest_route=%2Fwp%2Fv2%2Fmedia&parent=104885"}],"wp:term":[{"taxonomy":"category","embeddable":true,"href":"https:\/\/arantv.az\/index.php?rest_route=%2Fwp%2Fv2%2Fcategories&post=104885"},{"taxonomy":"post_tag","embeddable":true,"href":"https:\/\/arantv.az\/index.php?rest_route=%2Fwp%2Fv2%2Ftags&post=104885"}],"curies":[{"name":"wp","href":"https:\/\/api.w.org\/{rel}","templated":true}]}}