{"id":104947,"date":"2019-12-07T16:39:59","date_gmt":"2019-12-07T13:39:59","guid":{"rendered":"http:\/\/arantv.az\/?p=104947"},"modified":"2019-12-07T16:39:59","modified_gmt":"2019-12-07T13:39:59","slug":"%c9%99li-%c9%99s%c9%99dovdan-q%c9%99rar-sahin-mustafayev%c9%99-yeni-v%c9%99zif%c9%99-verildi","status":"publish","type":"post","link":"https:\/\/arantv.az\/?p=104947","title":{"rendered":"\u018fli \u018fs\u0259dovdan q\u0259rar: \u015eahin Mustafayev\u0259 yeni v\u0259zif\u0259 verildi"},"content":{"rendered":"<p>Nazirl\u0259r Kabineti \u201cAz\u0259rbaycan Respublikas\u0131 Nazirl\u0259r Kabinetinin Yol H\u0259r\u0259k\u0259ti T\u0259hl\u00fck\u0259sizliyi Komissiyas\u0131 \u00fczvl\u0259rinin Siyah\u0131s\u0131\u201dnda d\u0259yi\u015fiklik edib.<\/p>\n<p>Nazirl\u0259r Kabinetinin sayt\u0131nda yer alan\u00a0<a href=\"https:\/\/cabmin.gov.az\/az\/document\/4097\/\" target=\"_blank\" rel=\"noopener\">m\u0259lumat<\/a>a g\u00f6r\u0259, bununla ba\u011fl\u0131 q\u0259rar\u0131 Ba\u015f nazir \u018fli \u018fs\u0259dov imzalay\u0131b.<\/p>\n<p>Q\u0259rarla Ba\u015f Nazirin m\u00fcavini \u015eahin Mustafayev Az\u0259rbaycan Respublikas\u0131 Nazirl\u0259r Kabinetinin Yol H\u0259r\u0259k\u0259ti T\u0259hl\u00fck\u0259sizliyi Komissiyas\u0131 s\u0259dri t\u0259yin edilib.<\/p>\n","protected":false},"excerpt":{"rendered":"<p>Nazirl\u0259r Kabineti \u201cAz\u0259rbaycan Respublikas\u0131 Nazirl\u0259r Kabinetinin Yol H\u0259r\u0259k\u0259ti T\u0259hl\u00fck\u0259sizliyi Komissiyas\u0131 \u00fczvl\u0259rinin Siyah\u0131s\u0131\u201dnda d\u0259yi\u015fiklik edib. Nazirl\u0259r Kabinetinin sayt\u0131nda yer alan\u00a0m\u0259lumata g\u00f6r\u0259, bununla ba\u011fl\u0131 q\u0259rar\u0131 Ba\u015f nazir \u018fli \u018fs\u0259dov imzalay\u0131b. Q\u0259rarla Ba\u015f Nazirin m\u00fcavini \u015eahin Mustafayev Az\u0259rbaycan Respublikas\u0131 Nazirl\u0259r Kabinetinin Yol H\u0259r\u0259k\u0259ti T\u0259hl\u00fck\u0259sizliyi Komissiyas\u0131 s\u0259dri t\u0259yin edilib.<\/p>\n","protected":false},"author":2,"featured_media":104948,"comment_status":"closed","ping_status":"closed","sticky":false,"template":"","format":"standard","meta":{"om_disable_all_campaigns":false,"_monsterinsights_skip_tracking":false,"_monsterinsights_sitenote_active":false,"_monsterinsights_sitenote_note":"","_monsterinsights_sitenote_category":0},"categories":[4],"tags":[],"aioseo_notices":[],"gutentor_comment":0,"rttpg_featured_image_url":{"full":["https:\/\/arantv.az\/wp-content\/uploads\/2019\/12\/eliii-2.jpg",620,413,false],"landscape":["https:\/\/arantv.az\/wp-content\/uploads\/2019\/12\/eliii-2.jpg",620,413,false],"portraits":["https:\/\/arantv.az\/wp-content\/uploads\/2019\/12\/eliii-2.jpg",620,413,false],"thumbnail":["https:\/\/arantv.az\/wp-content\/uploads\/2019\/12\/eliii-2-150x150.jpg",150,150,true],"medium":["https:\/\/arantv.az\/wp-content\/uploads\/2019\/12\/eliii-2-300x200.jpg",300,200,true],"large":["https:\/\/arantv.az\/wp-content\/uploads\/2019\/12\/eliii-2.jpg",620,413,false],"1536x1536":["https:\/\/arantv.az\/wp-content\/uploads\/2019\/12\/eliii-2.jpg",620,413,false],"2048x2048":["https:\/\/arantv.az\/wp-content\/uploads\/2019\/12\/eliii-2.jpg",620,413,false],"post-thumbnail":["https:\/\/arantv.az\/wp-content\/uploads\/2019\/12\/eliii-2-240x172.jpg",240,172,true],"advps-thumb-one":["https:\/\/arantv.az\/wp-content\/uploads\/2019\/12\/eliii-2.jpg",620,413,false]},"rttpg_author":{"display_name":"V\u00fcsal Rafiqo\u011flu","author_link":"https:\/\/arantv.az\/?author=2"},"rttpg_comment":0,"rttpg_category":"<a href=\"https:\/\/arantv.az\/?cat=4\" rel=\"category\">Siyas\u0259t<\/a>","rttpg_excerpt":"Nazirl\u0259r Kabineti \u201cAz\u0259rbaycan Respublikas\u0131 Nazirl\u0259r Kabinetinin Yol H\u0259r\u0259k\u0259ti T\u0259hl\u00fck\u0259sizliyi Komissiyas\u0131 \u00fczvl\u0259rinin Siyah\u0131s\u0131\u201dnda d\u0259yi\u015fiklik edib. Nazirl\u0259r Kabinetinin sayt\u0131nda yer alan\u00a0m\u0259lumata g\u00f6r\u0259, bununla ba\u011fl\u0131 q\u0259rar\u0131 Ba\u015f nazir \u018fli \u018fs\u0259dov imzalay\u0131b. Q\u0259rarla Ba\u015f Nazirin m\u00fcavini \u015eahin Mustafayev Az\u0259rbaycan Respublikas\u0131 Nazirl\u0259r Kabinetinin Yol H\u0259r\u0259k\u0259ti T\u0259hl\u00fck\u0259sizliyi Komissiyas\u0131 s\u0259dri t\u0259yin edilib.","_links":{"self":[{"href":"https:\/\/arantv.az\/index.php?rest_route=\/wp\/v2\/posts\/104947"}],"collection":[{"href":"https:\/\/arantv.az\/index.php?rest_route=\/wp\/v2\/posts"}],"about":[{"href":"https:\/\/arantv.az\/index.php?rest_route=\/wp\/v2\/types\/post"}],"author":[{"embeddable":true,"href":"https:\/\/arantv.az\/index.php?rest_route=\/wp\/v2\/users\/2"}],"replies":[{"embeddable":true,"href":"https:\/\/arantv.az\/index.php?rest_route=%2Fwp%2Fv2%2Fcomments&post=104947"}],"version-history":[{"count":0,"href":"https:\/\/arantv.az\/index.php?rest_route=\/wp\/v2\/posts\/104947\/revisions"}],"wp:featuredmedia":[{"embeddable":true,"href":"https:\/\/arantv.az\/index.php?rest_route=\/wp\/v2\/media\/104948"}],"wp:attachment":[{"href":"https:\/\/arantv.az\/index.php?rest_route=%2Fwp%2Fv2%2Fmedia&parent=104947"}],"wp:term":[{"taxonomy":"category","embeddable":true,"href":"https:\/\/arantv.az\/index.php?rest_route=%2Fwp%2Fv2%2Fcategories&post=104947"},{"taxonomy":"post_tag","embeddable":true,"href":"https:\/\/arantv.az\/index.php?rest_route=%2Fwp%2Fv2%2Ftags&post=104947"}],"curies":[{"name":"wp","href":"https:\/\/api.w.org\/{rel}","templated":true}]}}