{"id":104951,"date":"2019-12-07T16:41:26","date_gmt":"2019-12-07T13:41:26","guid":{"rendered":"http:\/\/arantv.az\/?p=104951"},"modified":"2019-12-07T16:41:26","modified_gmt":"2019-12-07T13:41:26","slug":"sahin-mustafayev-nazirl%c9%99r-kabinetinin-yol-h%c9%99r%c9%99k%c9%99ti-t%c9%99hluk%c9%99sizliyi-komissiyasinin-s%c9%99dri-t%c9%99yin-edilib","status":"publish","type":"post","link":"https:\/\/arantv.az\/?p=104951","title":{"rendered":"\u015eahin Mustafayev Nazirl\u0259r Kabinetinin Yol H\u0259r\u0259k\u0259ti T\u0259hl\u00fck\u0259sizliyi Komissiyas\u0131n\u0131n s\u0259dri t\u0259yin edilib"},"content":{"rendered":"<p><strong>Ba\u015f nazirin m\u00fcavini \u015eahin Mustafayev Nazirl\u0259r Kabinetinin Yol H\u0259r\u0259k\u0259ti T\u0259hl\u00fck\u0259sizliyi Komissiyas\u0131n\u0131n s\u0259dri t\u0259yin edilib.<\/strong><\/p>\n<p><strong>ARANTV.AZ\u00a0<\/strong>\u00a0<a href=\"http:\/\/az.trend.az\/\" target=\"_blank\" rel=\"noopener\">Trend<\/a>-\u0259 istinad\u0259n bildirir ki,\u00a0Ba\u015f nazir \u018fli \u018f\u0259s\u0259dov Nazirl\u0259r Kabinetinin 1994-c\u00fc il 3 mart tarixli 93 n\u00f6mr\u0259li Q\u0259rar\u0131 il\u0259 t\u0259sdiq edilmi\u015f &#8220;Az\u0259rbaycan Respublikas\u0131 Nazirl\u0259r Kabinetinin Yol H\u0259r\u0259k\u0259ti T\u0259hl\u00fck\u0259sizliyi Komissiyas\u0131 \u00fczvl\u0259rinin Siyah\u0131s\u0131&#8221;nda d\u0259yi\u015fiklik edilm\u0259si bar\u0259d\u0259 q\u0259rar imzalay\u0131b. D\u0259yi\u015fikliy\u0259 \u0259sas\u0259n \u015eahin Mustafayev Komissiyan\u0131n s\u0259dri t\u0259yin edilib.<\/p>\n","protected":false},"excerpt":{"rendered":"<p>Ba\u015f nazirin m\u00fcavini \u015eahin Mustafayev Nazirl\u0259r Kabinetinin Yol H\u0259r\u0259k\u0259ti T\u0259hl\u00fck\u0259sizliyi Komissiyas\u0131n\u0131n s\u0259dri t\u0259yin edilib. ARANTV.AZ\u00a0\u00a0Trend-\u0259 istinad\u0259n bildirir ki,\u00a0Ba\u015f nazir \u018fli \u018f\u0259s\u0259dov Nazirl\u0259r Kabinetinin 1994-c\u00fc il 3 mart tarixli 93 n\u00f6mr\u0259li Q\u0259rar\u0131 il\u0259 t\u0259sdiq edilmi\u015f &#8220;Az\u0259rbaycan Respublikas\u0131 Nazirl\u0259r Kabinetinin Yol H\u0259r\u0259k\u0259ti T\u0259hl\u00fck\u0259sizliyi Komissiyas\u0131 \u00fczvl\u0259rinin Siyah\u0131s\u0131&#8221;nda d\u0259yi\u015fiklik edilm\u0259si bar\u0259d\u0259 q\u0259rar imzalay\u0131b. D\u0259yi\u015fikliy\u0259 \u0259sas\u0259n \u015eahin Mustafayev Komissiyan\u0131n s\u0259dri t\u0259yin edilib.<\/p>\n","protected":false},"author":2,"featured_media":104952,"comment_status":"closed","ping_status":"closed","sticky":false,"template":"","format":"standard","meta":{"om_disable_all_campaigns":false,"_monsterinsights_skip_tracking":false,"_monsterinsights_sitenote_active":false,"_monsterinsights_sitenote_note":"","_monsterinsights_sitenote_category":0},"categories":[19],"tags":[],"aioseo_notices":[],"gutentor_comment":0,"rttpg_featured_image_url":{"full":["https:\/\/arantv.az\/wp-content\/uploads\/2019\/12\/808638.jpg",587,440,false],"landscape":["https:\/\/arantv.az\/wp-content\/uploads\/2019\/12\/808638.jpg",587,440,false],"portraits":["https:\/\/arantv.az\/wp-content\/uploads\/2019\/12\/808638.jpg",587,440,false],"thumbnail":["https:\/\/arantv.az\/wp-content\/uploads\/2019\/12\/808638-150x150.jpg",150,150,true],"medium":["https:\/\/arantv.az\/wp-content\/uploads\/2019\/12\/808638-300x225.jpg",300,225,true],"large":["https:\/\/arantv.az\/wp-content\/uploads\/2019\/12\/808638.jpg",587,440,false],"1536x1536":["https:\/\/arantv.az\/wp-content\/uploads\/2019\/12\/808638.jpg",587,440,false],"2048x2048":["https:\/\/arantv.az\/wp-content\/uploads\/2019\/12\/808638.jpg",587,440,false],"post-thumbnail":["https:\/\/arantv.az\/wp-content\/uploads\/2019\/12\/808638-240x172.jpg",240,172,true],"advps-thumb-one":["https:\/\/arantv.az\/wp-content\/uploads\/2019\/12\/808638.jpg",587,440,false]},"rttpg_author":{"display_name":"V\u00fcsal Rafiqo\u011flu","author_link":"https:\/\/arantv.az\/?author=2"},"rttpg_comment":0,"rttpg_category":"<a href=\"https:\/\/arantv.az\/?cat=19\" rel=\"category\">G\u00fcnd\u0259m<\/a>","rttpg_excerpt":"Ba\u015f nazirin m\u00fcavini \u015eahin Mustafayev Nazirl\u0259r Kabinetinin Yol H\u0259r\u0259k\u0259ti T\u0259hl\u00fck\u0259sizliyi Komissiyas\u0131n\u0131n s\u0259dri t\u0259yin edilib. ARANTV.AZ\u00a0\u00a0Trend-\u0259 istinad\u0259n bildirir ki,\u00a0Ba\u015f nazir \u018fli \u018f\u0259s\u0259dov Nazirl\u0259r Kabinetinin 1994-c\u00fc il 3 mart tarixli 93 n\u00f6mr\u0259li Q\u0259rar\u0131 il\u0259 t\u0259sdiq edilmi\u015f &#8220;Az\u0259rbaycan Respublikas\u0131 Nazirl\u0259r Kabinetinin Yol H\u0259r\u0259k\u0259ti T\u0259hl\u00fck\u0259sizliyi Komissiyas\u0131 \u00fczvl\u0259rinin Siyah\u0131s\u0131&#8221;nda d\u0259yi\u015fiklik edilm\u0259si bar\u0259d\u0259 q\u0259rar imzalay\u0131b. D\u0259yi\u015fikliy\u0259 \u0259sas\u0259n \u015eahin Mustafayev Komissiyan\u0131n s\u0259dri&hellip;","_links":{"self":[{"href":"https:\/\/arantv.az\/index.php?rest_route=\/wp\/v2\/posts\/104951"}],"collection":[{"href":"https:\/\/arantv.az\/index.php?rest_route=\/wp\/v2\/posts"}],"about":[{"href":"https:\/\/arantv.az\/index.php?rest_route=\/wp\/v2\/types\/post"}],"author":[{"embeddable":true,"href":"https:\/\/arantv.az\/index.php?rest_route=\/wp\/v2\/users\/2"}],"replies":[{"embeddable":true,"href":"https:\/\/arantv.az\/index.php?rest_route=%2Fwp%2Fv2%2Fcomments&post=104951"}],"version-history":[{"count":0,"href":"https:\/\/arantv.az\/index.php?rest_route=\/wp\/v2\/posts\/104951\/revisions"}],"wp:featuredmedia":[{"embeddable":true,"href":"https:\/\/arantv.az\/index.php?rest_route=\/wp\/v2\/media\/104952"}],"wp:attachment":[{"href":"https:\/\/arantv.az\/index.php?rest_route=%2Fwp%2Fv2%2Fmedia&parent=104951"}],"wp:term":[{"taxonomy":"category","embeddable":true,"href":"https:\/\/arantv.az\/index.php?rest_route=%2Fwp%2Fv2%2Fcategories&post=104951"},{"taxonomy":"post_tag","embeddable":true,"href":"https:\/\/arantv.az\/index.php?rest_route=%2Fwp%2Fv2%2Ftags&post=104951"}],"curies":[{"name":"wp","href":"https:\/\/api.w.org\/{rel}","templated":true}]}}