{"id":105015,"date":"2019-12-09T08:18:58","date_gmt":"2019-12-09T05:18:58","guid":{"rendered":"http:\/\/arantv.az\/?p=105015"},"modified":"2019-12-09T08:18:58","modified_gmt":"2019-12-09T05:18:58","slug":"b%c9%99rd%c9%99d%c9%99-bir-ail%c9%99-d%c9%99m-qazindan-z%c9%99h%c9%99rl%c9%99nib-azyasli-usaq-olub","status":"publish","type":"post","link":"https:\/\/arantv.az\/?p=105015","title":{"rendered":"B\u0259rd\u0259d\u0259 bir ail\u0259 d\u0259m qaz\u0131ndan z\u0259h\u0259rl\u0259nib, azya\u015fl\u0131 u\u015faq \u00f6l\u00fcb"},"content":{"rendered":"<p>B\u0259rd\u0259 rayonunda b\u0259db\u0259xt hadis\u0259 ba\u015f verib.<\/p>\n<p>Hadis\u0259 rayonun T\u0259briz k\u00fc\u00e7\u0259sind\u0259 qeyd\u0259 al\u0131n\u0131b. 2013-cu il t\u0259v\u0259ll\u00fcdl\u00fc rayon sakini H\u00fcseynli Ay\u015f\u0259 Etibar q\u0131z\u0131 hamamda \u00e7im\u0259rk\u0259n d\u0259m qaz\u0131ndan z\u0259h\u0259rl\u0259n\u0259r\u0259k \u00f6l\u00fcb. Hadis\u0259 zaman\u0131 u\u015fa\u011f\u0131n Anas\u0131 Aynur M\u0259mm\u0259dova da hamam ota\u011f\u0131nda olub.<\/p>\n<p>Qad\u0131n z\u0259h\u0259rl\u0259nm\u0259 diaqnozu il\u0259 rayon m\u0259rk\u0259zi x\u0259st\u0259xanas\u0131na yerl\u0259\u015fdirilib. V\u0259ziyy\u0259ti a\u011f\u0131r olaraq qal\u0131r.<\/p>\n<p>Faktla ba\u011fl\u0131 rayon Prokurorlu\u011funda ara\u015fd\u0131rmalar davam etdirilir.(oxu)<\/p>\n","protected":false},"excerpt":{"rendered":"<p>B\u0259rd\u0259 rayonunda b\u0259db\u0259xt hadis\u0259 ba\u015f verib. Hadis\u0259 rayonun T\u0259briz k\u00fc\u00e7\u0259sind\u0259 qeyd\u0259 al\u0131n\u0131b. 2013-cu il t\u0259v\u0259ll\u00fcdl\u00fc rayon sakini H\u00fcseynli Ay\u015f\u0259 Etibar q\u0131z\u0131 hamamda \u00e7im\u0259rk\u0259n d\u0259m qaz\u0131ndan z\u0259h\u0259rl\u0259n\u0259r\u0259k \u00f6l\u00fcb. Hadis\u0259 zaman\u0131 u\u015fa\u011f\u0131n Anas\u0131 Aynur M\u0259mm\u0259dova da hamam ota\u011f\u0131nda olub. Qad\u0131n z\u0259h\u0259rl\u0259nm\u0259 diaqnozu il\u0259 rayon m\u0259rk\u0259zi x\u0259st\u0259xanas\u0131na yerl\u0259\u015fdirilib. V\u0259ziyy\u0259ti a\u011f\u0131r olaraq qal\u0131r. Faktla ba\u011fl\u0131 rayon Prokurorlu\u011funda ara\u015fd\u0131rmalar davam etdirilir.(oxu)<\/p>\n","protected":false},"author":2,"featured_media":105016,"comment_status":"closed","ping_status":"closed","sticky":false,"template":"","format":"standard","meta":{"om_disable_all_campaigns":false,"_monsterinsights_skip_tracking":false,"_monsterinsights_sitenote_active":false,"_monsterinsights_sitenote_note":"","_monsterinsights_sitenote_category":0},"categories":[5],"tags":[],"aioseo_notices":[],"gutentor_comment":0,"rttpg_featured_image_url":{"full":["https:\/\/arantv.az\/wp-content\/uploads\/2019\/12\/dem_qazzi3.jpg",620,465,false],"landscape":["https:\/\/arantv.az\/wp-content\/uploads\/2019\/12\/dem_qazzi3.jpg",620,465,false],"portraits":["https:\/\/arantv.az\/wp-content\/uploads\/2019\/12\/dem_qazzi3.jpg",620,465,false],"thumbnail":["https:\/\/arantv.az\/wp-content\/uploads\/2019\/12\/dem_qazzi3-150x150.jpg",150,150,true],"medium":["https:\/\/arantv.az\/wp-content\/uploads\/2019\/12\/dem_qazzi3-300x225.jpg",300,225,true],"large":["https:\/\/arantv.az\/wp-content\/uploads\/2019\/12\/dem_qazzi3.jpg",620,465,false],"1536x1536":["https:\/\/arantv.az\/wp-content\/uploads\/2019\/12\/dem_qazzi3.jpg",620,465,false],"2048x2048":["https:\/\/arantv.az\/wp-content\/uploads\/2019\/12\/dem_qazzi3.jpg",620,465,false],"post-thumbnail":["https:\/\/arantv.az\/wp-content\/uploads\/2019\/12\/dem_qazzi3-240x172.jpg",240,172,true],"advps-thumb-one":["https:\/\/arantv.az\/wp-content\/uploads\/2019\/12\/dem_qazzi3.jpg",620,465,false]},"rttpg_author":{"display_name":"V\u00fcsal Rafiqo\u011flu","author_link":"https:\/\/arantv.az\/?author=2"},"rttpg_comment":0,"rttpg_category":"<a href=\"https:\/\/arantv.az\/?cat=5\" rel=\"category\">Hadis\u0259<\/a>","rttpg_excerpt":"B\u0259rd\u0259 rayonunda b\u0259db\u0259xt hadis\u0259 ba\u015f verib. Hadis\u0259 rayonun T\u0259briz k\u00fc\u00e7\u0259sind\u0259 qeyd\u0259 al\u0131n\u0131b. 2013-cu il t\u0259v\u0259ll\u00fcdl\u00fc rayon sakini H\u00fcseynli Ay\u015f\u0259 Etibar q\u0131z\u0131 hamamda \u00e7im\u0259rk\u0259n d\u0259m qaz\u0131ndan z\u0259h\u0259rl\u0259n\u0259r\u0259k \u00f6l\u00fcb. Hadis\u0259 zaman\u0131 u\u015fa\u011f\u0131n Anas\u0131 Aynur M\u0259mm\u0259dova da hamam ota\u011f\u0131nda olub. Qad\u0131n z\u0259h\u0259rl\u0259nm\u0259 diaqnozu il\u0259 rayon m\u0259rk\u0259zi x\u0259st\u0259xanas\u0131na yerl\u0259\u015fdirilib. V\u0259ziyy\u0259ti a\u011f\u0131r olaraq qal\u0131r. Faktla ba\u011fl\u0131 rayon Prokurorlu\u011funda ara\u015fd\u0131rmalar davam&hellip;","_links":{"self":[{"href":"https:\/\/arantv.az\/index.php?rest_route=\/wp\/v2\/posts\/105015"}],"collection":[{"href":"https:\/\/arantv.az\/index.php?rest_route=\/wp\/v2\/posts"}],"about":[{"href":"https:\/\/arantv.az\/index.php?rest_route=\/wp\/v2\/types\/post"}],"author":[{"embeddable":true,"href":"https:\/\/arantv.az\/index.php?rest_route=\/wp\/v2\/users\/2"}],"replies":[{"embeddable":true,"href":"https:\/\/arantv.az\/index.php?rest_route=%2Fwp%2Fv2%2Fcomments&post=105015"}],"version-history":[{"count":0,"href":"https:\/\/arantv.az\/index.php?rest_route=\/wp\/v2\/posts\/105015\/revisions"}],"wp:featuredmedia":[{"embeddable":true,"href":"https:\/\/arantv.az\/index.php?rest_route=\/wp\/v2\/media\/105016"}],"wp:attachment":[{"href":"https:\/\/arantv.az\/index.php?rest_route=%2Fwp%2Fv2%2Fmedia&parent=105015"}],"wp:term":[{"taxonomy":"category","embeddable":true,"href":"https:\/\/arantv.az\/index.php?rest_route=%2Fwp%2Fv2%2Fcategories&post=105015"},{"taxonomy":"post_tag","embeddable":true,"href":"https:\/\/arantv.az\/index.php?rest_route=%2Fwp%2Fv2%2Ftags&post=105015"}],"curies":[{"name":"wp","href":"https:\/\/api.w.org\/{rel}","templated":true}]}}